{"id":168784,"date":"2025-06-11T17:42:11","date_gmt":"2025-06-11T17:42:11","guid":{"rendered":"https:\/\/www.europesays.com\/fr\/168784\/"},"modified":"2025-06-11T17:42:11","modified_gmt":"2025-06-11T17:42:11","slug":"archeologie-les-grandes-decouvertes-des-fouilles-preventives-de-la355-dans-une-exposition-a-strasbourg","status":"publish","type":"post","link":"https:\/\/www.europesays.com\/fr\/168784\/","title":{"rendered":"Arch\u00e9ologie. Les grandes d\u00e9couvertes des fouilles pr\u00e9ventives de l\u2019A355 dans une exposition \u00e0 Strasbourg"},"content":{"rendered":"<p>                    Les fouilles<\/p>\n<p>Les fouilles se sont d\u00e9roul\u00e9es sur le futur chantier du Contournement Ouest de Strasbourg, soit 24 kilom\u00e8tres de route de Geudertheim au nord \u00e0 Duttlenheim au sud. Des d\u00e9couvertes plus anciennes sur le trac\u00e9 ferroviaire de la ligne \u00e0 grande vitesse, de Saverne \u00e0 l\u2019entr\u00e9e du Kochersberg, auguraient de trouvailles d\u00e9terminantes sur le secteur emprunt\u00e9 par la future autoroute.<\/p>\n<p>Il y a d\u2019abord eu une phase de diagnostics, rappelle Bertrand B\u00e9hague, du service r\u00e9gional de l\u2019arch\u00e9ologie de la Direction r\u00e9gionale des affaires culturelles du Grand Est, co-commissaire de l\u2019exposition. Il n\u2019y a pas de temps d\u00e9fini mais en g\u00e9n\u00e9ral il est possible de sonder un hectare par jour avec une pelle m\u00e9canique. Les 400 hectares d\u2019emprise du chantier ont mobilis\u00e9 simultan\u00e9ment six \u00e9quipes, de novembre\u00a02016 \u00e0&#8230;<\/p>\n","protected":false},"excerpt":{"rendered":"Les fouilles Les fouilles se sont d\u00e9roul\u00e9es sur le futur chantier du Contournement Ouest de Strasbourg, soit 24&hellip;\n","protected":false},"author":2,"featured_media":168785,"comment_status":"","ping_status":"","sticky":false,"template":"","format":"standard","meta":{"footnotes":""},"categories":[2820],"tags":[1111,11,2389,1687,2880,1777,674,2271,107,1011,27,775,12,2661,25,640,2879],"class_list":{"0":"post-168784","1":"post","2":"type-post","3":"status-publish","4":"format-standard","5":"has-post-thumbnail","7":"category-strasbourg","8":"tag-actu","9":"tag-actualites","10":"tag-alsace","11":"tag-culture-loisirs","12":"tag-edition-strasbourg","13":"tag-eu","14":"tag-europe","15":"tag-exposition-arts-plastiques","16":"tag-fil-info","17":"tag-fr","18":"tag-france","19":"tag-grand-est","20":"tag-news","21":"tag-patrimoine-culturel","22":"tag-republique-francaise","23":"tag-strasbourg","24":"tag-strasbourg-ville"},"share_on_mastodon":{"url":"https:\/\/pubeurope.com\/@fr\/114665969704572247","error":""},"_links":{"self":[{"href":"https:\/\/www.europesays.com\/fr\/wp-json\/wp\/v2\/posts\/168784","targetHints":{"allow":["GET"]}}],"collection":[{"href":"https:\/\/www.europesays.com\/fr\/wp-json\/wp\/v2\/posts"}],"about":[{"href":"https:\/\/www.europesays.com\/fr\/wp-json\/wp\/v2\/types\/post"}],"author":[{"embeddable":true,"href":"https:\/\/www.europesays.com\/fr\/wp-json\/wp\/v2\/users\/2"}],"replies":[{"embeddable":true,"href":"https:\/\/www.europesays.com\/fr\/wp-json\/wp\/v2\/comments?post=168784"}],"version-history":[{"count":0,"href":"https:\/\/www.europesays.com\/fr\/wp-json\/wp\/v2\/posts\/168784\/revisions"}],"wp:featuredmedia":[{"embeddable":true,"href":"https:\/\/www.europesays.com\/fr\/wp-json\/wp\/v2\/media\/168785"}],"wp:attachment":[{"href":"https:\/\/www.europesays.com\/fr\/wp-json\/wp\/v2\/media?parent=168784"}],"wp:term":[{"taxonomy":"category","embeddable":true,"href":"https:\/\/www.europesays.com\/fr\/wp-json\/wp\/v2\/categories?post=168784"},{"taxonomy":"post_tag","embeddable":true,"href":"https:\/\/www.europesays.com\/fr\/wp-json\/wp\/v2\/tags?post=168784"}],"curies":[{"name":"wp","href":"https:\/\/api.w.org\/{rel}","templated":true}]}}