{"id":168790,"date":"2025-06-11T17:45:10","date_gmt":"2025-06-11T17:45:10","guid":{"rendered":"https:\/\/www.europesays.com\/fr\/168790\/"},"modified":"2025-06-11T17:45:10","modified_gmt":"2025-06-11T17:45:10","slug":"la-ville-de-nice-va-distribuer-un-kit-de-fournitures-scolaires-pour-les-eleves-de-ses-ecoles-elementaires","status":"publish","type":"post","link":"https:\/\/www.europesays.com\/fr\/168790\/","title":{"rendered":"La Ville de Nice va distribuer un kit de fournitures scolaires pour les \u00e9l\u00e8ves de ses \u00e9coles \u00e9l\u00e9mentaires"},"content":{"rendered":"<p>Oubliez la liste des fournitures scolaires \u00e0 acheter pendant les vacances d\u2019\u00e9t\u00e9. Les enfants des \u00e9coles \u00e9l\u00e9mentaires publiques et priv\u00e9es, sous contrat de la Ville de Nice, vont recevoir un kit pour la rentr\u00e9e prochaine.<\/p>\n<p>Un mail d\u2019information a \u00e9t\u00e9 envoy\u00e9 \u00e0 tous les parents d\u2019\u00e9l\u00e8ves, le 10 juin, dans l\u2019apr\u00e8s-midi. Dans la tr\u00e8s grande majorit\u00e9, les r\u00e9actions sont bonnes mais quelques voix s\u2019\u00e9l\u00e8vent pour temp\u00e9rer.<\/p>\n<p>Du c\u00f4t\u00e9 des parents, c\u2019est une \u00ab\u00a0excellente nouvelle\u00a0\u00bb. <\/p>\n<p>Pour Fanny, maman d\u2019un \u00e9colier de la Mantega: \u00ab\u00a0C\u2019est toujours \u00e7a de pris! C\u2019est un budget que je priorise chaque ann\u00e9e. Et les enseignantes de l\u2019\u00e9cole o\u00f9 est mon fils font toujours attention \u00e0 ne pas faire de trop longues listes pour que cela ne revienne pas trop cher aux parents. Pour les cahiers, c\u2019est l\u2019\u00e9cole qui les donne, je pense que \u00e7a ne va pas changer \u2013 sinon \u00e7a n\u2019aurait pas de sens d\u2019ailleurs.\u00a0\u00bb<\/p>\n<p>Effectivement, rien ne va bouger de ce point de vue l\u00e0. Dans le courrier adress\u00e9 aux familles, le maire de Nice, Christian Estrosi, rappelle bien que \u00ab\u00a0les cr\u00e9dits p\u00e9dagogiques habituels allou\u00e9s par la Ville \u00e0 chaque direction d\u2019\u00e9cole (pour financer les supports p\u00e9dagogiques, fichiers, livres, jeux, papeterie&#8230;) seront maintenus \u00e0 la m\u00eame hauteur que les ann\u00e9es pr\u00e9c\u00e9dentes. Cette initiative vient en compl\u00e9ment et ne se substitue pas aux ressources p\u00e9dagogiques d\u00e9j\u00e0 pr\u00e9vues\u00a0\u00bb.<\/p>\n<p>Pour \u00e9viter la stigmatisation<\/p>\n<p>Laura, qui a deux bambins \u00e0 Saint-Barth\u00e9l\u00e9my (public), se r\u00e9jouit, elle aussi: \u00ab\u00a0Je ne vais pas devoir passer des heures dans les magasins pendant l\u2019\u00e9t\u00e9. Bon, je sais qu\u2019il faudra compl\u00e9ter avec des feutres d\u2019ardoises et des tubes de colle parce qu\u2019on nous en demande toujours beaucoup, y compris en cours d\u2019ann\u00e9e quand ils sont termin\u00e9s, mais je ne serai pas press\u00e9e.\u00a0\u00bb<\/p>\n<p>Les deux femmes confient avoir les moyens d\u2019acheter les fournitures et toutes deux n\u2019auraient \u00ab\u00a0pas trouv\u00e9 \u00e0 redire s\u2019il y avait eu une condition de revenus\u00a0\u00bb.<\/p>\n<p>Toutefois Laura analyse: \u00ab\u00a0C\u2019est bien que tous les enfants aient le m\u00eame kit, car s\u2019ils n\u2019avaient \u00e9t\u00e9 distribu\u00e9s qu\u2019aux moins ais\u00e9s, ils se seraient peut-\u00eatre sentis stigmatis\u00e9s. Et j\u2019imagine qu\u2019avec les achats group\u00e9s, cela revient bien moins cher \u00e0 la Ville qu\u2019aux familles, si elles avaient fait leurs courses elles-m\u00eames. Je me r\u00e9jouis de voir que Nice suit l\u2019exemple de grandes villes de gauche comme Lille, Paris ou Marseille.\u00a0\u00bb<\/p>\n<p>Le pr\u00e9sident de l\u2019association Tous Citoyens, David Nakache, qui participe depuis 7 ans \u00e0 des distributions de fournitures aux plus d\u00e9munis (1), salue cette mesure qu\u2019il a apprise \u00ab\u00a0avec une tr\u00e8s grande satisfaction\u00a0\u00bb et \u00ab\u00a0demande au maire de l\u2019\u00e9tendre aux maternelles\u00a0\u00bb.<\/p>\n<p>Il va plus loin: \u00ab\u00a0Nous encourageons l\u2019ensemble des maires des Alpes-Maritimes \u00e0 faire la m\u00eame chose, pour ceux qui ne le feraient pas encore. Il n\u2019y a pas de cadre l\u00e9gal qui impose que l\u2019\u00e9cole publique soit effectivement gratuite dans le sens o\u00f9 les \u00e9l\u00e8ves doivent acheter du mat\u00e9riel. Or l\u2019allocation de rentr\u00e9e scolaire ne suffit souvent pas pour financer tout ce qui est demand\u00e9, notamment pour les jeunes en fili\u00e8re professionnelle: le trousseau de l\u2019apprentissage peut \u00eatre on\u00e9reux et engendrer des difficult\u00e9s. C\u2019est la raison pour laquelle nous allons \u00e9crire au conseil d\u00e9partemental et au conseil r\u00e9gional afin qu\u2019ils puissent \u00e9galement fournir un kit de fournitures de base aux coll\u00e9giens et aux lyc\u00e9ens. Nous incitons fortement les candidats aux prochaines [\u00e9lections] municipales \u00e0 inscrire la distribution de mat\u00e9riel scolaire dans leurs programmes.\u00a0\u00bb<\/p>\n<p>\u00ab\u00a0Une man\u0153uvre \u00e9lectorale grossi\u00e8re\u00a0\u00bb<\/p>\n<p>Le chef de file du parti communiste local, Julien Picot, approuve l\u2019id\u00e9e de fournir des kits aux familles \u2013 \u00ab\u00a0toute aide aux familles est bienvenue\u00a0\u00bb &#8211; mais persifle: \u00ab\u00a0Si le kit \u00e9tait distribu\u00e9 chaque ann\u00e9e, d\u2019accord, mais \u00e0 quelques mois des \u00e9lections municipales, il y a de quoi s\u2019interroger. Mais ce changement brutal de politique, in\u00e9dit depuis toutes les ann\u00e9es de mandat de M. Estrosi, n\u2019a rien de fortuit. Il s\u2019agit d\u2019une man\u0153uvre \u00e9lectorale grossi\u00e8re \u00e0 vis\u00e9e \u00e9lectorale.\u00a0\u00bb<\/p>\n<p>Juliette Chesnel-Leroux, cheffe de file des \u00c9cologistes au conseil municipal, admet que \u00ab\u00a0cela compl\u00e9tera un peu le ch\u00e8que rentr\u00e9e scolaire, m\u00eame s\u2019il manque un cahier de texte\u00a0\u00bb, tout en raillant: \u00ab\u00a0C\u2019est une bonne op\u00e9ration de communication \u00e0 un an des \u00e9lections\u00a0\u00bb.<\/p>\n<p>Pour rappel, le maire de Nice avait annonc\u00e9 sa volont\u00e9 de mettre en place cette mesure lors du festin du maire, le 6 septembre 2024.<\/p>\n<p>\u00ab\u00a0Quand je vois que la rentr\u00e9e, \u00e7a co\u00fbte si cher aux familles, je me dis qu\u2019on ne peut pas rester les bras crois\u00e9s, avait-il annonc\u00e9. Surtout pas en cette p\u00e9riode de perte de pouvoir d\u2019achat. Voil\u00e0 pourquoi, \u00e0 la rentr\u00e9e 2025, je compte m\u2019emparer aussi de ce sujet et donner un vrai coup de pouce aux familles pour les fournitures.\u00a0\u00bb<\/p>\n<p>Le sujet avait \u00e9galement \u00e9t\u00e9 \u00e9voqu\u00e9 lors du d\u00e9bat d\u2019orientation budg\u00e9taire de la commune pour l\u2019ann\u00e9e 2025, le 18 octobre 2024.<\/p>\n<p>1- Les associations qui distribuaient jusqu\u2019alors les fournitures sont ADN, Cent Pour Un 06, Habitat et Citoyennet\u00e9, Roya citoyenne, Touscitoyens, Vall\u00e9es solidaires 06 et le R\u00e9seau \u00e9ducation Sans Fronti\u00e8res 06.<\/p>\n<p>Elles ont publi\u00e9 un communiqu\u00e9 commun, tel qu\u2019\u00e9voqu\u00e9 par David Nakache, et r\u00e9fl\u00e9chissent sur le type d\u2019aide qu\u2019elles fourniront \u00e0 la rentr\u00e9e, eu \u00e9gard \u00e0 cette nouvelle mesure.<\/p>\n<p>            Ce que contient le kit<\/p>\n<p>Sous forme d\u2019inventaire \u00e0 la Pr\u00e9vert, voici ce que contient le kit de fournitures : un sac \u00e0 dos pratique notamment pour les sorties, une r\u00e8gle de 20 cm, trois stylos (bleu, noir, rouge), deux crayons gris HB, une gomme, un taille-crayon avec r\u00e9serve, deux b\u00e2tons de colle, un \u00e9tui de 12 crayons couleurs, un \u00e9tui de 12 feutres couleurs, une ardoise effa\u00e7able et deux feutres pour ardoise effa\u00e7able.<\/p>\n<p>Le mat\u00e9riel sera remis \u00e0 chaque \u00e9cole d\u2019ici \u00e0 la fin du mois de juin. Chaque \u00e9tablissement distribuera ensuite les fournitures, sans date pr\u00e9cise.<\/p>\n<p>Les premiers bambins servis seront ceux de Fabron \u00e0 qui Christian Estrosi viendra donner les kits ce vendredi 13 juin 2025.<\/p>\n","protected":false},"excerpt":{"rendered":"Oubliez la liste des fournitures scolaires \u00e0 acheter pendant les vacances d\u2019\u00e9t\u00e9. Les enfants des \u00e9coles \u00e9l\u00e9mentaires publiques&hellip;\n","protected":false},"author":2,"featured_media":168791,"comment_status":"","ping_status":"","sticky":false,"template":"","format":"standard","meta":{"footnotes":""},"categories":[2819],"tags":[1111,11,1057,1777,674,332,1011,27,12,2401,882,25,3366],"class_list":{"0":"post-168790","1":"post","2":"type-post","3":"status-publish","4":"format-standard","5":"has-post-thumbnail","7":"category-nice","8":"tag-actu","9":"tag-actualites","10":"tag-education","11":"tag-eu","12":"tag-europe","13":"tag-faits-de-societe","14":"tag-fr","15":"tag-france","16":"tag-news","17":"tag-nice","18":"tag-provence-alpes-cote-dazur","19":"tag-republique-francaise","20":"tag-vie-locale"},"share_on_mastodon":{"url":"https:\/\/pubeurope.com\/@fr\/114665981460831758","error":""},"_links":{"self":[{"href":"https:\/\/www.europesays.com\/fr\/wp-json\/wp\/v2\/posts\/168790","targetHints":{"allow":["GET"]}}],"collection":[{"href":"https:\/\/www.europesays.com\/fr\/wp-json\/wp\/v2\/posts"}],"about":[{"href":"https:\/\/www.europesays.com\/fr\/wp-json\/wp\/v2\/types\/post"}],"author":[{"embeddable":true,"href":"https:\/\/www.europesays.com\/fr\/wp-json\/wp\/v2\/users\/2"}],"replies":[{"embeddable":true,"href":"https:\/\/www.europesays.com\/fr\/wp-json\/wp\/v2\/comments?post=168790"}],"version-history":[{"count":0,"href":"https:\/\/www.europesays.com\/fr\/wp-json\/wp\/v2\/posts\/168790\/revisions"}],"wp:featuredmedia":[{"embeddable":true,"href":"https:\/\/www.europesays.com\/fr\/wp-json\/wp\/v2\/media\/168791"}],"wp:attachment":[{"href":"https:\/\/www.europesays.com\/fr\/wp-json\/wp\/v2\/media?parent=168790"}],"wp:term":[{"taxonomy":"category","embeddable":true,"href":"https:\/\/www.europesays.com\/fr\/wp-json\/wp\/v2\/categories?post=168790"},{"taxonomy":"post_tag","embeddable":true,"href":"https:\/\/www.europesays.com\/fr\/wp-json\/wp\/v2\/tags?post=168790"}],"curies":[{"name":"wp","href":"https:\/\/api.w.org\/{rel}","templated":true}]}}