{"id":168792,"date":"2025-06-11T17:46:18","date_gmt":"2025-06-11T17:46:18","guid":{"rendered":"https:\/\/www.europesays.com\/fr\/168792\/"},"modified":"2025-06-11T17:46:18","modified_gmt":"2025-06-11T17:46:18","slug":"des-produits-de-chez-casa-destockes-dans-un-magasin-noz-voici-la-date-darrivage","status":"publish","type":"post","link":"https:\/\/www.europesays.com\/fr\/168792\/","title":{"rendered":"des produits de chez Casa d\u00e9stock\u00e9s dans un magasin Noz, voici la date d&rsquo;arrivage"},"content":{"rendered":"<p>            Par<br \/>\n        <strong><br \/>\n            <a href=\"https:\/\/actu.fr\/auteur\/clemence-pays02-actu-fr\" title=\"Consulter tous les articles de Cl\u00e9mence Pays\" target=\"_blank\" rel=\"noopener\">Cl\u00e9mence Pays<\/a><br \/>\n        <\/strong><\/p>\n<p>        Publi\u00e9 le<\/p>\n<p>            11 juin 2025 \u00e0 18h36        <\/p>\n<p>En mai\u00a02025, Noz a annonc\u00e9 le <strong>rachat exceptionnel de 6,5\u00a0millions de produits<\/strong> issus de l\u2019enseigne <strong>Casa Belgique.<\/strong> La branche belge du sp\u00e9cialiste de la d\u00e9coration d\u2019int\u00e9rieur avait fait <strong>faillite<\/strong> en mars\u00a02025.<\/p>\n<p class=\" wall-content\">\u00ab\u2009Noz a rachet\u00e9 aupr\u00e8s des curateurs Belges de la SA Casa International, le stock des 63 magasins belges et de deux entrep\u00f4ts constituant<strong> le plus gros rachat historique<\/strong> pour le d\u00e9stockeur\u2009\u00bb, a indiqu\u00e9 Noz dans un communiqu\u00e9 de presse adress\u00e9 \u00e0 <a href=\"https:\/\/actu.fr\/nantes\/\" target=\"_blank\" rel=\"noopener\">actu Nantes<\/a>.<\/p>\n<p>Des arrivages \u00e0 \u2013 60\u2009%<\/p>\n<p class=\" wall-content\">Les premiers arrivages ont d\u00e9j\u00e0 \u00e9t\u00e9 envoy\u00e9s dans plusieurs magasins Noz de France <strong>\u00ab\u2009\u00e0 \u2013 60\u2009% du prix initial Casa\u2009\u00bb.<\/strong><\/p>\n<p class=\" wall-content\">En Loire-Atlantique, le magasin d\u2019Ancenis a d\u00e9j\u00e0 re\u00e7u son stock d\u00e9but juin. Selon nos informations, un nouvel arrivage est programm\u00e9 dans le magasin de <a href=\"https:\/\/actu.fr\/pays-de-la-loire\/saint-herblain_44162\" target=\"_blank\" rel=\"noopener\">Saint-Herblain<\/a>, pr\u00e8s de Nantes,<strong> jeudi 26\u00a0juin 2025.<\/strong><\/p>\n<p><strong>Infos pratiques\u2009:<\/strong><br \/>Noz, 369 route de Vannes, Saint-Herblain (Loire-Atlantique).<br \/>Ouvert du lundi au samedi, de 9\u2009h \u00e0 19\u2009h\u200930.<\/p>\n<p class=\" wall-content\">Suivez toute l\u2019actualit\u00e9 de vos villes et m\u00e9dias favoris en vous inscrivant \u00e0 <a href=\"https:\/\/moncompte.actu.fr\" title=\"D\u00e9couvez Mon Actu\" rel=\"nofollow noopener\" data-trk=\"{&quot;cta&quot;:{&quot;action&quot;:&quot;https:\\\/\\\/moncompte.actu.fr&quot;,&quot;category&quot;:&quot;mon compte&quot;,&quot;from&quot;:&quot;article footer&quot;,&quot;name&quot;:&quot;Mon actu&quot;,&quot;type&quot;:&quot;cta&quot;}}\" target=\"_blank\">Mon Actu<\/a>.<\/p>\n","protected":false},"excerpt":{"rendered":"Par Cl\u00e9mence Pays Publi\u00e9 le 11 juin 2025 \u00e0 18h36 En mai\u00a02025, Noz a annonc\u00e9 le rachat exceptionnel&hellip;\n","protected":false},"author":2,"featured_media":168793,"comment_status":"","ping_status":"","sticky":false,"template":"","format":"standard","meta":{"footnotes":""},"categories":[2818],"tags":[1111,11,215,33,1777,674,1011,27,766,12,22564,2636,25],"class_list":{"0":"post-168792","1":"post","2":"type-post","3":"status-publish","4":"format-standard","5":"has-post-thumbnail","7":"category-nantes","8":"tag-actu","9":"tag-actualites","10":"tag-commerce","11":"tag-economie","12":"tag-eu","13":"tag-europe","14":"tag-fr","15":"tag-france","16":"tag-nantes","17":"tag-news","18":"tag-noz","19":"tag-pays-de-la-loire","20":"tag-republique-francaise"},"share_on_mastodon":{"url":"https:\/\/pubeurope.com\/@fr\/114665985436318535","error":""},"_links":{"self":[{"href":"https:\/\/www.europesays.com\/fr\/wp-json\/wp\/v2\/posts\/168792","targetHints":{"allow":["GET"]}}],"collection":[{"href":"https:\/\/www.europesays.com\/fr\/wp-json\/wp\/v2\/posts"}],"about":[{"href":"https:\/\/www.europesays.com\/fr\/wp-json\/wp\/v2\/types\/post"}],"author":[{"embeddable":true,"href":"https:\/\/www.europesays.com\/fr\/wp-json\/wp\/v2\/users\/2"}],"replies":[{"embeddable":true,"href":"https:\/\/www.europesays.com\/fr\/wp-json\/wp\/v2\/comments?post=168792"}],"version-history":[{"count":0,"href":"https:\/\/www.europesays.com\/fr\/wp-json\/wp\/v2\/posts\/168792\/revisions"}],"wp:featuredmedia":[{"embeddable":true,"href":"https:\/\/www.europesays.com\/fr\/wp-json\/wp\/v2\/media\/168793"}],"wp:attachment":[{"href":"https:\/\/www.europesays.com\/fr\/wp-json\/wp\/v2\/media?parent=168792"}],"wp:term":[{"taxonomy":"category","embeddable":true,"href":"https:\/\/www.europesays.com\/fr\/wp-json\/wp\/v2\/categories?post=168792"},{"taxonomy":"post_tag","embeddable":true,"href":"https:\/\/www.europesays.com\/fr\/wp-json\/wp\/v2\/tags?post=168792"}],"curies":[{"name":"wp","href":"https:\/\/api.w.org\/{rel}","templated":true}]}}