{"id":168802,"date":"2025-06-11T17:51:11","date_gmt":"2025-06-11T17:51:11","guid":{"rendered":"https:\/\/www.europesays.com\/fr\/168802\/"},"modified":"2025-06-11T17:51:11","modified_gmt":"2025-06-11T17:51:11","slug":"ces-manif-sont-desormais-interdites-dans-le-centre-de-toulouse","status":"publish","type":"post","link":"https:\/\/www.europesays.com\/fr\/168802\/","title":{"rendered":"ces manif&rsquo; sont d\u00e9sormais interdites dans le centre de Toulouse"},"content":{"rendered":"<p>            Par<br \/>\n        <strong><br \/>\n            <a href=\"https:\/\/actu.fr\/auteur\/marie-lamarque\" title=\"Consulter tous les articles de Marie Lamarque\" rel=\"nofollow noopener\" target=\"_blank\">Marie Lamarque<\/a><br \/>\n        <\/strong><\/p>\n<p>        Publi\u00e9 le<\/p>\n<p>            11 juin 2025 \u00e0 19h29        <\/p>\n<p>Dans un contexte de tensions apr\u00e8s <a href=\"https:\/\/actu.fr\/monde\/israel-a-intercepte-le-voilier-pour-gaza-les-autorites-invitent-les-passagers-a-retourner-dans-leur-pays_62746011.html\" rel=\"nofollow noopener\" target=\"_blank\">l\u2019interception du bateau humanitaire Madleen<\/a> qui faisait route vers Gaza, les manifestations se sont multipli\u00e9es en France. <a href=\"https:\/\/actu.fr\/toulouse\/\" rel=\"nofollow noopener\" target=\"_blank\">Toulouse<\/a> n\u2019a pas \u00e9chapp\u00e9 \u00e0 la r\u00e8gle. <a href=\"https:\/\/actu.fr\/occitanie\/toulouse_31555\/moudenc-t-mort-a-toulouse-le-capitole-tague-en-marge-d-une-manifestation-pro-palestinienne_62749196.html\" rel=\"nofollow noopener\" target=\"_blank\">Ce lundi 9 juin 2025, lors d\u2019un rassemblement pro-Palestine<\/a>, des tags et des <strong>menaces de mort<\/strong> ont \u00e9t\u00e9 inscrits sur la fa\u00e7ade du Capitole.<\/p>\n<p class=\" wall-content\">Un nouveau mouvement s\u2019est organis\u00e9 sur la plus c\u00e9l\u00e8bre place de la Ville rose. Depuis ce mardi soir, <a href=\"https:\/\/actu.fr\/occitanie\/toulouse_31555\/ils-occupent-gaza-on-occupe-le-capitole-une-centaine-de-manifestants-mobilises-a-toulouse_62757932.html\" rel=\"nofollow noopener\" target=\"_blank\">des militants occupent le lieu<\/a>. Ce mercredi, les forces de l\u2019ordre les emp\u00eachent d\u2019approcher le monument.<\/p>\n<p class=\" wall-content\"><strong>Ces rassemblements sont d\u00e9sormais interdits<\/strong>. La pr\u00e9fecture a pris un arr\u00eat\u00e9 ce mercredi 11 juin. Ce qu\u2019il faut savoir.<\/p>\n<p>Un secteur de l\u2019hypercentre concern\u00e9<\/p>\n<p class=\" wall-content\">Depuis ce mercredi, 17h et jusqu\u2019\u00e0 6h du matin ce jeudi, les \u00ab\u00a0rassemblements revendicatifs non d\u00e9clar\u00e9s\u00a0\u00bb sont proscrits dans l\u2019hypercentre. Une r\u00e8gle que le pr\u00e9fet veut \u00e9galement faire appliquer ce jeudi, de 17h \u00e0 6h vendredi matin.<\/p>\n<p class=\" wall-content\">Elle ne vaut que dans un p\u00e9rim\u00e8tre de l\u2019hypercentre de la Ville rose :<\/p>\n<p>Vid\u00e9os : en ce moment sur Actu<\/p>\n<ul class=\" wall-content\">\n<li><strong>rond-point du Boulingrin ;<\/strong><\/li>\n<li><strong>all\u00e9es Jules Guesde ;<\/strong><\/li>\n<li><strong>all\u00e9es Paul Feuga ;<\/strong><\/li>\n<li><strong>pont Saint-Michel ;<\/strong><\/li>\n<li><strong>all\u00e9es Charles de Fitte ;<\/strong><\/li>\n<li><strong>pont des Catalans ;<\/strong><\/li>\n<li><strong>avenue Paul S\u00e9journ\u00e9 ;<\/strong><\/li>\n<li><strong>boulevard Lascrosses ;<\/strong><\/li>\n<li><strong>boulevard d\u2019Arcole ;<\/strong><\/li>\n<li><strong>boulevard de Strasbourg ;<\/strong><\/li>\n<li><strong>boulevard Lazare Carnot ;<\/strong><\/li>\n<li><strong>all\u00e9e Forain Fran\u00e7ois Verdier.<\/strong><\/li>\n<\/ul>\n<p>Des \u00ab\u00a0d\u00e9bordements\u00a0\u00bb ces derniers jours<\/p>\n<p class=\" wall-content\">La pr\u00e9fecture indique que les rassemblements des derniers jours \u00ab\u00a0ont donn\u00e9 lieu \u00e0 des <strong>d\u00e9bordements<\/strong> et notamment \u00e0 des tags, \u00e0 des slogans hostiles aux forces de l\u2019ordre et aux \u00e9lus de la R\u00e9publique\u00a0\u00bb.<\/p>\n<p class=\" wall-content\">Et d\u2019ajouter : \u00ab\u00a0d\u2019autres rassemblements revendicatifs non d\u00e9clar\u00e9s sont susceptibles de se produire ce mercredi 11 juin et jeudi 12 juin, dans la soir\u00e9e. Il appartient d\u00e8s lors \u00e0 l\u2019autorit\u00e9 investie du pouvoir de police administrative de concilier l\u2019exercice du droit de manifester avec les imp\u00e9ratifs de l\u2019ordre public\u00a0\u00bb.<\/p>\n<p>Une mobilisation \u00e0 Toulouse ce mercredi soir<\/p>\n<p class=\" wall-content\">\u00c0 Toulouse, les manifestants \u00e9taient encore nombreux \u00e0 occuper la place du Capitole ce jeudi soir, malgr\u00e9 cette interdiction. Un grand drapeau, des chants et des tambours face aux policiers qui, eux aussi, \u00e9taient encore mobilis\u00e9s, comme l\u2019ont constat\u00e9 nos journalistes sur place.\u00a0<\/p>\n<p>    <img   decoding=\"async\" loading=\"lazy\" src=\"https:\/\/www.europesays.com\/fr\/wp-content\/uploads\/2025\/06\/manif-toulouse-palestine-960x640.jpg\" alt=\"Les manifestants mobilis\u00e9s face aux policiers \u00e0 Toulouse ce mercredi soir.\" width=\"960\" height=\"640\"\/><br \/>\n    Les manifestants mobilis\u00e9s face aux policiers \u00e0 Toulouse ce mercredi soir. (\u00a9Mar\u00e9va Laville \/ Actu Toulouse)Ce que risquent les contrevenants<\/p>\n<p class=\" wall-content\">\u00ab\u00a0Toute infraction au pr\u00e9sent arr\u00eat\u00e9 sera r\u00e9prim\u00e9e, s\u2019agissant des organisateurs, dans les conditions fix\u00e9es par <a href=\"https:\/\/www.legifrance.gouv.fr\/codes\/article_lc\/LEGIARTI000006418472\" rel=\"nofollow noopener\" target=\"_blank\">l\u2019article 431-9 du code p\u00e9nal<\/a>, \u00e0 savoir<strong> six mois d\u2019emprisonnement<\/strong> et <strong>7500 euros d\u2019amende<\/strong> et, s\u2019agissant des participants, par l\u2019article R. 644-4 du m\u00eame code, \u00e0 savoir une amende pr\u00e9vue pour les contraventions de quatri\u00e8me classe [soit 750 euros au plus, NDLR]\u00a0\u00bb, pr\u00e9vient la pr\u00e9fecture.<\/p>\n<p class=\" wall-content\">Suivez toute l\u2019actualit\u00e9 de vos villes et m\u00e9dias favoris en vous inscrivant \u00e0 <a href=\"https:\/\/moncompte.actu.fr\" title=\"D\u00e9couvez Mon Actu\" rel=\"nofollow noopener\" data-trk=\"{&quot;cta&quot;:{&quot;action&quot;:&quot;https:\\\/\\\/moncompte.actu.fr&quot;,&quot;category&quot;:&quot;mon compte&quot;,&quot;from&quot;:&quot;article footer&quot;,&quot;name&quot;:&quot;Mon actu&quot;,&quot;type&quot;:&quot;cta&quot;}}\" target=\"_blank\">Mon Actu<\/a>.<\/p>\n","protected":false},"excerpt":{"rendered":"Par Marie Lamarque Publi\u00e9 le 11 juin 2025 \u00e0 19h29 Dans un contexte de tensions apr\u00e8s l\u2019interception du&hellip;\n","protected":false},"author":2,"featured_media":168803,"comment_status":"","ping_status":"","sticky":false,"template":"","format":"standard","meta":{"footnotes":""},"categories":[2816],"tags":[1111,11,1777,674,1011,27,1272,12,2680,25,104,2312],"class_list":{"0":"post-168802","1":"post","2":"type-post","3":"status-publish","4":"format-standard","5":"has-post-thumbnail","7":"category-toulouse","8":"tag-actu","9":"tag-actualites","10":"tag-eu","11":"tag-europe","12":"tag-fr","13":"tag-france","14":"tag-manifestations","15":"tag-news","16":"tag-occitanie","17":"tag-republique-francaise","18":"tag-societe","19":"tag-toulouse"},"share_on_mastodon":{"url":"https:\/\/pubeurope.com\/@fr\/114666005129620899","error":""},"_links":{"self":[{"href":"https:\/\/www.europesays.com\/fr\/wp-json\/wp\/v2\/posts\/168802","targetHints":{"allow":["GET"]}}],"collection":[{"href":"https:\/\/www.europesays.com\/fr\/wp-json\/wp\/v2\/posts"}],"about":[{"href":"https:\/\/www.europesays.com\/fr\/wp-json\/wp\/v2\/types\/post"}],"author":[{"embeddable":true,"href":"https:\/\/www.europesays.com\/fr\/wp-json\/wp\/v2\/users\/2"}],"replies":[{"embeddable":true,"href":"https:\/\/www.europesays.com\/fr\/wp-json\/wp\/v2\/comments?post=168802"}],"version-history":[{"count":0,"href":"https:\/\/www.europesays.com\/fr\/wp-json\/wp\/v2\/posts\/168802\/revisions"}],"wp:featuredmedia":[{"embeddable":true,"href":"https:\/\/www.europesays.com\/fr\/wp-json\/wp\/v2\/media\/168803"}],"wp:attachment":[{"href":"https:\/\/www.europesays.com\/fr\/wp-json\/wp\/v2\/media?parent=168802"}],"wp:term":[{"taxonomy":"category","embeddable":true,"href":"https:\/\/www.europesays.com\/fr\/wp-json\/wp\/v2\/categories?post=168802"},{"taxonomy":"post_tag","embeddable":true,"href":"https:\/\/www.europesays.com\/fr\/wp-json\/wp\/v2\/tags?post=168802"}],"curies":[{"name":"wp","href":"https:\/\/api.w.org\/{rel}","templated":true}]}}