{"id":168817,"date":"2025-06-11T17:59:11","date_gmt":"2025-06-11T17:59:11","guid":{"rendered":"https:\/\/www.europesays.com\/fr\/168817\/"},"modified":"2025-06-11T17:59:11","modified_gmt":"2025-06-11T17:59:11","slug":"cest-la-paille-qui-casse-le-dos-du-chameau-valerie-pecresse-fait-entendre-son-ras-le-bol-fiscal","status":"publish","type":"post","link":"https:\/\/www.europesays.com\/fr\/168817\/","title":{"rendered":"\u00ab C&rsquo;est la paille qui casse le dos du chameau \u00bb, Val\u00e9rie P\u00e9cresse fait entendre son ras-le-bol fiscal"},"content":{"rendered":"<p>Elle ne d\u00e9col\u00e8re pas. Lors de la pr\u00e9sentation, ce mercredi, du compte financier unique 2024 et du budget suppl\u00e9mentaire 2025, qui seront examin\u00e9s dans l&rsquo;h\u00e9micycle francilien le 18 juin, la pr\u00e9sidente (LR) de la r\u00e9gion \u00cele-de-France a laiss\u00e9 \u00e9clater sa col\u00e8re. Dans ce contexte \u00e9conomique\u00a0\u00ab d\u00e9t\u00e9rior\u00e9 \u00bb,\u00a0Val\u00e9rie P\u00e9cresse a reproch\u00e9 \u00e0 l&rsquo;\u00c9tat de lui\u00a0\u00ab confisquer \u00bb\u00a0un milliard d&rsquo;euros de recettes chaque ann\u00e9e au titre de la p\u00e9r\u00e9quation.\u00a0\u00ab 20 % de nos recettes partent pour d&rsquo;autres r\u00e9gions ! \u00bb,\u00a0s&rsquo;est agac\u00e9e l&rsquo;ex-candidate \u00e0 l&rsquo;\u00e9lection pr\u00e9sidentielle.<\/p>\n<p>Au rang des autof\u00e9licitations, la m\u00eame s&rsquo;est gargaris\u00e9e d&rsquo;avoir investi, en 2024, 3 milliards d&rsquo;euros\u00a0&#8211;\u00a0\u00ab un record \u00bb\u00a0-,\u00a0pour les transports\u00a0&#8211;\u00a0\u00ab un tiers du budget \u00bb -, les lyc\u00e9es et les infrastructures des JOP de Paris. Mais aussi d&rsquo;avoir r\u00e9duit ses d\u00e9penses de fonctionnement de 2 % en volume. Ou encore d&rsquo;\u00eatre bien not\u00e9e par les agences types Moody&rsquo;s. Val\u00e9rie P\u00e9cresse a \u00e9galement annonc\u00e9 avoir lev\u00e9 1 milliard d&rsquo;euros en obligations vertes pour \u00e9viter la volatilit\u00e9 des taux d&rsquo;int\u00e9r\u00eat, martelant \u00ab la\u00a0cr\u00e9dibilit\u00e9 [de la R\u00e9gion capitale] aupr\u00e8s des investisseurs \u00bb.<\/p>\n","protected":false},"excerpt":{"rendered":"Elle ne d\u00e9col\u00e8re pas. Lors de la pr\u00e9sentation, ce mercredi, du compte financier unique 2024 et du budget&hellip;\n","protected":false},"author":2,"featured_media":168818,"comment_status":"","ping_status":"","sticky":false,"template":"","format":"standard","meta":{"footnotes":""},"categories":[1592],"tags":[17,1111,11,2511,10408,30242,9007,1777,674,1011,27,662,12,30241,626,3583,1306,25,22102],"class_list":{"0":"post-168817","1":"post","2":"type-post","3":"status-publish","4":"format-standard","5":"has-post-thumbnail","7":"category-ile-de-france","8":"tag-17","9":"tag-actu","10":"tag-actualites","11":"tag-cest","12":"tag-casse","13":"tag-chameau","14":"tag-dos","15":"tag-eu","16":"tag-europe","17":"tag-fr","18":"tag-france","19":"tag-ile-de-france","20":"tag-news","21":"tag-paille","22":"tag-paris","23":"tag-qui","24":"tag-regions","25":"tag-republique-francaise","26":"tag-valerie"},"share_on_mastodon":{"url":"https:\/\/pubeurope.com\/@fr\/114666036548537906","error":""},"_links":{"self":[{"href":"https:\/\/www.europesays.com\/fr\/wp-json\/wp\/v2\/posts\/168817","targetHints":{"allow":["GET"]}}],"collection":[{"href":"https:\/\/www.europesays.com\/fr\/wp-json\/wp\/v2\/posts"}],"about":[{"href":"https:\/\/www.europesays.com\/fr\/wp-json\/wp\/v2\/types\/post"}],"author":[{"embeddable":true,"href":"https:\/\/www.europesays.com\/fr\/wp-json\/wp\/v2\/users\/2"}],"replies":[{"embeddable":true,"href":"https:\/\/www.europesays.com\/fr\/wp-json\/wp\/v2\/comments?post=168817"}],"version-history":[{"count":0,"href":"https:\/\/www.europesays.com\/fr\/wp-json\/wp\/v2\/posts\/168817\/revisions"}],"wp:featuredmedia":[{"embeddable":true,"href":"https:\/\/www.europesays.com\/fr\/wp-json\/wp\/v2\/media\/168818"}],"wp:attachment":[{"href":"https:\/\/www.europesays.com\/fr\/wp-json\/wp\/v2\/media?parent=168817"}],"wp:term":[{"taxonomy":"category","embeddable":true,"href":"https:\/\/www.europesays.com\/fr\/wp-json\/wp\/v2\/categories?post=168817"},{"taxonomy":"post_tag","embeddable":true,"href":"https:\/\/www.europesays.com\/fr\/wp-json\/wp\/v2\/tags?post=168817"}],"curies":[{"name":"wp","href":"https:\/\/api.w.org\/{rel}","templated":true}]}}