{"id":168823,"date":"2025-06-11T18:02:08","date_gmt":"2025-06-11T18:02:08","guid":{"rendered":"https:\/\/www.europesays.com\/fr\/168823\/"},"modified":"2025-06-11T18:02:08","modified_gmt":"2025-06-11T18:02:08","slug":"manifestations-de-taxis-vers-paris-des-perturbations-sur-le-peripherique-et-les-autoroutes-a1-a10-a6-a86-a13","status":"publish","type":"post","link":"https:\/\/www.europesays.com\/fr\/168823\/","title":{"rendered":"Manifestations de taxis vers Paris : des perturbations sur le p\u00e9riph\u00e9rique et les autoroutes A1, A10, A6, A86, A13"},"content":{"rendered":"<p>Les repr\u00e9sentants de la profession, qui ont rencontr\u00e9 le ministre de la Sant\u00e9, ce mercredi, ainsi que l&rsquo;Assurance maladie, sont sortis satisfaits de la r\u00e9union. \u00ab On travaille beaucoup mieux quand les ministres sont pr\u00e9sents que quand nous sommes sans eux en r\u00e9union de travail (avec la CNAM) \u00bb, souligne Emmanuelle Cordier, pr\u00e9sidente de la F\u00e9d\u00e9ration nationale du taxi (FNDT). \u00ab La grande avanc\u00e9e, c&rsquo;est que ces propositions vont \u00eatre chiffr\u00e9es et voir si elles rentrent dans les objectifs budg\u00e9taires \u00bb, se f\u00e9licite de son c\u00f4t\u00e9 Bilal Bouammar, de la F\u00e9d\u00e9ration des taxis ind\u00e9pendants.<\/p>\n","protected":false},"excerpt":{"rendered":"Les repr\u00e9sentants de la profession, qui ont rencontr\u00e9 le ministre de la Sant\u00e9, ce mercredi, ainsi que l&rsquo;Assurance&hellip;\n","protected":false},"author":2,"featured_media":168824,"comment_status":"","ping_status":"","sticky":false,"template":"","format":"standard","meta":{"footnotes":""},"categories":[1888],"tags":[11,1777,674,1011,27,1227,11043,12,626,25],"class_list":{"0":"post-168823","1":"post","2":"type-post","3":"status-publish","4":"format-standard","5":"has-post-thumbnail","7":"category-paris","8":"tag-actualites","9":"tag-eu","10":"tag-europe","11":"tag-fr","12":"tag-france","13":"tag-horizontal","14":"tag-illustration","15":"tag-news","16":"tag-paris","17":"tag-republique-francaise"},"share_on_mastodon":{"url":"https:\/\/pubeurope.com\/@fr\/114666048277530681","error":""},"_links":{"self":[{"href":"https:\/\/www.europesays.com\/fr\/wp-json\/wp\/v2\/posts\/168823","targetHints":{"allow":["GET"]}}],"collection":[{"href":"https:\/\/www.europesays.com\/fr\/wp-json\/wp\/v2\/posts"}],"about":[{"href":"https:\/\/www.europesays.com\/fr\/wp-json\/wp\/v2\/types\/post"}],"author":[{"embeddable":true,"href":"https:\/\/www.europesays.com\/fr\/wp-json\/wp\/v2\/users\/2"}],"replies":[{"embeddable":true,"href":"https:\/\/www.europesays.com\/fr\/wp-json\/wp\/v2\/comments?post=168823"}],"version-history":[{"count":0,"href":"https:\/\/www.europesays.com\/fr\/wp-json\/wp\/v2\/posts\/168823\/revisions"}],"wp:featuredmedia":[{"embeddable":true,"href":"https:\/\/www.europesays.com\/fr\/wp-json\/wp\/v2\/media\/168824"}],"wp:attachment":[{"href":"https:\/\/www.europesays.com\/fr\/wp-json\/wp\/v2\/media?parent=168823"}],"wp:term":[{"taxonomy":"category","embeddable":true,"href":"https:\/\/www.europesays.com\/fr\/wp-json\/wp\/v2\/categories?post=168823"},{"taxonomy":"post_tag","embeddable":true,"href":"https:\/\/www.europesays.com\/fr\/wp-json\/wp\/v2\/tags?post=168823"}],"curies":[{"name":"wp","href":"https:\/\/api.w.org\/{rel}","templated":true}]}}