{"id":168825,"date":"2025-06-11T18:03:12","date_gmt":"2025-06-11T18:03:12","guid":{"rendered":"https:\/\/www.europesays.com\/fr\/168825\/"},"modified":"2025-06-11T18:03:12","modified_gmt":"2025-06-11T18:03:12","slug":"ces-magasins-a-paris-et-en-ile-de-france-vont-definitivement-fermer","status":"publish","type":"post","link":"https:\/\/www.europesays.com\/fr\/168825\/","title":{"rendered":"ces magasins \u00e0 Paris et en \u00cele-de-France vont d\u00e9finitivement fermer"},"content":{"rendered":"<p>            Par<br \/>\n        <strong><br \/>\n            <a href=\"https:\/\/actu.fr\/auteur\/dorinegoth\" title=\"Consulter tous les articles de Dorine Goth\" rel=\"nofollow noopener\" target=\"_blank\">Dorine Goth<\/a><br \/>\n        <\/strong><\/p>\n<p>        Publi\u00e9 le<\/p>\n<p>            11 juin 2025 \u00e0 19h45        <\/p>\n<p>Le sort est sans appel. Mercredi 11\u00a0juin 2025, l\u2019enseigne d\u2019ameublement et de d\u00e9coration Casa a \u00e9t\u00e9 <a href=\"https:\/\/actu.fr\/economie\/l-enseigne-casa-france-placee-en-liquidation-judiciaire-700-emplois-supprimes-et-143-magasins-fermes_62758951.html\" rel=\"nofollow noopener\" target=\"_blank\">plac\u00e9e en<strong> liquidation judiciaire<\/strong><\/a> par le tribunal de commerce de <strong>Bobigny.<\/strong> La d\u00e9cision entra\u00eene la fermeture d\u00e9finitive de ses 143 magasins en France et le licenciement d\u2019environ 700 salari\u00e9s. \u00c0 Paris et en petite couronne,<strong> huit magasins vont baisser le rideau<\/strong>, dont la moiti\u00e9 dans la capitale.<\/p>\n<p>Huit magasins ferm\u00e9s<\/p>\n<p class=\" wall-content\">Jusqu\u2019ici, quatre magasins \u00e9taient toujours ouverts dans la capitale\u2009: un dans le 16e arrondissement, un autre dans le 15e, un troisi\u00e8me dans le 12e et le dernier dans le 9e arrondissement.\u00a0En banlieue,<strong> deux sont dans les Hauts-de-Seine<\/strong>, \u00e0 Levallois-Perret et \u00e0 Boulogne-Billancourt et <strong>deux autres dans le Val-de-Marne<\/strong> \u00e0 Fresnes et Villiers-sur-Marne.<\/p>\n<p class=\" wall-content\">L\u2019entreprise avait demand\u00e9 son placement en <strong>redressement judiciaire<\/strong> fin mars\u00a02025. \u00ab\u2009La situation de Casa France r\u00e9sulte directement de la liquidation de Casa International en Belgique, qui assurait historiquement les fonctions centrales du groupe international, logistique et informatique notamment, indispensables au fonctionnement de l\u2019activit\u00e9 en France\u2009\u00bb, a expliqu\u00e9 Casa dans un communiqu\u00e9. La fermeture intervient faute de repreneur. La cha\u00eene avait \u00e9t\u00e9 cr\u00e9\u00e9e en 1975.<\/p>\n<p class=\" wall-content\">Suivez toute l\u2019actualit\u00e9 de vos villes et m\u00e9dias favoris en vous inscrivant \u00e0 <a href=\"https:\/\/moncompte.actu.fr\" title=\"D\u00e9couvez Mon Actu\" rel=\"nofollow noopener\" data-trk=\"{&quot;cta&quot;:{&quot;action&quot;:&quot;https:\\\/\\\/moncompte.actu.fr&quot;,&quot;category&quot;:&quot;mon compte&quot;,&quot;from&quot;:&quot;article footer&quot;,&quot;name&quot;:&quot;Mon actu&quot;,&quot;type&quot;:&quot;cta&quot;}}\" target=\"_blank\">Mon Actu<\/a>.<\/p>\n","protected":false},"excerpt":{"rendered":"Par Dorine Goth Publi\u00e9 le 11 juin 2025 \u00e0 19h45 Le sort est sans appel. Mercredi 11\u00a0juin 2025,&hellip;\n","protected":false},"author":2,"featured_media":168826,"comment_status":"","ping_status":"","sticky":false,"template":"","format":"standard","meta":{"footnotes":""},"categories":[1888],"tags":[11,215,33,1777,674,1011,27,12,626,25],"class_list":{"0":"post-168825","1":"post","2":"type-post","3":"status-publish","4":"format-standard","5":"has-post-thumbnail","7":"category-paris","8":"tag-actualites","9":"tag-commerce","10":"tag-economie","11":"tag-eu","12":"tag-europe","13":"tag-fr","14":"tag-france","15":"tag-news","16":"tag-paris","17":"tag-republique-francaise"},"share_on_mastodon":{"url":"https:\/\/pubeurope.com\/@fr\/114666052442440044","error":""},"_links":{"self":[{"href":"https:\/\/www.europesays.com\/fr\/wp-json\/wp\/v2\/posts\/168825","targetHints":{"allow":["GET"]}}],"collection":[{"href":"https:\/\/www.europesays.com\/fr\/wp-json\/wp\/v2\/posts"}],"about":[{"href":"https:\/\/www.europesays.com\/fr\/wp-json\/wp\/v2\/types\/post"}],"author":[{"embeddable":true,"href":"https:\/\/www.europesays.com\/fr\/wp-json\/wp\/v2\/users\/2"}],"replies":[{"embeddable":true,"href":"https:\/\/www.europesays.com\/fr\/wp-json\/wp\/v2\/comments?post=168825"}],"version-history":[{"count":0,"href":"https:\/\/www.europesays.com\/fr\/wp-json\/wp\/v2\/posts\/168825\/revisions"}],"wp:featuredmedia":[{"embeddable":true,"href":"https:\/\/www.europesays.com\/fr\/wp-json\/wp\/v2\/media\/168826"}],"wp:attachment":[{"href":"https:\/\/www.europesays.com\/fr\/wp-json\/wp\/v2\/media?parent=168825"}],"wp:term":[{"taxonomy":"category","embeddable":true,"href":"https:\/\/www.europesays.com\/fr\/wp-json\/wp\/v2\/categories?post=168825"},{"taxonomy":"post_tag","embeddable":true,"href":"https:\/\/www.europesays.com\/fr\/wp-json\/wp\/v2\/tags?post=168825"}],"curies":[{"name":"wp","href":"https:\/\/api.w.org\/{rel}","templated":true}]}}