{"id":168829,"date":"2025-06-11T18:05:11","date_gmt":"2025-06-11T18:05:11","guid":{"rendered":"https:\/\/www.europesays.com\/fr\/168829\/"},"modified":"2025-06-11T18:05:11","modified_gmt":"2025-06-11T18:05:11","slug":"morgue-ambulante-et-avion-russe-suspect","status":"publish","type":"post","link":"https:\/\/www.europesays.com\/fr\/168829\/","title":{"rendered":"Morgue ambulante et avion russe suspect"},"content":{"rendered":"<p>Vous avez rat\u00e9 les derniers \u00e9v\u00e9nements sur la <a href=\"https:\/\/www.20minutes.fr\/monde\/ukraine\/\" class=\"color-ultramarine c-link\" rel=\"nofollow noopener\" target=\"_blank\">guerre en Ukraine<\/a>\u00a0? 20 Minutes fait le point pour vous tous les soirs. Voici l\u2019essentiel de ce mercredi 11\u00a0juin 2025, 1.204e jour du conflit.<\/p>\n<p>Le fait du jour<\/p>\n<p>Un intrus dans le ciel de <a href=\"https:\/\/www.20minutes.fr\/dossier\/finlande\" class=\"color-ultramarine c-link\" rel=\"nofollow noopener\" target=\"_blank\">Finlande<\/a>\u00a0? Le pays scandinave, qui partage une fronti\u00e8re de 1.340 kilom\u00e8tres avec la <a href=\"https:\/\/www.20minutes.fr\/monde\/russie\/\" class=\"color-ultramarine c-link\" rel=\"nofollow noopener\" target=\"_blank\">Russie<\/a> a convoqu\u00e9 ce mercredi le charg\u00e9 d\u2019affaires de Moscou pour obtenir des explications sur une possible violation de son espace a\u00e9rien par un avion militaire russe mardi. Le minist\u00e8re finlandais de la D\u00e9fense pr\u00e9cise que l\u2019appareil suspect a \u00e9t\u00e9 d\u00e9tect\u00e9 au large de la c\u00f4te de Porvoo, \u00e0 l\u2019est de la capitale Helsinki. Cet incident survient seulement quelques semaines apr\u00e8s un \u00e9pisode similaire, qui avait \u00e9galement conduit \u00e0 la convocation d\u2019un repr\u00e9sentant de la diplomatie russe.<\/p>\n<p>La Finlande a rejoint l\u2019<a href=\"https:\/\/www.20minutes.fr\/monde\/otan\/\" class=\"color-ultramarine c-link\" rel=\"nofollow noopener\" target=\"_blank\">Otan<\/a> en\u00a02023, par cons\u00e9quent apr\u00e8s l\u2019invasion de l\u2019Ukraine. Depuis, Moscou a \u00e0 plusieurs reprises mis en garde son voisin contre d\u2019\u00e9ventuelles r\u00e9percussions li\u00e9es \u00e0 cette adh\u00e9sion, dans un contexte de tensions accrues. Par ailleurs, le New York Times a publi\u00e9 mi-mai des images satellitaires semblant montrer une expansion des infrastructures militaires russes pr\u00e8s de la fronti\u00e8re avec la Finlande.<\/p>\n<p>La d\u00e9claration du jour<\/p>\n<blockquote class=\"mx-m@xs mx-xxl@md color-ultramarine c-citation\">\n<p class=\"font-weight-regular@xs text-italic font-source-serif-pro text-l@xs c-citation__content\">\u00ab\u00a0Tous ceux qui ont appel\u00e9 \u00e0 la fin des massacres et \u00e0 la diplomatie doivent agir\u00a0\u00bb\u00a0\u00bb<\/p>\n<\/blockquote>\n<p>Apr\u00e8s de nouvelles frappes nocturnes russes (lire ci-dessous), <a href=\"https:\/\/www.20minutes.fr\/monde\/volodymyr-zelensky\/\" class=\"color-ultramarine c-link\" rel=\"nofollow noopener\" target=\"_blank\">Volodymyr Zelensky<\/a> s\u2019est exprim\u00e9 sur Telegram, mettant la pression sur ses alli\u00e9s occidentaux. \u00ab\u00a0La Russie m\u00e9rite une pression accrue, car chaque coup port\u00e9 \u00e0 la vie quotidienne prouve que la pression est insuffisante [\u2026] Et cela d\u00e9pend avant tout des <a href=\"https:\/\/www.20minutes.fr\/monde\/etats-unis\/\" class=\"color-ultramarine c-link\" rel=\"nofollow noopener\" target=\"_blank\">Etats-Unis<\/a> et des autres dirigeants mondiaux\u00a0\u00bb, a \u00e9crit le pr\u00e9sident ukrainien.<\/p>\n<\/p>\n<p>Le chiffre du jour<\/p>\n<p>1.212. Le nombre de corps de soldats tu\u00e9s au combat que l\u2019Ukraine affirme avoir pu r\u00e9cup\u00e9rer ce mercredi. Ce rapatriement s\u2019est d\u00e9roul\u00e9 apr\u00e8s que les deux pays se sont accus\u00e9s pendant le week-end de le perturber. Le Quartier g\u00e9n\u00e9ral ukrainien a publi\u00e9 des images de camions frigorifiques gar\u00e9s, ainsi que de personnes en salopettes blanches avec embl\u00e8mes de la Croix-Rouge internationale marchant \u00e0 c\u00f4t\u00e9 des v\u00e9hicules. \u00ab\u00a0Les enqu\u00eateurs\u00a0\u00bb et m\u00e9decins l\u00e9gistes \u00ab\u00a0\u00e9tabliront dans les plus brefs d\u00e9lais l\u2019identit\u00e9 des d\u00e9funts\u00a0\u00bb, a-t-il pr\u00e9cis\u00e9.<\/p>\n<p>Le communiqu\u00e9 de Kiev ne pas dit si la Russie a \u00e9galement r\u00e9cup\u00e9r\u00e9 les corps de ses militaires tu\u00e9s.<\/p>\n<p>La tendance<\/p>\n<p>Comme les nuits pr\u00e9c\u00e9dentes, l\u2019arm\u00e9e russe a men\u00e9 une vaste offensive a\u00e9rienne. Cette fois, les drones se sont abattus sur Kharkiv, \u00e0 une trentaine de kilom\u00e8tres de la fronti\u00e8re russe. \u00ab\u00a0Il y a eu un silence, puis nous avons \u00e9t\u00e9 projet\u00e9s contre le mur\u2026 Il y a eu d\u2019autres explosions, puis nous avons entendu des gens crier \u00ab\u00a0Au secours\u00a0! Au secours\u00a0!\u00a0\u00bb\u00a0\u00bb, t\u00e9moigne une pharmacienne de 41 ans aupr\u00e8s de l\u2019AFP. Ces frappes ont tu\u00e9 trois personnes et en ont bless\u00e9 une soixantaine d\u2019autres, parmi lesquelles neuf enfants.<\/p>\n<p><a href=\"https:\/\/www.20minutes.fr\/monde\/ukraine\/\" class=\"c-link c-btn c-btn--primary\" rel=\"nofollow noopener\" target=\"_blank\">Notre dossier sur la guerre en Ukraine<\/a><\/p>\n<p>Kiev a poursuivi de son c\u00f4t\u00e9 ses attaques de drones sur les sites militaires ennemis. Selon le minist\u00e8re russe de la D\u00e9fense, 32 drones ukrainiens ont \u00e9t\u00e9 intercept\u00e9s au-dessus du pays dans la nuit de mardi \u00e0 mercredi.<\/p>\n","protected":false},"excerpt":{"rendered":"Vous avez rat\u00e9 les derniers \u00e9v\u00e9nements sur la guerre en Ukraine\u00a0? 20 Minutes fait le point pour vous&hellip;\n","protected":false},"author":2,"featured_media":168830,"comment_status":"","ping_status":"","sticky":false,"template":"","format":"standard","meta":{"footnotes":""},"categories":[1590],"tags":[11,564,73,1777,674,219,131,4998,74,1916,12,136,132,220,134],"class_list":{"0":"post-168829","1":"post","2":"type-post","3":"status-publish","4":"format-standard","5":"has-post-thumbnail","7":"category-ukraine","8":"tag-actualites","9":"tag-drone","10":"tag-etats-unis","11":"tag-eu","12":"tag-europe","13":"tag-finlande","14":"tag-guerre-en-ukraine","15":"tag-kremlin","16":"tag-monde","17":"tag-moscou","18":"tag-news","19":"tag-otan","20":"tag-russie","21":"tag-ukraine","22":"tag-volodymyr-zelensky"},"share_on_mastodon":{"url":"https:\/\/pubeurope.com\/@fr\/114666060112958898","error":""},"_links":{"self":[{"href":"https:\/\/www.europesays.com\/fr\/wp-json\/wp\/v2\/posts\/168829","targetHints":{"allow":["GET"]}}],"collection":[{"href":"https:\/\/www.europesays.com\/fr\/wp-json\/wp\/v2\/posts"}],"about":[{"href":"https:\/\/www.europesays.com\/fr\/wp-json\/wp\/v2\/types\/post"}],"author":[{"embeddable":true,"href":"https:\/\/www.europesays.com\/fr\/wp-json\/wp\/v2\/users\/2"}],"replies":[{"embeddable":true,"href":"https:\/\/www.europesays.com\/fr\/wp-json\/wp\/v2\/comments?post=168829"}],"version-history":[{"count":0,"href":"https:\/\/www.europesays.com\/fr\/wp-json\/wp\/v2\/posts\/168829\/revisions"}],"wp:featuredmedia":[{"embeddable":true,"href":"https:\/\/www.europesays.com\/fr\/wp-json\/wp\/v2\/media\/168830"}],"wp:attachment":[{"href":"https:\/\/www.europesays.com\/fr\/wp-json\/wp\/v2\/media?parent=168829"}],"wp:term":[{"taxonomy":"category","embeddable":true,"href":"https:\/\/www.europesays.com\/fr\/wp-json\/wp\/v2\/categories?post=168829"},{"taxonomy":"post_tag","embeddable":true,"href":"https:\/\/www.europesays.com\/fr\/wp-json\/wp\/v2\/tags?post=168829"}],"curies":[{"name":"wp","href":"https:\/\/api.w.org\/{rel}","templated":true}]}}