{"id":168831,"date":"2025-06-11T18:06:10","date_gmt":"2025-06-11T18:06:10","guid":{"rendered":"https:\/\/www.europesays.com\/fr\/168831\/"},"modified":"2025-06-11T18:06:10","modified_gmt":"2025-06-11T18:06:10","slug":"i-get-around-surfin-usa-barbara-ann-ces-hits-des-beach-boys-traversent-les-generations","status":"publish","type":"post","link":"https:\/\/www.europesays.com\/fr\/168831\/","title":{"rendered":"\u00ab\u00a0I Get Around\u00a0\u00bb, \u00ab\u00a0Surfin USA\u00a0\u00bb, \u00ab\u00a0Barbara Ann\u00a0\u00bb&#8230; ces hits des Beach Boys traversent les g\u00e9n\u00e9rations"},"content":{"rendered":"<p>Le cofondateur du c\u00e9l\u00e8bre groupe de musique The Beach Boys, <a href=\"https:\/\/www.laprovence.com\/article\/culture-loisirs\/1065039696775615\/mort-de-brian-wilson-chanteur-et-cofondateur-des-beach-boys-a-lage-de-82-ans\" target=\"_blank\" rel=\"noopener\">Brian\u00a0Wilson, est d\u00e9c\u00e9d\u00e9 \u00e0 l&rsquo;\u00e2ge de 82 ans<\/a>, a annonc\u00e9 mercredi sa famille dans un communiqu\u00e9.<\/p>\n<p>\u00ab\u00a0C&rsquo;est avec tristesse que nous annon\u00e7ons le d\u00e9c\u00e8s de notre p\u00e8re bien-aim\u00e9, Brian\u00a0Wilson. Les mots nous manquent. Veuillez respecter notre vie priv\u00e9e pendant cette p\u00e9riode difficile pour notre famille. Nous savons que nous partageons notre peine avec le monde entier\u00a0\u00bb, a d\u00e9clar\u00e9 la famille dans un bref communiqu\u00e9.<\/p>\n<p>Les Beach Boys, groupe de pop-rock am\u00e9ricain, originaire de Hawthorne, en Californie, ont fortement marqu\u00e9 la musique des ann\u00e9es 60-70. Et ses principaux tubes sont encore aujourd&rsquo;hui tr\u00e8s connus du grand public.<\/p>\n<p>Voici les plus c\u00e9l\u00e8bres, ils vous diront forc\u00e9ment quelque chose :<\/p>\n<p><strong>&#8211; Surfin USA<\/strong><\/p>\n","protected":false},"excerpt":{"rendered":"Le cofondateur du c\u00e9l\u00e8bre groupe de musique The Beach Boys, Brian\u00a0Wilson, est d\u00e9c\u00e9d\u00e9 \u00e0 l&rsquo;\u00e2ge de 82 ans,&hellip;\n","protected":false},"author":2,"featured_media":168832,"comment_status":"","ping_status":"","sticky":false,"template":"","format":"standard","meta":{"footnotes":""},"categories":[1589],"tags":[17,11,30246,30243,251,73,1866,30245,18,12,30247,1864,1865,1863,308,30244],"class_list":{"0":"post-168831","1":"post","2":"type-post","3":"status-publish","4":"format-standard","5":"has-post-thumbnail","7":"category-etats-unis","8":"tag-17","9":"tag-actualites","10":"tag-around","11":"tag-brian","12":"tag-culture","13":"tag-etats-unis","14":"tag-etats-unis-damerique","15":"tag-get","16":"tag-mort","17":"tag-news","18":"tag-surfin","19":"tag-united-states","20":"tag-united-states-of-america","21":"tag-us","22":"tag-usa","23":"tag-wilson"},"share_on_mastodon":{"url":"https:\/\/pubeurope.com\/@fr\/114666064216743066","error":""},"_links":{"self":[{"href":"https:\/\/www.europesays.com\/fr\/wp-json\/wp\/v2\/posts\/168831","targetHints":{"allow":["GET"]}}],"collection":[{"href":"https:\/\/www.europesays.com\/fr\/wp-json\/wp\/v2\/posts"}],"about":[{"href":"https:\/\/www.europesays.com\/fr\/wp-json\/wp\/v2\/types\/post"}],"author":[{"embeddable":true,"href":"https:\/\/www.europesays.com\/fr\/wp-json\/wp\/v2\/users\/2"}],"replies":[{"embeddable":true,"href":"https:\/\/www.europesays.com\/fr\/wp-json\/wp\/v2\/comments?post=168831"}],"version-history":[{"count":0,"href":"https:\/\/www.europesays.com\/fr\/wp-json\/wp\/v2\/posts\/168831\/revisions"}],"wp:featuredmedia":[{"embeddable":true,"href":"https:\/\/www.europesays.com\/fr\/wp-json\/wp\/v2\/media\/168832"}],"wp:attachment":[{"href":"https:\/\/www.europesays.com\/fr\/wp-json\/wp\/v2\/media?parent=168831"}],"wp:term":[{"taxonomy":"category","embeddable":true,"href":"https:\/\/www.europesays.com\/fr\/wp-json\/wp\/v2\/categories?post=168831"},{"taxonomy":"post_tag","embeddable":true,"href":"https:\/\/www.europesays.com\/fr\/wp-json\/wp\/v2\/tags?post=168831"}],"curies":[{"name":"wp","href":"https:\/\/api.w.org\/{rel}","templated":true}]}}