{"id":168833,"date":"2025-06-11T18:07:12","date_gmt":"2025-06-11T18:07:12","guid":{"rendered":"https:\/\/www.europesays.com\/fr\/168833\/"},"modified":"2025-06-11T18:07:12","modified_gmt":"2025-06-11T18:07:12","slug":"laccord-post-brexit-est-enfin-conclu","status":"publish","type":"post","link":"https:\/\/www.europesays.com\/fr\/168833\/","title":{"rendered":"l\u2019accord post-Brexit est \u201cenfin\u201d conclu"},"content":{"rendered":"\n<p>La nouvelle tombe comme un cadeau d\u2019anniversaire, <a href=\"https:\/\/www.lavanguardia.com\/politica\/20250611\/10777601\/espana-reino-unido-bruselas-cierran-acuerdo-historico-sobre-gibraltar.html\" target=\"_blank\" rel=\"noopener\">remarque le journal espagnol <strong>La Vanguardia<\/strong><\/a><strong>.<\/strong> \u201cAlors que nous \u00e9tions sur le point de f\u00eater les neuf ans du r\u00e9f\u00e9rendum lors duquel les Britanniques ont vot\u00e9 en faveur d\u2019une sortie de l\u2019Union europ\u00e9enne\u201d, le Royaume-Uni, l\u2019Espagne et la <a href=\"https:\/\/www.courrierinternational.com\/sujet\/commission-europeenne\" target=\"_blank\" rel=\"noopener\">Commission europ\u00e9enne<\/a> ont \u201cenfin\u201d conclu, mercredi 11\u00a0juin, \u201cle tant attendu accord sur Gibraltar\u201d.<\/p>\n<p>                                      <a href=\"https:\/\/focus.courrierinternational.com\/2023\/10\/12\/0\/0\/2000\/1552\/1280\/0\/60\/0\/a9c0f96_1697104456989-baf1719gibraltar.png\" data-pswp-width=\"1280\" data-pswp-height=\"993\" target=\"_blank\" rel=\"noopener\">        <img decoding=\"async\" loading=\"lazy\" onerror=\"this.classList.add(`img--error`)\" src=\"https:\/\/www.europesays.com\/fr\/wp-content\/uploads\/2025\/06\/a9c0f96_1697104456989-baf1719gibraltar.png\"  width=\"640\" height=\"497\" alt=\"Photo\"\/>     <\/a>       COURRIER INTERNATIONAL, OPENSTREETMAP ET CONTRIBUTEURS               <\/p>\n<p>Qualifi\u00e9 d\u2019\u201chistorique\u201d, cet accord \u201cpolitique\u201d \u00e9tablit les bases de \u201cl\u2019int\u00e9gration du Rocher dans l\u2019espace communautaire\u201d, <a class=\"ithalc\" data-ithal=\"lien_externe\" data-ithalc=\"[nav_article]\" target=\"_blank\" href=\"https:\/\/www.eleconomista.es\/economia\/noticias\/13410488\/06\/25\/espana-y-reino-unido-cierran-un-acuerdo-historico-sobre-gibraltar.html\" rel=\"noopener\">r\u00e9sume le site espagnol <strong>El Economista<\/strong><\/a><strong>.<\/strong> \u201cIl pr\u00e9voit la suppression de toutes les barri\u00e8res physiques, les v\u00e9rifications et les contr\u00f4les des personnes et des marchandises qui circulent entre l\u2019Espagne et Gibraltar, tout en pr\u00e9servant l\u2019espace Schengen, le march\u00e9 unique de l\u2019UE et l\u2019union douani\u00e8re\u201d, d\u00e9veloppe le m\u00e9dia d\u2019affaires.<\/p>\n<p>               \u201cDoubles contr\u00f4les frontaliers\u201d       <\/p>\n<p>Le Royaume-Uni a quitt\u00e9 l\u2019Union europ\u00e9enne <a href=\"https:\/\/www.courrierinternational.com\/article\/la-une-de-lhebdo-brexit-au-revoir-et-good-luck\" target=\"_blank\" rel=\"noopener\">en janvier 2021<\/a>, laissant en suspens le statut de Gibraltar, enclave britannique situ\u00e9e \u00e0 la pointe sud de la p\u00e9ninsule Ib\u00e9rique. Un accord-cadre avait \u00e9t\u00e9 trouv\u00e9 \u00e0 l\u2019\u00e9poque pour garantir la libre circulation des biens \u00e0 la fronti\u00e8re entre l\u2019Espagne et le Rocher. Cependant, la signature d\u2019un accord d\u00e9finitif peinait \u00e0 se concr\u00e9tiser, alors que Gibraltar avait vot\u00e9 \u00e0 96\u00a0% en faveur du maintien du Royaume-Uni dans l\u2019UE.<\/p>\n<p>\u201cL\u2019un des points les plus sensibles\u201d des n\u00e9gociations concernait \u201cles contr\u00f4les frontaliers entre Gibraltar et l\u2019Espagne\u201d, qui affectaient chaque jour les quelque \u201c15\u00a0000\u00a0travailleurs transfrontaliers\u201d traversant \u201cla verja\u201d [la fronti\u00e8re] en provenance de la commune espagnole de La L\u00ednea de la Concepci\u00f3n, <a class=\"ithalc\" data-ithal=\"lien_externe\" data-ithalc=\"[nav_article]\" target=\"_blank\" href=\"https:\/\/www.elconfidencial.com\/mundo\/2025-06-11\/espana-reino-unido-acuerdo-postbrexit_4149064\/\" rel=\"noopener\">contextualise le portail d\u2019information madril\u00e8ne<strong> El Confidencial<\/strong><\/a><strong>.<\/strong><\/p>\n<p>Dor\u00e9navant, selon l\u2019accord conclu mercredi, \u201cdes doubles contr\u00f4les frontaliers\u201d seront instaur\u00e9s \u201cau port et \u00e0 l\u2019a\u00e9roport de Gibraltar\u201d, relate El Economista. \u201cDu c\u00f4t\u00e9 de l\u2019Union europ\u00e9enne, l\u2019Espagne r\u00e9alisera tous les contr\u00f4les pr\u00e9vus par Schengen. Du c\u00f4t\u00e9 britannique, les contr\u00f4les \u00e0 Gibraltar resteront inchang\u00e9s.\u201d<\/p>\n<p>Les parties ont \u00e9galement convenu \u201cde dispositions relatives aux visas et aux permis, ainsi qu\u2019une \u00e9troite collaboration entre les autorit\u00e9s polici\u00e8res et judiciaires\u201d, ajoute El Economista. \u201cCela ne manquera pas de susciter la col\u00e8re des conservateurs britanniques, qui ont toujours estim\u00e9 que l\u2019implication d\u2019agents espagnols constituerait une atteinte \u00e0 la souverainet\u00e9 nationale\u201d, <a href=\"https:\/\/www.courrierinternational.com\/article\/diplomatie-londres-cede-la-souverainete-des-chagos-a-l-ile-maurice-mais-gardera-une-base-militaire_231204\" target=\"_blank\" rel=\"noopener\">sachant que Londres s\u2019appr\u00eate d\u00e9j\u00e0 \u00e0 c\u00e9der les \u00eeles Chagos \u00e0 l\u2019\u00eele Maurice<\/a>, note La Vanguardia.<\/p>\n<p>               Le Royaume-Uni \u201cvient-il de c\u00e9der Gibraltar\u00a0?\u201d       <\/p>\n<p>Le quotidien barcelonais a vu juste. \u201cCet arrangement veut concr\u00e8tement dire que les Britanniques qui arrivent sur le Rocher par les airs devront montrer leur passeport aux agents espagnols ou estampill\u00e9s UE\u201d, <a href=\"https:\/\/www.telegraph.co.uk\/world-news\/2025\/06\/11\/gibraltar-britain-agree-deal-handing-control-border-eu\/\" target=\"_blank\" rel=\"noopener\">grince <strong>The Daily Telegraph<\/strong><\/a>, quotidien londonien eurosceptique, \u201calors qu\u2019ils se trouvent dans un territoire britannique\u201d, <a href=\"https:\/\/www.dailymail.co.uk\/news\/article-14802611\/UK-agrees-fluid-border-Gibraltar-Spain-checks-crossing.html\" target=\"_blank\" rel=\"noopener\">souligne, agac\u00e9, le <strong>Daily Mail<\/strong><\/a><strong>. <\/strong>Le tablo\u00efd pro-Brexit se demande m\u00eame\u00a0si le Premier ministre travailliste, <a href=\"https:\/\/www.courrierinternational.com\/sujet\/keir-starmer\" target=\"_blank\" rel=\"noopener\">Keir Starmer<\/a>, ne \u201cvient-il [pas] de c\u00e9der Gibraltar\u00a0?\u201d<\/p>\n<p><a class=\"ithalc\" data-ithal=\"lien_externe\" data-ithalc=\"[nav_article]\" target=\"_blank\" href=\"https:\/\/www.theguardian.com\/world\/2025\/jun\/11\/uk-and-gibraltar-strike-deal-over-territorys-future-and-borders\" rel=\"noopener\">Le journal<strong> The Guardian<\/strong><\/a> lui garantit que \u201cl\u2019accord n\u2019affecte en rien le statut de Gibraltar, qui demeure un territoire britannique d\u2019outre-mer\u201d, tandis que The Daily Telegraph explique que\u00a0:<\/p>\n<blockquote><p>\u201cLe syst\u00e8me sera similaire \u00e0 celui qui est en vigueur \u00e0 la gare de St Pancras, \u00e0 Londres, o\u00f9 les passagers de l\u2019Eurostar doivent se pr\u00e9senter successivement \u00e0 la police des fronti\u00e8res britannique, puis aux agents fran\u00e7ais, pour assurer une sortie fluide une fois arriv\u00e9s \u00e0 destination.\u201d<\/p><\/blockquote>\n<p>Tout au long des n\u00e9gociations, retrace El Confidencial, \u201cpersonne ne souhait [ait] fermer une fronti\u00e8re qui \u00e9branlerait \u00e0 ce point l\u2019\u00e9conomie du Rocher et des r\u00e9gions espagnoles alentours. Mais dans le m\u00eame temps, personne ne souhait [ait] signer la moindre clause, le moindre point, la moindre virgule qui pourrait affecter la question de la souverainet\u00e9 dans un trait\u00e9 international\u201d.<\/p>\n<p>C\u2019est d\u00e9sormais de l\u2019histoire ancienne, conclut El Confidencial, qui pr\u00e9cise que les discussions ont connu un second souffle apr\u00e8s l\u2019arriv\u00e9e de Keir Starmer \u00e0 la t\u00eate du gouvernement britannique, \u00e0 l\u2019\u00e9t\u00e9 2024.<\/p>\n","protected":false},"excerpt":{"rendered":"La nouvelle tombe comme un cadeau d\u2019anniversaire, remarque le journal espagnol La Vanguardia. \u201cAlors que nous \u00e9tions sur&hellip;\n","protected":false},"author":2,"featured_media":168834,"comment_status":"","ping_status":"","sticky":false,"template":"","format":"standard","meta":{"footnotes":""},"categories":[1588],"tags":[11,1353,5124,123,1777,674,30248,12,316,473,1853,1851,2475,1850,1852],"class_list":{"0":"post-168833","1":"post","2":"type-post","3":"status-publish","4":"format-standard","5":"has-post-thumbnail","7":"category-royaume-uni","8":"tag-actualites","9":"tag-brexit","10":"tag-espace-schengen","11":"tag-espagne","12":"tag-eu","13":"tag-europe","14":"tag-gibraltar","15":"tag-news","16":"tag-politique","17":"tag-royaume-uni","18":"tag-royaume-uni-de-grande-bretagne-et-dirlande-du-nord","19":"tag-uk","20":"tag-union-europu00e9enne","21":"tag-united-kingdom","22":"tag-united-kingdom-of-great-britain-and-northern-ireland"},"share_on_mastodon":{"url":"https:\/\/pubeurope.com\/@fr\/114666068170350899","error":""},"_links":{"self":[{"href":"https:\/\/www.europesays.com\/fr\/wp-json\/wp\/v2\/posts\/168833","targetHints":{"allow":["GET"]}}],"collection":[{"href":"https:\/\/www.europesays.com\/fr\/wp-json\/wp\/v2\/posts"}],"about":[{"href":"https:\/\/www.europesays.com\/fr\/wp-json\/wp\/v2\/types\/post"}],"author":[{"embeddable":true,"href":"https:\/\/www.europesays.com\/fr\/wp-json\/wp\/v2\/users\/2"}],"replies":[{"embeddable":true,"href":"https:\/\/www.europesays.com\/fr\/wp-json\/wp\/v2\/comments?post=168833"}],"version-history":[{"count":0,"href":"https:\/\/www.europesays.com\/fr\/wp-json\/wp\/v2\/posts\/168833\/revisions"}],"wp:featuredmedia":[{"embeddable":true,"href":"https:\/\/www.europesays.com\/fr\/wp-json\/wp\/v2\/media\/168834"}],"wp:attachment":[{"href":"https:\/\/www.europesays.com\/fr\/wp-json\/wp\/v2\/media?parent=168833"}],"wp:term":[{"taxonomy":"category","embeddable":true,"href":"https:\/\/www.europesays.com\/fr\/wp-json\/wp\/v2\/categories?post=168833"},{"taxonomy":"post_tag","embeddable":true,"href":"https:\/\/www.europesays.com\/fr\/wp-json\/wp\/v2\/tags?post=168833"}],"curies":[{"name":"wp","href":"https:\/\/api.w.org\/{rel}","templated":true}]}}