{"id":168837,"date":"2025-06-11T18:09:10","date_gmt":"2025-06-11T18:09:10","guid":{"rendered":"https:\/\/www.europesays.com\/fr\/168837\/"},"modified":"2025-06-11T18:09:10","modified_gmt":"2025-06-11T18:09:10","slug":"un-scenario-glacant-en-europe-du-nord-liberation","status":"publish","type":"post","link":"https:\/\/www.europesays.com\/fr\/168837\/","title":{"rendered":"un sc\u00e9nario gla\u00e7ant en Europe du Nord \u2013 Lib\u00e9ration"},"content":{"rendered":"<p class=\"sc-ksZaOG ehjQrN text-element\">Que se passerait-il en Europe si un ensemble de courants essentiels dans l\u2019Atlantique,<a href=\"https:\/\/www.liberation.fr\/environnement\/climat\/un-ensemble-de-courants-marins-crucial-pour-le-climat-est-il-sur-le-point-de-seffondrer-dans-latlantique-nord-20230801_Q7CIUW567ND6HEKM5IQVJPIFLI\/\" target=\"_blank\" rel=\"noreferrer nofollow noopener\" title=\"https:\/\/www.liberation.fr\/environnement\/climat\/un-ensemble-de-courants-marins-crucial-pour-le-climat-est-il-sur-le-point-de-seffondrer-dans-latlantique-nord-20230801_Q7CIUW567ND6HEKM5IQVJPIFLI\/\"> l\u2019Amoc<\/a>, venait \u00e0 fortement faiblir sous l\u2019effet du changement climatique ? C\u2019est ce que tente d\u2019explorer <a href=\"https:\/\/agupubs.onlinelibrary.wiley.com\/doi\/10.1029\/2025GL114611\" target=\"_blank\" rel=\"nofollow noopener\" title=\"https:\/\/agupubs.onlinelibrary.wiley.com\/doi\/10.1029\/2025GL114611\">une \u00e9tude publi\u00e9e ce mercredi 11 juin<\/a> dans la revue scientifique Geophysical Research Letters. Ses deux auteurs, des climatologues n\u00e9erlandais de l\u2019institut royal m\u00e9t\u00e9orologique des Pays-Bas et de l\u2019universit\u00e9 d\u2019Utrecht, avertissent d\u2019\u00abun effet de refroidissement profond sur le nord-ouest de l\u2019Europe\u00bb, avec des extr\u00eames plus intenses. Les chiffres sont spectaculaires : dans le sud de la Norv\u00e8ge, les temp\u00e9ratures pourraient ponctuellement \u00eatre jusqu\u2019\u00e0 25 degr\u00e9s plus froides que lors de la p\u00e9riode pr\u00e9-industrielle (1850-1900) et ainsi atteindre pr\u00e8s de -50 degr\u00e9s \u00e0 Trondheim. Les chercheurs fournissent une liste de vingt villes (Londres, Dublin, Oslo, Stockholm, Berlin\u2026) qui <\/p>\n","protected":false},"excerpt":{"rendered":"Que se passerait-il en Europe si un ensemble de courants essentiels dans l\u2019Atlantique, l\u2019Amoc, venait \u00e0 fortement faiblir&hellip;\n","protected":false},"author":2,"featured_media":168838,"comment_status":"","ping_status":"","sticky":false,"template":"","format":"standard","meta":{"footnotes":""},"categories":[1586],"tags":[11,1777,674,1011,27,12,12687,5140,25],"class_list":{"0":"post-168837","1":"post","2":"type-post","3":"status-publish","4":"format-standard","5":"has-post-thumbnail","7":"category-europe","8":"tag-actualites","9":"tag-eu","10":"tag-europe","11":"tag-fr","12":"tag-france","13":"tag-news","14":"tag-oceans","15":"tag-rechauffement-climatique","16":"tag-republique-francaise"},"share_on_mastodon":{"url":"https:\/\/pubeurope.com\/@fr\/114666075857020423","error":""},"_links":{"self":[{"href":"https:\/\/www.europesays.com\/fr\/wp-json\/wp\/v2\/posts\/168837","targetHints":{"allow":["GET"]}}],"collection":[{"href":"https:\/\/www.europesays.com\/fr\/wp-json\/wp\/v2\/posts"}],"about":[{"href":"https:\/\/www.europesays.com\/fr\/wp-json\/wp\/v2\/types\/post"}],"author":[{"embeddable":true,"href":"https:\/\/www.europesays.com\/fr\/wp-json\/wp\/v2\/users\/2"}],"replies":[{"embeddable":true,"href":"https:\/\/www.europesays.com\/fr\/wp-json\/wp\/v2\/comments?post=168837"}],"version-history":[{"count":0,"href":"https:\/\/www.europesays.com\/fr\/wp-json\/wp\/v2\/posts\/168837\/revisions"}],"wp:featuredmedia":[{"embeddable":true,"href":"https:\/\/www.europesays.com\/fr\/wp-json\/wp\/v2\/media\/168838"}],"wp:attachment":[{"href":"https:\/\/www.europesays.com\/fr\/wp-json\/wp\/v2\/media?parent=168837"}],"wp:term":[{"taxonomy":"category","embeddable":true,"href":"https:\/\/www.europesays.com\/fr\/wp-json\/wp\/v2\/categories?post=168837"},{"taxonomy":"post_tag","embeddable":true,"href":"https:\/\/www.europesays.com\/fr\/wp-json\/wp\/v2\/tags?post=168837"}],"curies":[{"name":"wp","href":"https:\/\/api.w.org\/{rel}","templated":true}]}}