{"id":168849,"date":"2025-06-11T18:17:20","date_gmt":"2025-06-11T18:17:20","guid":{"rendered":"https:\/\/www.europesays.com\/fr\/168849\/"},"modified":"2025-06-11T18:17:20","modified_gmt":"2025-06-11T18:17:20","slug":"atp-queens-andy-murray-au-moment-dinaugurer-le-court-a-son-nom-mon-tennis-est-catastrophique-en-ce-moment-alors-excusez-moi-pour-ce-que-vous-allez-voir","status":"publish","type":"post","link":"https:\/\/www.europesays.com\/fr\/168849\/","title":{"rendered":"ATP &#8211; Queen&rsquo;s > Andy Murray, au moment d\u2019inaugurer le court \u00e0 son nom : \u00ab\u00a0Mon tennis est catastrophique en ce moment, alors excusez-moi pour ce que vous allez voir\u2026\u00a0\u00bb"},"content":{"rendered":"<p>Apr\u00e8s Rafael Nadal \u00e0 Barcelone et Carlos Alcaraz \u00e0 la Ferrero Tennis Academy, au tour d\u2019Andy Murray d\u2019inau\u00adgurer un court \u00e0 son nom, au tournoi du Queen\u2019s.<\/p>\n<p>Lors d\u2019un discours donn\u00e9 sur le gazon non sans \u00e9motion, le joueur Britannique a r\u00e9v\u00e9l\u00e9 \u00e0 quel point ce tournoi lui est\u00a0cher.<\/p>\n<blockquote class=\"twitter-tweet\">\n<p lang=\"fr\" dir=\"ltr\">\ud83d\udc51 Andy MURRAY a d\u00e9sor\u00admais un court \u00e0 son nom au Queen\u2019s \ud83c\udf31<\/p>\n<p>Quintuple cham\u00adpion sur le gazon londo\u00adnien, l\u2019ex N\u00b01 mondial a inau\u00adgur\u00e9 la Andy Murray Arena hier \ud83c\udfdf<\/p>\n<p>\u00ab\u202fJe suis tr\u00e8s recon\u00adnais\u00adsant envers celui qui a d\u00e9cid\u00e9 du nom de ce stade\u202f!\u202f\u00bb \ud83d\ude01 <a href=\"https:\/\/t.co\/rmFEsQRBoc\" data-wpel-link=\"external\" target=\"_blank\" rel=\"nofollow external noopener\">pic.twitter.com\/rmFEsQRBoc<\/a><\/p>\n<p>\u2014 We Are Tennis France (@WeAreTennisFR) <a href=\"https:\/\/twitter.com\/WeAreTennisFR\/status\/1932736335984390397?ref_src=twsrc%5Etfw\" data-wpel-link=\"external\" target=\"_blank\" rel=\"nofollow external noopener\">June 11,\u00a02025<\/a><\/p><\/blockquote>\n<p><strong>\u00ab\u202f\u00c9videmment, \u00e7a me manque d\u2019\u00eatre ici. C\u2019est la premi\u00e8re fois que je ne parti\u00adcipe pas \u00e0 une saison sur gazon depuis un certain temps. Mais j\u2019ai une nouvelle vie main\u00adte\u00adnant et j\u2019appr\u00e9cie un peu d\u2019\u00eatre loin du sport. Mon tennis est catas\u00adtro\u00adphique en ce moment, alors je m\u2019excuse pour ce que vous allez voir, mais je vais essayer (il a tap\u00e9 quelques balles apr\u00e8s, ndlr). Ce tournoi et ce court ont eu de nombreux moments sp\u00e9ciaux pour moi en tant que joueur. C\u2019est dans ce tournoi que j\u2019ai remport\u00e9 mon premier match de l\u2019ATP Tour et c\u2019est l\u2019\u00e9v\u00e9nement le plus r\u00e9ussi. J\u2019aime toujours revenir ici au d\u00e9but de l\u2019\u00e9t\u00e9 britan\u00adnique. Je suis tr\u00e8s fier des r\u00e9sul\u00adtats que j\u2019ai obtenus ici et je suis tr\u00e8s recon\u00adnais\u00adsant envers celui qui a d\u00e9cid\u00e9 de donner mon nom au\u00a0stade.\u202f\u00bb<\/strong><\/p>\n<p class=\"post-published-date\" style=\"color: silver; font-size: 75%; text-align: left;\">Publi\u00e9 le mercredi 11 juin 2025 \u00e0 12:51<\/p>\n<p><script async src=\"https:\/\/platform.twitter.com\/widgets.js\" charset=\"utf-8\"><\/script><\/p>\n","protected":false},"excerpt":{"rendered":"Apr\u00e8s Rafael Nadal \u00e0 Barcelone et Carlos Alcaraz \u00e0 la Ferrero Tennis Academy, au tour d\u2019Andy Murray d\u2019inau\u00adgurer&hellip;\n","protected":false},"author":2,"featured_media":116842,"comment_status":"","ping_status":"","sticky":false,"template":"","format":"standard","meta":{"footnotes":""},"categories":[1415],"tags":[1744,4737,7275,1011,27,1960,60,1467],"class_list":{"0":"post-168849","1":"post","2":"type-post","3":"status-publish","4":"format-standard","5":"has-post-thumbnail","7":"category-tennis","8":"tag-alcaraz","9":"tag-andy-murray","10":"tag-ferrero","11":"tag-fr","12":"tag-france","13":"tag-nadal","14":"tag-sports","15":"tag-tennis"},"share_on_mastodon":{"url":"https:\/\/pubeurope.com\/@fr\/114666107203928738","error":""},"_links":{"self":[{"href":"https:\/\/www.europesays.com\/fr\/wp-json\/wp\/v2\/posts\/168849","targetHints":{"allow":["GET"]}}],"collection":[{"href":"https:\/\/www.europesays.com\/fr\/wp-json\/wp\/v2\/posts"}],"about":[{"href":"https:\/\/www.europesays.com\/fr\/wp-json\/wp\/v2\/types\/post"}],"author":[{"embeddable":true,"href":"https:\/\/www.europesays.com\/fr\/wp-json\/wp\/v2\/users\/2"}],"replies":[{"embeddable":true,"href":"https:\/\/www.europesays.com\/fr\/wp-json\/wp\/v2\/comments?post=168849"}],"version-history":[{"count":0,"href":"https:\/\/www.europesays.com\/fr\/wp-json\/wp\/v2\/posts\/168849\/revisions"}],"wp:featuredmedia":[{"embeddable":true,"href":"https:\/\/www.europesays.com\/fr\/wp-json\/wp\/v2\/media\/116842"}],"wp:attachment":[{"href":"https:\/\/www.europesays.com\/fr\/wp-json\/wp\/v2\/media?parent=168849"}],"wp:term":[{"taxonomy":"category","embeddable":true,"href":"https:\/\/www.europesays.com\/fr\/wp-json\/wp\/v2\/categories?post=168849"},{"taxonomy":"post_tag","embeddable":true,"href":"https:\/\/www.europesays.com\/fr\/wp-json\/wp\/v2\/tags?post=168849"}],"curies":[{"name":"wp","href":"https:\/\/api.w.org\/{rel}","templated":true}]}}