{"id":168854,"date":"2025-06-11T18:21:10","date_gmt":"2025-06-11T18:21:10","guid":{"rendered":"https:\/\/www.europesays.com\/fr\/168854\/"},"modified":"2025-06-11T18:21:10","modified_gmt":"2025-06-11T18:21:10","slug":"evenepoel-ecrase-le-chrono-de-la-4e-etape-vingegaard-et-pogacar-concedent-du-temps","status":"publish","type":"post","link":"https:\/\/www.europesays.com\/fr\/168854\/","title":{"rendered":"Evenepoel \u00e9crase le chrono de la 4e \u00e9tape, Vingegaard et Pogacar conc\u00e8dent du temps"},"content":{"rendered":"<p>En sp\u00e9cialiste, Remco Evenepoel a battu ses rivaux Jonas Vingegaard et Tadej Pogacar sur le parcours de 17,4 km ce mercredi \u00e0 Saint-Peray. Le Belge s\u2019empare du maillot jaune.<\/p>\n<p class=\"fig-paragraph\">On attendait une explication, elle a eu lieu. Ce mercredi \u00e0 Saint-Peray (Ard\u00e8che),\u00a0<a href=\"https:\/\/www.lefigaro.fr\/sports\/cyclisme\/en-direct-4e-etape-criterium-du-dauphine-bagarre-attendue-entre-pogacar-vingegaard-et-evenepoel-sur-le-contre-la-montre-20250611\" target=\"_blank\" data-fig-type=\"Live\" rel=\"noopener nofollow\" data-gtm-custom-categorie=\"navigation\" data-gtm-custom-action=\"crossclick\" data-gtm-custom-label=\"Contextuel\" data-gtm-event=\"customEventSPE\" data-fig-domain=\"LEFIGARO\">le contre-la-montre de 17,4 km, comptant pour la 4e \u00e9tape du Crit\u00e9rium du Dauphin\u00e9<\/a>, a offert une bataille entre les cadors du peloton. Et \u00e0 ce petit jeu-l\u00e0, c\u2019est le champion du monde et olympique de la discipline, Remco Evenepoel, qui a frapp\u00e9 un grand coup.<\/p>\n<p class=\"fig-paragraph\">Sp\u00e9cialiste et profitant d\u2019un parcours sur mesure, le Belge de la Soudal Quick-Step a \u00e9cras\u00e9 le chrono avec une vitesse moyenne de 50km\/h en s\u2019imposant avec 21 secondes d\u2019avance sur Jonas Vingegaard (Visma-Lease a Bike). Matteo Jorgenson, co\u00e9quipier du Danois, termine 3e \u00e0 38 secondes. Pour une fois en difficult\u00e9, Tadej Pogacar (4e) conc\u00e8de 49 secondes \u00e0 Evenepoel. Ce dernier profite de son succ\u00e8s pour ravir le maillot jaune au jeune espagnol Ivan Romeo (Movistar),<a href=\"http:\/\/www.lefigaro.fr\/sports\/cyclisme\/cyclisme-la-surprise-ivan-romeo-s-impose-lors-de-la-3e-etape-du-criterium-du-dauphine-20250610\" target=\"_blank\" data-fig-type=\"NewsFlash\" rel=\"noopener nofollow\" data-gtm-custom-categorie=\"navigation\" data-gtm-custom-action=\"crossclick\" data-gtm-custom-label=\"Contextuel\" data-gtm-event=\"customEventSPE\" data-fig-domain=\"LEFIGARO\">\u00a0vainqueur mardi<\/a>\u00a0mais trop juste cet apr\u00e8s-midi (15e \u00e0 1\u201925\u2019\u2019).<\/p>\n<p class=\"fig-paragraph\">\u00abRemco\u00bb est donc le nouveau leader de cette 77e \u00e9dition qui se d\u00e9cidera lors des trois derni\u00e8res \u00e9tapes dans les Alpes \u00e0 partir de vendredi. Au classement g\u00e9n\u00e9ral, il devance d\u00e9sormais l\u2019Allemand Florian Lipowitz (\u00e0 4\u2019\u2019), Romeo (9\u2019\u2019), Mathieu van der Poel (14\u2019\u2019) et Vingegaard (16\u2019\u2019). Pogacar se retrouve, lui, \u00e0 la 8e place \u00e0 38\u2019\u2019 du nouveau patron de la course.<\/p>\n<p>Evenepoel en \u00abbien meilleure forme que l\u2019ann\u00e9e derni\u00e8re \u00e0 la m\u00eame \u00e9poque\u00bb<\/p>\n<p class=\"fig-paragraph\">Evenepoel d\u00e9croche au passage la 1000e victoire de l\u2019histoire de son \u00e9quipe Soudal Quick-Step depuis sa cr\u00e9ation en 2003 par Patrick Lefevere sous le nom de Quick Step-Davitamon. \u00abJe suis tr\u00e8s fier de l\u2019avoir fait, je la d\u00e9die \u00e0 Patrick pour tout ce qu\u2019il a fait pour cette \u00e9quipe\u00bb, a-t-il d\u00e9clar\u00e9 avec, sur la t\u00eate, une casquette sp\u00e9cialement fabriqu\u00e9e pour l\u2019occasion. \u00abMon but \u00e9tait d\u2019aller le plus rapidement possible jusqu\u2019au temps interm\u00e9diaire et d\u2019adopter un bon rythme apr\u00e8s. On avait une strat\u00e9gie parfaite\u00bb, a ajout\u00e9 le Belge, vainqueur l\u2019an dernier d\u00e9j\u00e0 du chrono du Dauphin\u00e9 et qui compte d\u00e9sormais 19 victoires dans un contre-la-montre.<\/p>\n<p class=\"fig-paragraph\">Des trois t\u00eates d\u2019affiche, Pogacar a fait la plus mauvaise impression. \u00abCe sont des \u00e9carts assez importants pour un chrono aussi court. Je suis tr\u00e8s content d\u2019avoir mis plus d\u2019une seconde et m\u00eame deux au kilom\u00e8tre \u00e0 tout le monde\u00bb, a dit Evenepoel, en \u00abbien meilleure forme que l\u2019ann\u00e9e derni\u00e8re \u00e0 la m\u00eame \u00e9poque\u00bb. \u00abIl y aura beaucoup de pression maintenant, mais cette victoire me donne confiance pour essayer de d\u00e9fendre le maillot jaune jusqu\u2019\u00e0 dimanche soir\u00bb, a-t-il ajout\u00e9.<\/p>\n<p class=\"fig-paragraph\">\u00c0 noter aussi, la superbe performance du jeune Fran\u00e7ais Paul Seixas. \u00c2g\u00e9 de seulement 18 ans, le champion du monde juniors du contre-la-montre a termin\u00e9 dixi\u00e8me \u00e0 1\u201912\u2019\u2019.<\/p>\n","protected":false},"excerpt":{"rendered":"En sp\u00e9cialiste, Remco Evenepoel a battu ses rivaux Jonas Vingegaard et Tadej Pogacar sur le parcours de 17,4&hellip;\n","protected":false},"author":2,"featured_media":168855,"comment_status":"","ping_status":"","sticky":false,"template":"","format":"standard","meta":{"footnotes":""},"categories":[1411],"tags":[1141,1142,24803,1154,207,1143,1011,27,27884,11697,60,1138,1140,1139,210],"class_list":{"0":"post-168854","1":"post","2":"type-post","3":"status-publish","4":"format-standard","5":"has-post-thumbnail","7":"category-cyclisme","8":"tag-actualite-cyclisme","9":"tag-competition-cyclisme","10":"tag-criterium-du-dauphine","11":"tag-cycling","12":"tag-cyclisme","13":"tag-cyclisme-actu","14":"tag-fr","15":"tag-france","16":"tag-jonas-vingegaard","17":"tag-remco-evenepoel","18":"tag-sports","19":"tag-tadej-pogacar","20":"tag-tour-despagne","21":"tag-tour-ditalie","22":"tag-tour-de-france"},"share_on_mastodon":{"url":"https:\/\/pubeurope.com\/@fr\/114666123075560286","error":""},"_links":{"self":[{"href":"https:\/\/www.europesays.com\/fr\/wp-json\/wp\/v2\/posts\/168854","targetHints":{"allow":["GET"]}}],"collection":[{"href":"https:\/\/www.europesays.com\/fr\/wp-json\/wp\/v2\/posts"}],"about":[{"href":"https:\/\/www.europesays.com\/fr\/wp-json\/wp\/v2\/types\/post"}],"author":[{"embeddable":true,"href":"https:\/\/www.europesays.com\/fr\/wp-json\/wp\/v2\/users\/2"}],"replies":[{"embeddable":true,"href":"https:\/\/www.europesays.com\/fr\/wp-json\/wp\/v2\/comments?post=168854"}],"version-history":[{"count":0,"href":"https:\/\/www.europesays.com\/fr\/wp-json\/wp\/v2\/posts\/168854\/revisions"}],"wp:featuredmedia":[{"embeddable":true,"href":"https:\/\/www.europesays.com\/fr\/wp-json\/wp\/v2\/media\/168855"}],"wp:attachment":[{"href":"https:\/\/www.europesays.com\/fr\/wp-json\/wp\/v2\/media?parent=168854"}],"wp:term":[{"taxonomy":"category","embeddable":true,"href":"https:\/\/www.europesays.com\/fr\/wp-json\/wp\/v2\/categories?post=168854"},{"taxonomy":"post_tag","embeddable":true,"href":"https:\/\/www.europesays.com\/fr\/wp-json\/wp\/v2\/tags?post=168854"}],"curies":[{"name":"wp","href":"https:\/\/api.w.org\/{rel}","templated":true}]}}