{"id":168858,"date":"2025-06-11T18:23:10","date_gmt":"2025-06-11T18:23:10","guid":{"rendered":"https:\/\/www.europesays.com\/fr\/168858\/"},"modified":"2025-06-11T18:23:10","modified_gmt":"2025-06-11T18:23:10","slug":"donald-trump-va-voir-les-miserables-malgre-les-menaces-de-boycott-par-les-comediens","status":"publish","type":"post","link":"https:\/\/www.europesays.com\/fr\/168858\/","title":{"rendered":"Donald Trump va voir Les Mis\u00e9rables, malgr\u00e9 les menaces de boycott par les com\u00e9diens"},"content":{"rendered":"<p>La venue du pr\u00e9sident au Kennedy Center intervient alors qu\u2019il a repris les r\u00eanes de l\u2019institution pour y installer une direction faite de fid\u00e8les.<\/p>\n<p class=\"fig-paragraph\">Un pr\u00e9sident qui\u00a0<a href=\"http:\/\/www.lefigaro.fr\/international\/immigration-l-affrontement-avec-trump-se-durcit-a-los-angeles-et-gagne-d-autres-villes-democrates-20250610\" data-fig-type=\"Article\" data-gtm-custom-categorie=\"navigation\" data-gtm-custom-action=\"crossclick\" data-gtm-custom-label=\"Contextuel\" data-gtm-event=\"customEventSPE\" data-fig-domain=\"LEFIGARO\" target=\"_blank\" rel=\"noopener\">envoie l&rsquo;arm\u00e9e<\/a>\u00a0face \u00e0 des\u00a0<a href=\"https:\/\/www.lefigaro.fr\/story\/couvre-feu-a-los-angeles-borne-demande-une-minute-de-silence-dans-les-ecoles-amra-extrait-de-prison-en-helicoptere-les-5-infos-a-connaitre-ce-11-juin-17916\" data-fig-type=\"Story\" data-gtm-custom-categorie=\"navigation\" data-gtm-custom-action=\"crossclick\" data-gtm-custom-label=\"Contextuel\" data-gtm-event=\"customEventSPE\" data-fig-domain=\"LEFIGARO\" target=\"_blank\" rel=\"noopener\">manifestants,<\/a>\u00a0devant un spectacle c\u00e9l\u00e9brant un soul\u00e8vement populaire contre un despote\u00a0:\u00a0<a href=\"http:\/\/www.lefigaro.fr\/international\/des-militaires-des-marines-vont-etre-deployes-a-los-angeles-20250609\" data-fig-type=\"NewsFlash\" data-gtm-custom-categorie=\"navigation\" data-gtm-custom-action=\"crossclick\" data-gtm-custom-label=\"Contextuel\" data-gtm-event=\"customEventSPE\" data-fig-domain=\"LEFIGARO\" target=\"_blank\" rel=\"noopener\">Donald Trump<\/a>\u00a0va assister mercredi \u00e0 la com\u00e9die musicale\u00a0<a href=\"http:\/\/www.lefigaro.fr\/theatre\/la-presence-de-trump-a-la-ceremonie-des-kennedy-center-provoque-le-boycott-d-une-partie-de-la-troupe-des-miserables-20250509\" data-fig-type=\"Article\" data-gtm-custom-categorie=\"navigation\" data-gtm-custom-action=\"crossclick\" data-gtm-custom-label=\"Contextuel\" data-gtm-event=\"customEventSPE\" data-fig-domain=\"LEFIGARO\" target=\"_blank\" rel=\"noopener\">Les Mis\u00e9rables,<\/a> \u00a0une sortie culturelle pr\u00e9vue de longue date mais qui prend, l&rsquo;actualit\u00e9 aidant, un relief tout particulier. La pi\u00e8ce, adapt\u00e9e du roman de\u00a0<a href=\"http:\/\/www.lefigaro.fr\/culture\/gravures-sur-bois-encre-de-chine-fusains-francois-chifflart-artiste-au-service-de-victor-hugo-20241129\" data-fig-type=\"Article\" data-gtm-custom-categorie=\"navigation\" data-gtm-custom-action=\"crossclick\" data-gtm-custom-label=\"Contextuel\" data-gtm-event=\"customEventSPE\" data-fig-domain=\"LEFIGARO\" target=\"_blank\" rel=\"noopener\">Victor Hugo,<\/a>\u00a0emm\u00e8ne les spectateurs sur les barricades \u00e0 Paris pendant la courte insurrection de juin 1832 contre la monarchie, r\u00e9prim\u00e9e dans le sang par l&rsquo;arm\u00e9e et la garde nationale.<\/p>\n<p class=\"fig-paragraph\">\u00abJ&rsquo;aime les chansons, j&rsquo;aime la pi\u00e8ce\u00bb, avait r\u00e9cemment affirm\u00e9 le pr\u00e9sident r\u00e9publicain, ouvertement accus\u00e9 mardi de d\u00e9rive autoritaire par le gouverneur de Californie\u00a0<a href=\"http:\/\/www.lefigaro.fr\/international\/emeutes-anti-expulsions-a-los-angeles-le-gouverneur-californien-gavin-newsom-accuse-donald-trump-de-menacer-la-democratie-americaine-20250611\" data-fig-type=\"Article\" data-gtm-custom-categorie=\"navigation\" data-gtm-custom-action=\"crossclick\" data-gtm-custom-label=\"Contextuel\" data-gtm-event=\"customEventSPE\" data-fig-domain=\"LEFIGARO\" target=\"_blank\" rel=\"noopener\">Gavin Newsom<\/a>.<\/p>\n<p class=\"fig-paragraph\">Selon CNN, des com\u00e9diens pourraient refuser de participer \u00e0 la repr\u00e9sentation au\u00a0<a href=\"http:\/\/www.lefigaro.fr\/flash-actu\/mainmise-de-trump-sur-le-kennedy-center-la-comedie-musicale-hamilton-annule-ses-representations-20250306\" data-fig-type=\"NewsFlash\" data-gtm-custom-categorie=\"navigation\" data-gtm-custom-action=\"crossclick\" data-gtm-custom-label=\"Contextuel\" data-gtm-event=\"customEventSPE\" data-fig-domain=\"LEFIGARO\" target=\"_blank\" rel=\"noopener\">Kennedy Center,<\/a>\u00a0prestigieuse salle de spectacle de Washington dont le pr\u00e9sident am\u00e9ricain a pris r\u00e9cemment les r\u00eanes, et o\u00f9 il a install\u00e9 une direction faite de fid\u00e8les, charg\u00e9e d&rsquo;imprimer un tournant r\u00e9solument anti-progressiste \u00e0 la programmation.<\/p>\n<p class=\"fig-body-link\">\n            \u00c0 lire aussi<br \/>\n        <a class=\"fig-body-link__link\" href=\"http:\/\/www.lefigaro.fr\/culture\/cardi-b-critique-du-bout-des-levres-la-decision-de-trump-de-mobiliser-la-police-a-los-angeles-20250611\" data-fig-type=\"Article\" data-gtm-custom-categorie=\"navigation\" data-gtm-custom-action=\"crossclick\" data-gtm-custom-label=\"Contextuel\" data-gtm-event=\"customEventSPE\" data-fig-domain=\"LEFIGARO\" target=\"_blank\" rel=\"noopener\">\u00ab Atmosph\u00e8re dictatoriale\u00a0\u00bb\u00a0: Cardi B critique la d\u00e9cision de Trump de mobiliser la police \u00e0 Los Angeles<br \/>\n    <\/a>\n<\/p>\n<p>Soir\u00e9e de gala<\/p>\n<p class=\"fig-paragraph\">Le spectacle de mercredi n&rsquo;est pas une repr\u00e9sentation ordinaire\u00a0: la com\u00e9die musicale est donn\u00e9e dans le cadre d&rsquo;une soir\u00e9e de lev\u00e9e de fonds, destin\u00e9e \u00e0 garnir les caisses de l&rsquo;institution. Selon le Washington Post, il en co\u00fbte 2\u00a0millions de dollars pour participer \u00e0 une r\u00e9ception et prendre une photo avec Donald Trump, en plus d&rsquo;assister au spectacle dans une loge.<\/p>\n<p class=\"fig-paragraph\">La plus c\u00e9l\u00e8bre chanson de cette com\u00e9die musicale, cr\u00e9\u00e9e en France en 1980 puis devenue un ph\u00e9nom\u00e8ne mondial apr\u00e8s son adaptation \u00e0 Broadway, est un appel au soul\u00e8vement populaire, qui s&rsquo;intitule en anglais Do you hear the people\u00a0? Dans la version fran\u00e7aise, La volont\u00e9 du peuple. Donald Trump l&rsquo;avait fait jouer avant d&rsquo;annoncer, le 15 novembre 2022, qu&rsquo;il se pr\u00e9sentait \u00e0 nouveau \u00e0 l&rsquo;\u00e9lection pr\u00e9sidentielle.<\/p>\n<p>\u00ab\u00a0Un assaut g\u00e9n\u00e9ralis\u00e9 contre les valeurs am\u00e9ricaines\u00a0\u00bb<\/p>\n<p class=\"fig-paragraph\">C&rsquo;est juste apr\u00e8s avoir envoy\u00e9 des milliers de soldats \u00e0 Los Angeles, suite \u00e0 des heurts entre les forces de l&rsquo;ordre et des manifestants oppos\u00e9s \u00e0 sa politique migratoire, que le pr\u00e9sident am\u00e9ricain va s&rsquo;installer dans la loge du Kennedy Center. Dans son discours le plus virulent \u00e0 ce jour sur ces d\u00e9bordements, Donald Trump a affirm\u00e9 mardi qu&rsquo;il allait \u00ab\u00a0lib\u00e9rer\u00a0\u00bb la m\u00e9gapole californienne de ceux qu&rsquo;il appelle des \u00ab\u00a0insurg\u00e9s\u00a0\u00bb et des \u00ab\u00a0ennemis \u00e9trangers\u00a0\u00bb. Le gouverneur d\u00e9mocrate de Californie Gavin Newsom, oppos\u00e9 \u00e0 ce d\u00e9ploiement de l&rsquo;arm\u00e9e, a r\u00e9pondu mardi par une allocution tr\u00e8s sombre, en parlant d&rsquo;un \u00ab\u00a0pr\u00e9sident qui ne veut \u00eatre tenu par aucune loi ou constitution, menant un assaut g\u00e9n\u00e9ralis\u00e9 contre les valeurs am\u00e9ricaines\u00a0\u00bb.<\/p>\n<p class=\"fig-paragraph\">La soir\u00e9e au Kennedy Center, pr\u00e9vue avant ces heurts, illustre la volont\u00e9 du r\u00e9publicain d&rsquo;affirmer son emprise sur le monde de la culture et du spectacle. Engag\u00e9 dans une croisade ultra-conservatrice contre ce qu&rsquo;il appelle la \u00ab\u00a0propagande antiam\u00e9ricaine\u00a0\u00bb dans l&rsquo;art mais aussi dans la recherche et l&rsquo;histoire, le pr\u00e9sident am\u00e9ricain a aussi repris le contr\u00f4le de plusieurs grands mus\u00e9es de Washington. Il a par ailleurs renvoy\u00e9 les dirigeantes de deux prestigieuses institutions, la National Portrait Gallery et la Librairie du congr\u00e8s.<\/p>\n","protected":false},"excerpt":{"rendered":"La venue du pr\u00e9sident au Kennedy Center intervient alors qu\u2019il a repris les r\u00eanes de l\u2019institution pour y&hellip;\n","protected":false},"author":2,"featured_media":168859,"comment_status":"","ping_status":"","sticky":false,"template":"","format":"standard","meta":{"footnotes":""},"categories":[1359],"tags":[47,1350,1348,1345,650,11722,251,58,75,59,1349,1346,1011,27,1351,873,973,252,1347,1352,2744],"class_list":{"0":"post-168858","1":"post","2":"type-post","3":"status-publish","4":"format-standard","5":"has-post-thumbnail","7":"category-people","8":"tag-actualite","9":"tag-architecture","10":"tag-arts","11":"tag-cine","12":"tag-cinema","13":"tag-comedie-musicale","14":"tag-culture","15":"tag-divertissement","16":"tag-donald-trump","17":"tag-entertainment","18":"tag-expositions","19":"tag-films","20":"tag-fr","21":"tag-france","22":"tag-litterature","23":"tag-musique","24":"tag-people","25":"tag-television","26":"tag-theatre","27":"tag-urbanisme","28":"tag-washington"},"share_on_mastodon":{"url":"https:\/\/pubeurope.com\/@fr\/114666130843736083","error":""},"_links":{"self":[{"href":"https:\/\/www.europesays.com\/fr\/wp-json\/wp\/v2\/posts\/168858","targetHints":{"allow":["GET"]}}],"collection":[{"href":"https:\/\/www.europesays.com\/fr\/wp-json\/wp\/v2\/posts"}],"about":[{"href":"https:\/\/www.europesays.com\/fr\/wp-json\/wp\/v2\/types\/post"}],"author":[{"embeddable":true,"href":"https:\/\/www.europesays.com\/fr\/wp-json\/wp\/v2\/users\/2"}],"replies":[{"embeddable":true,"href":"https:\/\/www.europesays.com\/fr\/wp-json\/wp\/v2\/comments?post=168858"}],"version-history":[{"count":0,"href":"https:\/\/www.europesays.com\/fr\/wp-json\/wp\/v2\/posts\/168858\/revisions"}],"wp:featuredmedia":[{"embeddable":true,"href":"https:\/\/www.europesays.com\/fr\/wp-json\/wp\/v2\/media\/168859"}],"wp:attachment":[{"href":"https:\/\/www.europesays.com\/fr\/wp-json\/wp\/v2\/media?parent=168858"}],"wp:term":[{"taxonomy":"category","embeddable":true,"href":"https:\/\/www.europesays.com\/fr\/wp-json\/wp\/v2\/categories?post=168858"},{"taxonomy":"post_tag","embeddable":true,"href":"https:\/\/www.europesays.com\/fr\/wp-json\/wp\/v2\/tags?post=168858"}],"curies":[{"name":"wp","href":"https:\/\/api.w.org\/{rel}","templated":true}]}}