{"id":16886,"date":"2025-04-11T09:01:09","date_gmt":"2025-04-11T09:01:09","guid":{"rendered":"https:\/\/www.europesays.com\/fr\/16886\/"},"modified":"2025-04-11T09:01:09","modified_gmt":"2025-04-11T09:01:09","slug":"la-course-de-cote-a-velo-la-plus-courte-au-monde-montee-infernale-ce-samedi-12-avril-a-clermont-ferrand","status":"publish","type":"post","link":"https:\/\/www.europesays.com\/fr\/16886\/","title":{"rendered":"\u00ab\u00a0La course de c\u00f4te \u00e0 v\u00e9lo la plus courte au monde\u00a0!\u00a0\u00bb Mont\u00e9e infernale ce samedi 12\u00a0avril \u00e0 Clermont-Ferrand"},"content":{"rendered":"<p class=\"paragraph text_align_left\">\u00ab C\u2019est tout simplement la course de c\u00f4te \u00e0 v\u00e9lo la plus courte au monde : seulement 200 m\u00e8tres avec un passage \u00e0 plus de 20 % de d\u00e9nivel\u00e9 \u00e0 l\u2019arriv\u00e9e ! \u00bb En lan\u00e7ant cette id\u00e9e un peu folle avec des amis de son association de quartier, Julien Le Coq ne pensait pas rencontrer un tel succ\u00e8s. Cette course de v\u00e9lo compl\u00e8tement d\u00e9cal\u00e9e, organis\u00e9e pour la premi\u00e8re fois l\u2019an dernier dans l\u2019une des rues les plus pentues de Clermont-Ferrand (Puy-de-D\u00f4me), conna\u00eetra donc une deuxi\u00e8me \u00e9dition. Et d\u00e9j\u00e0, les amateurs sont au rendez-vous.<\/p>\n<p class=\"paragraph text_align_left\">\u00ab Au d\u00e9part, on a lanc\u00e9 cette id\u00e9e pour s\u2019amuser, explique le b\u00e9n\u00e9vole. On avait volontairement limit\u00e9 la participation \u00e0 100 personnes, ce qui nous semblait d\u00e9j\u00e0 \u00e9lev\u00e9. Mais on a d\u00fb refuser du monde. Cette ann\u00e9e, on est mont\u00e9 \u00e0 150 ! \u00bb<\/p>\n<p class=\"paragraph text_align_left\">Coureurs confirm\u00e9s ou cyclistes du dimanche (du samedi en l\u2019occurrence !), tout le monde peut prendre le d\u00e9part de la Mont\u00e9e infernale, dans la limite du nombre d\u2019inscriptions. \u00ab Toutes les g\u00e9n\u00e9rations, quel que soit le niveau, peuvent concourir, que ce soit en v\u00e9lo de route, en fixie (v\u00e9lo sans vitesse), en BMX ou m\u00eame en tandem. Cette ann\u00e9e, certains participants feront le d\u00e9placement depuis la Dr\u00f4me, l\u2019Is\u00e8re ou m\u00eame la Normandie \u00bb, s\u2019enthousiasme Julien Le Coq.<\/p>\n<p>\u00c0 chacun son morceau de musique<\/p>\n<p class=\"paragraph text_align_left\">Pour cette seconde \u00e9dition, l\u2019association de quartier<b> <\/b>Fluide Glaci\u00e8re ne change pas une comp\u00e9tition qui gagne. La course aura lieu \u00e0 nouveau sur le haut de la rue Docteur-Hospital, l\u2019une des plus raides de la capitale arverne. Comme l\u2019an dernier, elle se d\u00e9roulera en mode contre-la-montre : d\u00e9part toutes les minutes et en musique \u00e0 partir de 10 heures ! (remise des prix \u00e0 18h30, r\u00e9ouverture \u00e0 la circulation \u00e0 19 heures) \u00ab C\u2019est l\u2019originalit\u00e9 de cette manifestation : le parcours sera enti\u00e8rement sonoris\u00e9 pour que chaque participant grimpe sur son morceau pr\u00e9f\u00e9r\u00e9 et trouve la force d\u2019aller jusqu\u2019au bout. \u00bb<\/p>\n<p class=\"paragraph text_align_left\">Les spectateurs souvent d\u00e9guis\u00e9s pourront \u00e9galement profiter du<b> <\/b>Village d\u00e9part, en mode \u00e9tape du Tour de France. \u00ab Une quarantaine de partenaires sont \u00e0 nos c\u00f4t\u00e9s. On y trouvera plus d\u2019une douzaine de stands d\u2019entreprises ou d\u2019associations li\u00e9es au v\u00e9lo : r\u00e9paration, mat\u00e9riel, accessoires, \u00e9dition\u2026 \u00bb L\u2019id\u00e9e est bien s\u00fbr de passer un bon moment, sportif et festif, comme une r\u00e9p\u00e9tition g\u00e9n\u00e9rale avant le passage du \u00ab vrai \u00bb <a href=\"https:\/\/www.leparisien.fr\/sports\/cyclisme\/tour-de-france\/\" target=\"_blank\" rel=\"noopener\">Tour de France<\/a> dans le Puy-de-D\u00f4me. Les hommes sont attendus le 14 juillet et les <a href=\"https:\/\/www.leparisien.fr\/puy-de-dome-63\/marion-rousse-en-vrp-du-tour-de-france-femmes-a-clermont-ferrand-28-03-2025-RYLGX77XMFBATIFDSN2F7KK22Q.php\" target=\"_blank\" rel=\"noopener\">femmes le 31 juillet<\/a> pour un programme beaucoup plus s\u00e9rieux.<\/p>\n","protected":false},"excerpt":{"rendered":"\u00ab C\u2019est tout simplement la course de c\u00f4te \u00e0 v\u00e9lo la plus courte au monde : seulement 200&hellip;\n","protected":false},"author":2,"featured_media":16887,"comment_status":"","ping_status":"","sticky":false,"template":"","format":"standard","meta":{"footnotes":""},"categories":[1411],"tags":[917,1154,207,459,1011,27,6875,60],"class_list":{"0":"post-16886","1":"post","2":"type-post","3":"status-publish","4":"format-standard","5":"has-post-thumbnail","7":"category-cyclisme","8":"tag-actu-locale","9":"tag-cycling","10":"tag-cyclisme","11":"tag-departements-horsidfo","12":"tag-fr","13":"tag-france","14":"tag-puy-de-dome-63","15":"tag-sports"},"share_on_mastodon":{"url":"https:\/\/pubeurope.com\/@fr\/114318520109516045","error":""},"_links":{"self":[{"href":"https:\/\/www.europesays.com\/fr\/wp-json\/wp\/v2\/posts\/16886","targetHints":{"allow":["GET"]}}],"collection":[{"href":"https:\/\/www.europesays.com\/fr\/wp-json\/wp\/v2\/posts"}],"about":[{"href":"https:\/\/www.europesays.com\/fr\/wp-json\/wp\/v2\/types\/post"}],"author":[{"embeddable":true,"href":"https:\/\/www.europesays.com\/fr\/wp-json\/wp\/v2\/users\/2"}],"replies":[{"embeddable":true,"href":"https:\/\/www.europesays.com\/fr\/wp-json\/wp\/v2\/comments?post=16886"}],"version-history":[{"count":0,"href":"https:\/\/www.europesays.com\/fr\/wp-json\/wp\/v2\/posts\/16886\/revisions"}],"wp:featuredmedia":[{"embeddable":true,"href":"https:\/\/www.europesays.com\/fr\/wp-json\/wp\/v2\/media\/16887"}],"wp:attachment":[{"href":"https:\/\/www.europesays.com\/fr\/wp-json\/wp\/v2\/media?parent=16886"}],"wp:term":[{"taxonomy":"category","embeddable":true,"href":"https:\/\/www.europesays.com\/fr\/wp-json\/wp\/v2\/categories?post=16886"},{"taxonomy":"post_tag","embeddable":true,"href":"https:\/\/www.europesays.com\/fr\/wp-json\/wp\/v2\/tags?post=16886"}],"curies":[{"name":"wp","href":"https:\/\/api.w.org\/{rel}","templated":true}]}}