{"id":168862,"date":"2025-06-11T18:25:11","date_gmt":"2025-06-11T18:25:11","guid":{"rendered":"https:\/\/www.europesays.com\/fr\/168862\/"},"modified":"2025-06-11T18:25:11","modified_gmt":"2025-06-11T18:25:11","slug":"un-livre-qui-eclaire-le-mystere","status":"publish","type":"post","link":"https:\/\/www.europesays.com\/fr\/168862\/","title":{"rendered":"un livre qui \u00e9claire le myst\u00e8re"},"content":{"rendered":"<p><strong>Willy Graff, journaliste depuis 20 ans \u00e0 L\u2019Est R\u00e9publicain o\u00f9 vous dirigez la r\u00e9daction de Besan\u00e7on, vous avez consacr\u00e9 pr\u00e8s de 200 articles \u00e0 l\u2019affaire de cette \u00e9tudiante japonaise disparue \u00e0 Besan\u00e7on en 2016. Vous avez suivi des centaines de faits divers, de l\u2019affaire Daval \u00e0 celle de l\u2019anesth\u00e9siste Fr\u00e9d\u00e9ric P\u00e9chier. Pourquoi avoir voulu consacrer un livre pr\u00e9cis\u00e9ment \u00e0 celle-ci ?<\/strong><\/p>\n<p>\u00ab L\u2019id\u00e9e ne m\u2019est pas venue d\u2019embl\u00e9e. C\u2019est au fil des ann\u00e9es &#8211; 8 ans de proc\u00e9dure toute de m\u00eame ! &#8211; que j\u2019ai ressenti le besoin d\u2019aller au-del\u00e0 de l\u2019article de presse classique, pour qu\u2019il reste de cette histoire quelque chose de plus durable. La victime, Narumi, n\u2019a jamais \u00e9t\u00e9 retrouv\u00e9e. Je ne dirais pas que j\u2019ai \u00e9crit ce livre en sa m\u00e9moire, mais il y a un peu de cela tout de m\u00eame, d\u2019autant que je mesure la d\u00e9tresse absolue de sa famille. Mais c\u2019est surtout une affaire hors normes, passionnante d\u2019un point de vue professionnel. Sans oublier le c\u00f4t\u00e9 exutoire : mettre tout cela noir sur blanc a \u00e9t\u00e9 une fa\u00e7on, pour moi, d\u2019externaliser en partie cette affaire, qui n\u2019en finissait pas de tournicoter dans ma t\u00eate. \u00bb<\/p>\n<p><strong>Il y a de quoi ! Rares sont les dossiers avec autant de ramifications : trois continents concern\u00e9s, une enqu\u00eate d\u2019anthologie avec une profusion d\u2019investigations, des rebondissements judiciaires que vous d\u00e9crivez par le menu\u2026<\/strong><\/p>\n<p>\u00ab Oui. Besan\u00e7on, ville de 120 000 habitants, est devenue l\u2019\u00e9picentre d\u2019une affaire qui a eu des r\u00e9percussions m\u00e9diatiques mondiales qu\u2019on sous-estime, ici en France. La disparition inexpliqu\u00e9e de Narumi a secou\u00e9 tout le Japon et tout le Chili\u2026 Cette dimension internationale sort de l\u2019ordinaire, et m\u2019a d\u2019ailleurs amen\u00e9 \u00e0 voyager jusqu\u2019\u00e0 Santiago, en 2019, pour les besoins du journal. Pour moi, le marqueur de cette affaire reste ce myst\u00e8re qui demeure. On n\u2019a pas de corps, ce qui est assez rare, et dans le m\u00eame temps, l\u2019enqu\u00eate n\u2019en a \u00e9t\u00e9 que plus remarquable car cela a pouss\u00e9 les policiers et la juge d\u2019instruction \u00e0 repousser leurs limites. \u00bb<\/p>\n<p>  \u00ab Cette cassation est venue rebattre totalement les cartes \u00bb<\/p>\n<p><strong>Vous avez consacr\u00e9 \u00e0 cette affaire des centaines de milliers de mots, entre les articles et le suivi en direct des proc\u00e8s sur internet. Comment avez-vous proc\u00e9d\u00e9 pour synth\u00e9tiser le tout, sachant que chaque pi\u00e8ce du puzzle semble signifiante ?<\/strong><\/p>\n<p>\u00ab \u00c7a a \u00e9t\u00e9 un vrai casse-t\u00eate. Les \u00e9changes avec mon \u00e9ditrice m\u2019ont beaucoup aid\u00e9 car &#8211; travers de journaliste &#8211; j\u2019avais envie d\u2019\u00eatre dans l\u2019exhaustivit\u00e9. Elle m\u2019a aid\u00e9 \u00e0 ne conserver que les \u00e9l\u00e9ments significatifs. Ce qui m\u2019a plu dans cette d\u00e9marche d\u2019\u00e9crire un bouquin, c\u2019est que cela permet d\u2019aborder les questions de diplomatie, de m\u00e9diatisation et de strat\u00e9gie judiciaire qui, au final, <a href=\"https:\/\/www.estrepublicain.fr\/faits-divers-justice\/2020\/07\/25\/nicolas-zepeda-mis-en-examen-et-incarcere-a-besancon-un-nouveau-depart-pour-l-affaire-narumi-kurosaki\" target=\"_blank\" rel=\"noopener\">ont abouti \u00e0 l\u2019extradition de Nicolas Zepeda<\/a> \u2026 Une extradition qu\u2019on a longtemps pens\u00e9 impossible ! <a href=\"https:\/\/www.estrepublicain.fr\/faits-divers-justice\/2023\/12\/21\/pas-finiiiii-nicolas-zepeda-condamne-a-30-ans-de-reclusion-pour-l-assassinat-de-narumi\" target=\"_blank\" rel=\"noopener\">Il s\u2019agissait aussi de d\u00e9crypter les deux proc\u00e8s<\/a> , tout en restituant des moments forts d\u2019audience, que j\u2019avais \u00e0 c\u0153ur de faire vivre au lecteur. \u00bb<\/p>\n<p><strong>Bien qu\u2019ayant \u00e9t\u00e9 condamn\u00e9 \u00e0 deux reprises &#8211; \u00e0 Besan\u00e7on puis Vesoul &#8211; \u00e0 28 ans de r\u00e9clusion, Nicolas Zepeda reste pr\u00e9sum\u00e9 innocent puisque, suite \u00e0 une d\u00e9cision de la Cour de cassation, <a href=\"https:\/\/www.estrepublicain.fr\/faits-divers-justice\/2025\/02\/26\/disparition-de-narumi-kurosaki-coup-de-theatre-nicolas-zepeda-aura-droit-a-un-troisieme-proces\" target=\"_blank\" rel=\"noopener\">un troisi\u00e8me proc\u00e8s devra se tenir \u00e0 Lyon<\/a> en 2026. Dans quelle mesure cela a-t-il eu une incidence sur l\u2019\u00e9criture de votre livre ?<\/strong><\/p>\n<p>\u00ab J\u2019avais commenc\u00e9 \u00e0 \u00e9crire ce livre sur la base d\u2019une condamnation ferme et d\u00e9finitive. Cette cassation est venue rebattre totalement les cartes, de sorte que j\u2019ai d\u00fb tout remanier en quelques semaines\u2026 \u00bb<\/p>\n<p><strong>Une seconde \u00e9dition du livre est-elle pr\u00e9vue suite \u00e0 ce proc\u00e8s \u00e0 venir ?<\/strong><\/p>\n<p>\u00ab Ce n\u2019est pas impossible. Ce qui est s\u00fbr, c\u2019est qu\u2019aucun proc\u00e8s ne se ressemble, et il sera peut-\u00eatre n\u00e9cessaire de r\u00e9actualiser le r\u00e9cit en fonction de son d\u00e9roul\u00e9 et de son issue. \u00bb<\/p>\n<p><strong>En attendant, quelle est votre intime conviction quant \u00e0 la culpabilit\u00e9 de Nicolas Zepeda ?<\/strong><\/p>\n<p>\u00ab Joker. \u00bb<\/p>\n<p class=\"note\">\u00ab L\u2019Affaire Narumi \u2013 Un crime sans corps \u00bb, de Willy Graff (\u00e9d. Presses de la Cit\u00e9, 240 pages, 22 \u20ac). L\u2019auteur participera <a href=\"https:\/\/www.rtl.fr\/programmes\/l-heure-du-crime\" target=\"_blank\" rel=\"noopener\">\u00e0 l\u2019\u00e9mission L\u2019Heure du Crime sur RTL<\/a> ce jeudi (14 h) et sera en rencontre-d\u00e9dicace \u00e0 la librairie L\u2019Intranquille \u00e0 Besan\u00e7on ce vendredi (\u00e0 partir de 17 h 30).<\/p>\n","protected":false},"excerpt":{"rendered":"Willy Graff, journaliste depuis 20 ans \u00e0 L\u2019Est R\u00e9publicain o\u00f9 vous dirigez la r\u00e9daction de Besan\u00e7on, vous avez&hellip;\n","protected":false},"author":2,"featured_media":168863,"comment_status":"","ping_status":"","sticky":false,"template":"","format":"standard","meta":{"footnotes":""},"categories":[1357],"tags":[10112,14382,1379,271,1687,272,58,14383,8698,59,274,1011,27,1380,2410,11058],"class_list":{"0":"post-168862","1":"post","2":"type-post","3":"status-publish","4":"format-standard","5":"has-post-thumbnail","7":"category-livres","8":"tag-besancon","9":"tag-besancon-ville-25a","10":"tag-books","11":"tag-crime","12":"tag-culture-loisirs","13":"tag-delit-et-contravention","14":"tag-divertissement","15":"tag-edition-besancon","16":"tag-edition-vesoul-haute-saone","17":"tag-entertainment","18":"tag-faits-divers-justice","19":"tag-fr","20":"tag-france","21":"tag-livres","22":"tag-livres-bd","23":"tag-region-franche-comte"},"share_on_mastodon":{"url":"https:\/\/pubeurope.com\/@fr\/114666138721454086","error":""},"_links":{"self":[{"href":"https:\/\/www.europesays.com\/fr\/wp-json\/wp\/v2\/posts\/168862","targetHints":{"allow":["GET"]}}],"collection":[{"href":"https:\/\/www.europesays.com\/fr\/wp-json\/wp\/v2\/posts"}],"about":[{"href":"https:\/\/www.europesays.com\/fr\/wp-json\/wp\/v2\/types\/post"}],"author":[{"embeddable":true,"href":"https:\/\/www.europesays.com\/fr\/wp-json\/wp\/v2\/users\/2"}],"replies":[{"embeddable":true,"href":"https:\/\/www.europesays.com\/fr\/wp-json\/wp\/v2\/comments?post=168862"}],"version-history":[{"count":0,"href":"https:\/\/www.europesays.com\/fr\/wp-json\/wp\/v2\/posts\/168862\/revisions"}],"wp:featuredmedia":[{"embeddable":true,"href":"https:\/\/www.europesays.com\/fr\/wp-json\/wp\/v2\/media\/168863"}],"wp:attachment":[{"href":"https:\/\/www.europesays.com\/fr\/wp-json\/wp\/v2\/media?parent=168862"}],"wp:term":[{"taxonomy":"category","embeddable":true,"href":"https:\/\/www.europesays.com\/fr\/wp-json\/wp\/v2\/categories?post=168862"},{"taxonomy":"post_tag","embeddable":true,"href":"https:\/\/www.europesays.com\/fr\/wp-json\/wp\/v2\/tags?post=168862"}],"curies":[{"name":"wp","href":"https:\/\/api.w.org\/{rel}","templated":true}]}}