{"id":168864,"date":"2025-06-11T18:26:11","date_gmt":"2025-06-11T18:26:11","guid":{"rendered":"https:\/\/www.europesays.com\/fr\/168864\/"},"modified":"2025-06-11T18:26:11","modified_gmt":"2025-06-11T18:26:11","slug":"avant-premiere-demain-nous-appartient-du-13-juin-2025-episode-1965-tf1-fr","status":"publish","type":"post","link":"https:\/\/www.europesays.com\/fr\/168864\/","title":{"rendered":"Avant-premi\u00e8re &#8211; Demain nous appartient du 13 juin 2025 &#8211; Episode 1965 &#8211; tf1.fr"},"content":{"rendered":"<ol>\n<li><a href=\"https:\/\/news.google.com\/rss\/articles\/CBMizgFBVV95cUxPeDUzeTdQTmNPZEFXZVpEd19FVk81dU9ndVlET3o0WHlURUxkNlFCZ1NqWlB2TWU1bHRtM3hIek9zOVFlcEcxTzE0a1h2SmlxeS1MaTJNcTgzekRCSnJabkRRMm83OHZ1a29oS1lTc2kwQ2RzS28tdjIybGdoN0F4TkJHRi1XTm8zT3QyeDUxZjFiY09PVjFDV242VUxzX2h2WXZua2wwZzRWT1pPMUhoZkJCQmpiMklkYkllM0tqWnY5cGhkSFBQOUZHbkJyUQ?oc=5\" target=\"_blank\" rel=\"noopener\">Avant-premi\u00e8re &#8211; Demain nous appartient du 13 juin 2025 &#8211; Episode 1965<\/a>&nbsp;&nbsp;tf1.fr<\/li>\n<li><a href=\"https:\/\/news.google.com\/rss\/articles\/CBMiuwFBVV95cUxOQUFScklaMmlTTmpFRWhVTnpCNUJZd3dLal91VmwyWHU1U2dIdHJtYWNtQUZDRXM2S1lBZ2Yzbl9JVElRc3VXRWZUZTVnZldpXzhCYnU4VFBLVUFCUVdUbEpkcVpvSDhwSEpDSDFDVlBkOGhJQl9XSDUtZzJpaS1EWldQTUtoaHMyNDJvamV6V25qd25qeVh0RXFvZnpCSm1FU1RicGZ3UWZQR25sTnVRLXVvV2M5a0gtUS0w?oc=5\" target=\"_blank\" rel=\"noopener\">La Bordelaise Alice Varela est de retour dans \u00ab Demain Nous Appartient \u00bb<\/a>&nbsp;&nbsp;Sud Ouest<\/li>\n<li><a href=\"https:\/\/news.google.com\/rss\/articles\/CBMifkFVX3lxTE05S0VHZm1GOWJ3R2QzSGlTYVpqLVU2WXAyaFpvbXJBWm1jR3R6T2xVOWJZMjQ0dXd1Yi0zeTdsRlN2bDh1MnlrdHNYVm1WeUt4U05QNXFEdFJydmt1T3lFYmRQQ3lIancwTmp5M3FNUVlNV281QmV0YUVkN002QQ?oc=5\" target=\"_blank\" rel=\"noopener\">Demain nous appartient : Jordan et Judith se retrouvent&#8230; et c&rsquo;est mignon !<\/a>&nbsp;&nbsp;AlloCin\u00e9<\/li>\n<li><a href=\"https:\/\/news.google.com\/rss\/articles\/CBMikAJBVV95cUxQdjNDaDcyY1pHMXh2T2RsSWJCOFJ4bW9YVTVlSkJYV3ZSVXVRVEM5LVFQSV9iS3B6cmhIWkstRWo3OUkxZVRPaGxtSDROb0xUNXNFQi13T0JDazA5YlZaeVg0RDlUa0dzWnpzZUNhMU9XbHFTcTNZU2pFVXo4OTNlNzR4TWdNd05JZkU1WUlZZzFFWTAxMWJjQ3puX2d5T2kzVk1xcFlKTGpkYlNSZi1EVjNSTFFpSUdKUnJHYlV3em9wTWpnckR3U3h3ZEVnNVg2NWlDaVBhLUtNUTlEbWt6el9YSmdZa3M0bk9jVzMwa2dMTFM4dEU1Z0VVdTJwbENocU1zV1RpNWN3QzZWeTF1SQ?oc=5\" target=\"_blank\" rel=\"noopener\">Simon d\u00e9f\u00e9r\u00e9 et rejet\u00e9 par Aaron : \u00ab\u00a0Je ne te ferai plus jamais confiance\u00a0\u00bb &#8211; Demain nous appartient 13 juin 2025 (\u00e9pisode 1965 \u2013 r\u00e9sum\u00e9 complet DNA)<\/a>&nbsp;&nbsp;Nouveaut\u00e9s-T\u00e9l\u00e9.com<\/li>\n<\/ol>\n","protected":false},"excerpt":{"rendered":"Avant-premi\u00e8re &#8211; Demain nous appartient du 13 juin 2025 &#8211; Episode 1965&nbsp;&nbsp;tf1.fr La Bordelaise Alice Varela est de&hellip;\n","protected":false},"author":2,"featured_media":168865,"comment_status":"","ping_status":"","sticky":false,"template":"","format":"standard","meta":{"footnotes":""},"categories":[1356],"tags":[3598,4090,58,59,1365,4089,1011,27,4092,252,1364,4091,4093],"class_list":{"0":"post-168864","1":"post","2":"type-post","3":"status-publish","4":"format-standard","5":"has-post-thumbnail","7":"category-television","8":"tag-demain-nous-appartient","9":"tag-demain-nous-appartient-episode","10":"tag-divertissement","11":"tag-entertainment","12":"tag-episode","13":"tag-episode-demain-nous-appartient","14":"tag-fr","15":"tag-france","16":"tag-streaming-demain-nous-appartient","17":"tag-television","18":"tag-tv","19":"tag-video-demain-nous-appartient","20":"tag-video-en-streaming-demain-nous-appartient"},"share_on_mastodon":{"url":"https:\/\/pubeurope.com\/@fr\/114666142666097867","error":""},"_links":{"self":[{"href":"https:\/\/www.europesays.com\/fr\/wp-json\/wp\/v2\/posts\/168864","targetHints":{"allow":["GET"]}}],"collection":[{"href":"https:\/\/www.europesays.com\/fr\/wp-json\/wp\/v2\/posts"}],"about":[{"href":"https:\/\/www.europesays.com\/fr\/wp-json\/wp\/v2\/types\/post"}],"author":[{"embeddable":true,"href":"https:\/\/www.europesays.com\/fr\/wp-json\/wp\/v2\/users\/2"}],"replies":[{"embeddable":true,"href":"https:\/\/www.europesays.com\/fr\/wp-json\/wp\/v2\/comments?post=168864"}],"version-history":[{"count":0,"href":"https:\/\/www.europesays.com\/fr\/wp-json\/wp\/v2\/posts\/168864\/revisions"}],"wp:featuredmedia":[{"embeddable":true,"href":"https:\/\/www.europesays.com\/fr\/wp-json\/wp\/v2\/media\/168865"}],"wp:attachment":[{"href":"https:\/\/www.europesays.com\/fr\/wp-json\/wp\/v2\/media?parent=168864"}],"wp:term":[{"taxonomy":"category","embeddable":true,"href":"https:\/\/www.europesays.com\/fr\/wp-json\/wp\/v2\/categories?post=168864"},{"taxonomy":"post_tag","embeddable":true,"href":"https:\/\/www.europesays.com\/fr\/wp-json\/wp\/v2\/tags?post=168864"}],"curies":[{"name":"wp","href":"https:\/\/api.w.org\/{rel}","templated":true}]}}