{"id":168866,"date":"2025-06-11T18:27:11","date_gmt":"2025-06-11T18:27:11","guid":{"rendered":"https:\/\/www.europesays.com\/fr\/168866\/"},"modified":"2025-06-11T18:27:11","modified_gmt":"2025-06-11T18:27:11","slug":"brian-wilson-le-chanteur-et-cofondateur-des-beach-boys-est-mort","status":"publish","type":"post","link":"https:\/\/www.europesays.com\/fr\/168866\/","title":{"rendered":"Brian Wilson, le chanteur et cofondateur des Beach Boys, est mort"},"content":{"rendered":"<p class=\"article-p mdl\">Le cofondateur du c\u00e9l\u00e8bre groupe de musique The Beach Boys, Brian Wilson, est d\u00e9c\u00e9d\u00e9 \u00e0 l&rsquo;\u00e2ge de 82 ans, a annonc\u00e9 mercredi sa famille dans un communiqu\u00e9. \u00ab\u00a0C&rsquo;est avec tristesse que nous annon\u00e7ons <strong>le d\u00e9c\u00e8s de notre p\u00e8re bien-aim\u00e9, Brian Wilson<\/strong>. Les mots nous manquent. Veuillez respecter notre vie priv\u00e9e pendant cette p\u00e9riode difficile pour notre famille. Nous savons que nous partageons notre peine avec le monde entier\u00a0\u00bb, a d\u00e9clar\u00e9 la famille dans un bref communiqu\u00e9.\u00a0<\/p>\n<p class=\"article-p mdl\">De 1962 \u00e0 1966,\u00a0<a class=\"link\" href=\"https:\/\/www.rtl.fr\/culture\/musique\/the-beach-boys-the-animals-et-bobby-vinton-dans-la-collection-de-georges-lang-du-31-mai-2018-7793563183\" title=\"The Beach Boys, The Animals et Bobby Vinton dans La Collection de Georges Lang du 31 mai 2018\" target=\"_blank\" rel=\"noopener\">ce prodige de la pop am\u00e9ricaine<\/a>\u00a0composa la musique la plus heureuse du rock avec plus de 200 hymnes au soleil, au surf et aux filles bronz\u00e9es (\u00ab\u00a0Surfin&rsquo; USA\u00a0\u00bb, \u00ab\u00a0I get around\u00a0\u00bb, \u00ab\u00a0Fun Fun Fun\u00a0\u00bb, \u00ab\u00a0Surfer girl\u00a0\u00bb) et fit des Beach Boys<strong> le groupe am\u00e9ricain ayant vendu le plus de disques au monde<\/strong>.\u00a0<\/p>\n<p class=\"article-p mdl\">De ses 19 \u00e0 24 ans, le bassiste et chanteur fut \u00e0 lui seul l&rsquo;\u00e9gal\u00a0<a class=\"link\" href=\"https:\/\/www.rtl.fr\/culture\/musique\/paul-mccartney-comment-son-premier-album-solo-a-precipite-la-fin-des-beatles-7900495280\" title=\"Paul McCartney : comment son premier album solo a-t-il pr\u00e9cipit\u00e9 la fin des Beatles ?\" target=\"_blank\" rel=\"noopener\">des Beatles<\/a>. John Lennon consid\u00e9rait Pet Sounds (1966) <strong>comme l&rsquo;un des meilleurs albums de tous les temps<\/strong>. Apr\u00e8s l&rsquo;innocence des premi\u00e8res compositions, le chanteur y ruminait la perte de la jeunesse et engageait son groupe vers un rock plus psych\u00e9d\u00e9lique <strong>aux origines de la culture hippie<\/strong>.<\/p>\n<p class=\"article-p mdl\">Mais en 1967, sa sant\u00e9 mentale d\u00e9grad\u00e9e par une folle consommation de drogues <strong>le fait exploser en plein vol<\/strong>, le rendant incapable de finir Smile. C&rsquo;est \u00e0 l&rsquo;heure de la retraite en 2002, apr\u00e8s une longue nuit \u00e9maill\u00e9e d&rsquo;internements, de cures et de rechutes, qu&rsquo;il parach\u00e8vera son chef d&rsquo;oeuvre.<\/p>\n<p class=\"article-p mdl\">Atteint de d\u00e9mence \u00e0 la fin de sa vie, il avait \u00e9t\u00e9 <strong>plac\u00e9 sous tutelle<\/strong> en mai 2024.<\/p>\n<p>    La r\u00e9daction vous recommande<\/p>\n<p class=\"s-newsletter__title\">\n                L\u2019actualit\u00e9 par la r\u00e9daction de RTL dans votre bo\u00eete mail.\n            <\/p>\n<p class=\"s-newsletter__subtitle\">\n                Gr\u00e2ce \u00e0 votre compte RTL abonnez-vous \u00e0 la newsletter RTL info pour suivre toute l&rsquo;actualit\u00e9 au quotidien\n            <\/p>\n<p>\n                                    Lire la suite\n                                <\/p>\n","protected":false},"excerpt":{"rendered":"Le cofondateur du c\u00e9l\u00e8bre groupe de musique The Beach Boys, Brian Wilson, est d\u00e9c\u00e9d\u00e9 \u00e0 l&rsquo;\u00e2ge de 82&hellip;\n","protected":false},"author":2,"featured_media":168867,"comment_status":"","ping_status":"","sticky":false,"template":"","format":"standard","meta":{"footnotes":""},"categories":[1355],"tags":[898,3983,58,59,73,2414,107,1011,27,1361,873,7040],"class_list":{"0":"post-168866","1":"post","2":"type-post","3":"status-publish","4":"format-standard","5":"has-post-thumbnail","7":"category-musique","8":"tag-alerte","9":"tag-deces","10":"tag-divertissement","11":"tag-entertainment","12":"tag-etats-unis","13":"tag-fil-culture","14":"tag-fil-info","15":"tag-fr","16":"tag-france","17":"tag-music","18":"tag-musique","19":"tag-rock"},"share_on_mastodon":{"url":"https:\/\/pubeurope.com\/@fr\/114666146567040820","error":""},"_links":{"self":[{"href":"https:\/\/www.europesays.com\/fr\/wp-json\/wp\/v2\/posts\/168866","targetHints":{"allow":["GET"]}}],"collection":[{"href":"https:\/\/www.europesays.com\/fr\/wp-json\/wp\/v2\/posts"}],"about":[{"href":"https:\/\/www.europesays.com\/fr\/wp-json\/wp\/v2\/types\/post"}],"author":[{"embeddable":true,"href":"https:\/\/www.europesays.com\/fr\/wp-json\/wp\/v2\/users\/2"}],"replies":[{"embeddable":true,"href":"https:\/\/www.europesays.com\/fr\/wp-json\/wp\/v2\/comments?post=168866"}],"version-history":[{"count":0,"href":"https:\/\/www.europesays.com\/fr\/wp-json\/wp\/v2\/posts\/168866\/revisions"}],"wp:featuredmedia":[{"embeddable":true,"href":"https:\/\/www.europesays.com\/fr\/wp-json\/wp\/v2\/media\/168867"}],"wp:attachment":[{"href":"https:\/\/www.europesays.com\/fr\/wp-json\/wp\/v2\/media?parent=168866"}],"wp:term":[{"taxonomy":"category","embeddable":true,"href":"https:\/\/www.europesays.com\/fr\/wp-json\/wp\/v2\/categories?post=168866"},{"taxonomy":"post_tag","embeddable":true,"href":"https:\/\/www.europesays.com\/fr\/wp-json\/wp\/v2\/tags?post=168866"}],"curies":[{"name":"wp","href":"https:\/\/api.w.org\/{rel}","templated":true}]}}