{"id":168876,"date":"2025-06-11T18:32:10","date_gmt":"2025-06-11T18:32:10","guid":{"rendered":"https:\/\/www.europesays.com\/fr\/168876\/"},"modified":"2025-06-11T18:32:10","modified_gmt":"2025-06-11T18:32:10","slug":"une-percee-scientifique-majeure-des-scientifiques-confirment-lexistence-incroyable-des-reflets-du-temps","status":"publish","type":"post","link":"https:\/\/www.europesays.com\/fr\/168876\/","title":{"rendered":"\u00ab Une perc\u00e9e scientifique majeure ! \u00bb : des scientifiques confirment l\u2019existence incroyable des reflets du temps"},"content":{"rendered":"<tr>\n<td><strong>EN BREF<\/strong><\/td>\n<\/tr>\n<tr>\n<td>\n<ul>\n<li>\ud83d\udd0d Confirmation du ph\u00e9nom\u00e8ne de <strong>r\u00e9flexion temporelle<\/strong> par des chercheurs du CUNY ASRC \u00e0 New York.<\/li>\n<li>La r\u00e9flexion temporelle permet aux ondes de <strong>reculer dans le temps<\/strong>, modifiant leur fr\u00e9quence de mani\u00e8re in\u00e9dite.<\/li>\n<li>\ud83d\udd2c Technologie prometteuse pour des <strong>avanc\u00e9es dans les communications<\/strong> sans fil et les syst\u00e8mes d\u2019imagerie.<\/li>\n<li>Les <strong>m\u00e9tamat\u00e9riaux<\/strong> pourraient b\u00e9n\u00e9ficier de cette d\u00e9couverte pour cr\u00e9er des dispositifs futuristes.<\/li>\n<\/ul>\n<\/td>\n<\/tr>\n<p>La r\u00e9cente confirmation de la r\u00e9flexion temporelle par les chercheurs du Centre de recherche scientifique avanc\u00e9e du CUNY Graduate Center (CUNY ASRC) \u00e0 New York ouvre de nouvelles perspectives fascinantes dans le domaine des sciences physiques. Ce ph\u00e9nom\u00e8ne longtemps rest\u00e9 th\u00e9orique pourrait bouleverser notre compr\u00e9hension des ondes \u00e9lectromagn\u00e9tiques et entra\u00eener des innovations technologiques sans pr\u00e9c\u00e9dent. En effet, l\u2019id\u00e9e de manipuler le temps de mani\u00e8re aussi tangible suscite \u00e0 la fois l\u2019\u00e9merveillement et l\u2019int\u00e9r\u00eat pour ses applications potentielles.<\/p>\n<p>Comprendre la r\u00e9flexion temporelle<\/p>\n<p>Pour saisir les implications de la r\u00e9flexion temporelle, il est essentiel d\u2019abord de bien comprendre le concept de r\u00e9flexion spatiale. <strong>La r\u00e9flexion spatiale est un ph\u00e9nom\u00e8ne familier<\/strong> : une onde, qu\u2019il s\u2019agisse de lumi\u00e8re ou de son, change de direction en rencontrant une surface r\u00e9fl\u00e9chissante. Cela nous permet de voir notre reflet dans un miroir ou d\u2019entendre un \u00e9cho. Cependant, la r\u00e9flexion temporelle diff\u00e8re profond\u00e9ment. Ici, ce n\u2019est pas la direction de l\u2019onde qui change, mais le d\u00e9roulement du temps lui-m\u00eame.<\/p>\n<p>Imaginez qu\u2019une onde \u00e9lectromagn\u00e9tique traverse un mat\u00e9riau dont les propri\u00e9t\u00e9s changent soudainement et uniform\u00e9ment. Ce changement agit comme un interrupteur, for\u00e7ant l\u2019onde \u00e0 reculer dans le temps. C\u2019est comme si l\u2019on appuyait sur le bouton retour rapide d\u2019une vid\u00e9o, inversant ainsi sons et images. En cons\u00e9quence, la fr\u00e9quence de l\u2019onde est modifi\u00e9e : une lumi\u00e8re rouge pourrait devenir bleue, ou un son grave se transformer en un son aigu. Cette danse des ondes, bien que th\u00e9oris\u00e9e depuis longtemps, n\u2019avait jamais \u00e9t\u00e9 observ\u00e9e directement jusqu\u2019\u00e0 r\u00e9cemment.<\/p>\n<blockquote class=\"wp-embedded-content\" data-secret=\"WXafd8DwLi\">\n<p><a href=\"https:\/\/afriquenligne.fr\/2025\/05\/15\/un-supercalculateur-du-cnrs-propulse-la-france-au-sommet-des-puissances-informatiques-mondiales-decouvrez-cette-avancee-technologique-incroyable\/\" rel=\"nofollow noopener\" target=\"_blank\">Un supercalculateur du CNRS propulse la France au sommet des puissances informatiques mondiales : d\u00e9couvrez cette avanc\u00e9e technologique incroyable<\/a><\/p>\n<\/blockquote>\n<p>Une th\u00e9orie confirm\u00e9e apr\u00e8s 50 ans d\u2019attente<\/p>\n<p>La r\u00e9flexion temporelle, conceptualis\u00e9e dans les ann\u00e9es 1970, est rest\u00e9e longtemps inaccessible aux exp\u00e9rimentations en raison de ses d\u00e9fis techniques. Pour observer ce ph\u00e9nom\u00e8ne, il est crucial de modifier rapidement et uniform\u00e9ment les propri\u00e9t\u00e9s d\u2019un mat\u00e9riau afin d\u2019interagir avec une onde en mouvement rapide. <strong>Les chercheurs du CUNY ASRC ont cependant relev\u00e9 ce d\u00e9fi<\/strong> gr\u00e2ce \u00e0 une approche innovante, utilisant une bande m\u00e9tallique avec des interrupteurs \u00e9lectroniques r\u00e9actifs et des condensateurs.<\/p>\n<p>En synchronisant ces interrupteurs, ils ont pu doubler instantan\u00e9ment l\u2019imp\u00e9dance \u00e9lectrique de la bande, cr\u00e9ant les conditions id\u00e9ales pour la r\u00e9flexion temporelle. Une partie de l\u2019onde \u00e9lectromagn\u00e9tique s\u2019est alors refl\u00e9t\u00e9e non pas dans l\u2019espace, mais dans le temps. L\u2019instrumentation sophistiqu\u00e9e a captur\u00e9 un signal invers\u00e9, prouvant ainsi pour la premi\u00e8re fois l\u2019existence de ce ph\u00e9nom\u00e8ne. Cette avanc\u00e9e marque un jalon important, validant une th\u00e9orie rest\u00e9e abstraite pendant plus de 50 ans.<\/p>\n<blockquote class=\"wp-embedded-content\" data-secret=\"tuswRW46fI\">\n<p><a href=\"https:\/\/afriquenligne.fr\/2025\/05\/14\/liphone-16e-le-choc-de-la-technologie-abordable-decouvrez-ce-nouveau-modele-apple-qui-bouscule-le-marche-avec-son-prix-imbattable-et-ses-performances-etonnantes\/\" rel=\"nofollow noopener\" target=\"_blank\">L\u2019iPhone 16e, le choc de la technologie abordable : d\u00e9couvrez ce nouveau mod\u00e8le Apple qui bouscule le march\u00e9 avec son prix imbattable et ses performances \u00e9tonnantes<\/a><\/p>\n<\/blockquote>\n<p>Des applications r\u00e9volutionnaires<\/p>\n<p>Les implications de cette d\u00e9couverte s\u2019\u00e9tendent bien au-del\u00e0 du domaine th\u00e9orique. En manipulant les ondes \u00e9lectromagn\u00e9tiques \u00e0 travers la r\u00e9flexion temporelle, des avanc\u00e9es significatives sont envisageables dans divers secteurs. Les communications sans fil pourraient devenir plus rapides et s\u00e9curis\u00e9es, rendant les signaux pratiquement impossibles \u00e0 intercepter. Les radars et les syst\u00e8mes d\u2019imagerie avanc\u00e9e pourraient \u00e9galement b\u00e9n\u00e9ficier de cette technologie, offrant une pr\u00e9cision et une efficacit\u00e9 accrues.<\/p>\n<p>Les m\u00e9tamat\u00e9riaux, capables de contr\u00f4ler les ondes de mani\u00e8re in\u00e9dite, repr\u00e9sentent un autre domaine prometteur. Ces structures artificielles pourraient donner naissance \u00e0 des dispositifs futuristes, tels que des syst\u00e8mes d\u2019invisibilit\u00e9 ou des capteurs ultrasensibles. Sur le plan fondamental, cette d\u00e9couverte offre une nouvelle perspective sur la sym\u00e9trie entre le temps et l\u2019espace, avec des implications potentielles pour la thermodynamique et la m\u00e9canique quantique. En explorant ces nouvelles pistes, nous pourrions repousser les limites de notre compr\u00e9hension des lois physiques.<\/p>\n<blockquote class=\"wp-embedded-content\" data-secret=\"dFxj0qpZke\">\n<p><a href=\"https:\/\/afriquenligne.fr\/2025\/03\/18\/business-politique-celebrites-acheter-des-fans-com-leur-solution-n1-pour-faire-decoller-leur-influence-sur-les-reseaux-sociaux-en-afrique\/\" rel=\"nofollow noopener\" target=\"_blank\">Business, politique, c\u00e9l\u00e9brit\u00e9s\u2026 Acheter-des-Fans.com, leur solution n\u00b01 pour faire d\u00e9coller leur influence sur les r\u00e9seaux sociaux en Afrique<\/a><\/p>\n<\/blockquote>\n<p>Un avenir riche de promesses<\/p>\n<p>La confirmation de la r\u00e9flexion temporelle marque un tournant d\u00e9cisif dans la recherche scientifique, transformant une curiosit\u00e9 th\u00e9orique en un outil aux applications pratiques potentiellement r\u00e9volutionnaires. <strong>On peut imaginer des syst\u00e8mes de communication ultra-s\u00e9curis\u00e9s<\/strong>, o\u00f9 les signaux invers\u00e9s dans le temps seraient impossibles \u00e0 intercepter. Les radars de nouvelle g\u00e9n\u00e9ration pourraient d\u00e9tecter des objets avec une clart\u00e9 et \u00e0 des distances in\u00e9gal\u00e9es.<\/p>\n<p>Les m\u00e9tamat\u00e9riaux issus de ces recherches pourraient transformer des secteurs comme la sant\u00e9, la d\u00e9fense ou les t\u00e9l\u00e9communications. Cette d\u00e9couverte nous rappelle que les id\u00e9es les plus audacieuses peuvent d\u00e9boucher sur des avanc\u00e9es majeures. En ma\u00eetrisant les reflets temporels des ondes, sommes-nous \u00e0 l\u2019aube d\u2019une r\u00e9volution scientifique et technologique dont les possibilit\u00e9s restent encore \u00e0 explorer ?<\/p>\n<p>L\u2019auteur s\u2019est appuy\u00e9 sur l\u2019intelligence artificielle pour enrichir cet article.<\/p>\n<p id=\"rating\">\u00c7a vous a plu ?\u00a04.5\/5 (28)<\/p>\n","protected":false},"excerpt":{"rendered":"EN BREF \ud83d\udd0d Confirmation du ph\u00e9nom\u00e8ne de r\u00e9flexion temporelle par des chercheurs du CUNY ASRC \u00e0 New York.&hellip;\n","protected":false},"author":2,"featured_media":168877,"comment_status":"","ping_status":"","sticky":false,"template":"","format":"standard","meta":{"footnotes":""},"categories":[7],"tags":[1011,27,43,40,41,39,42,44],"class_list":{"0":"post-168876","1":"post","2":"type-post","3":"status-publish","4":"format-standard","5":"has-post-thumbnail","7":"category-sciences-et-technologies","8":"tag-fr","9":"tag-france","10":"tag-science","11":"tag-science-and-technology","12":"tag-sciences","13":"tag-sciences-et-technologies","14":"tag-technologies","15":"tag-technology"},"share_on_mastodon":{"url":"https:\/\/pubeurope.com\/@fr\/114666166244796549","error":""},"_links":{"self":[{"href":"https:\/\/www.europesays.com\/fr\/wp-json\/wp\/v2\/posts\/168876","targetHints":{"allow":["GET"]}}],"collection":[{"href":"https:\/\/www.europesays.com\/fr\/wp-json\/wp\/v2\/posts"}],"about":[{"href":"https:\/\/www.europesays.com\/fr\/wp-json\/wp\/v2\/types\/post"}],"author":[{"embeddable":true,"href":"https:\/\/www.europesays.com\/fr\/wp-json\/wp\/v2\/users\/2"}],"replies":[{"embeddable":true,"href":"https:\/\/www.europesays.com\/fr\/wp-json\/wp\/v2\/comments?post=168876"}],"version-history":[{"count":0,"href":"https:\/\/www.europesays.com\/fr\/wp-json\/wp\/v2\/posts\/168876\/revisions"}],"wp:featuredmedia":[{"embeddable":true,"href":"https:\/\/www.europesays.com\/fr\/wp-json\/wp\/v2\/media\/168877"}],"wp:attachment":[{"href":"https:\/\/www.europesays.com\/fr\/wp-json\/wp\/v2\/media?parent=168876"}],"wp:term":[{"taxonomy":"category","embeddable":true,"href":"https:\/\/www.europesays.com\/fr\/wp-json\/wp\/v2\/categories?post=168876"},{"taxonomy":"post_tag","embeddable":true,"href":"https:\/\/www.europesays.com\/fr\/wp-json\/wp\/v2\/tags?post=168876"}],"curies":[{"name":"wp","href":"https:\/\/api.w.org\/{rel}","templated":true}]}}