{"id":168880,"date":"2025-06-11T18:34:10","date_gmt":"2025-06-11T18:34:10","guid":{"rendered":"https:\/\/www.europesays.com\/fr\/168880\/"},"modified":"2025-06-11T18:34:10","modified_gmt":"2025-06-11T18:34:10","slug":"des-francais-et-des-europeens-dans-le-viseur-de-trump-liberation","status":"publish","type":"post","link":"https:\/\/www.europesays.com\/fr\/168880\/","title":{"rendered":"des Fran\u00e7ais et des Europ\u00e9ens dans le viseur de Trump \u2013 Lib\u00e9ration"},"content":{"rendered":"<p class=\"sc-ksZaOG ehjQrN text-element\">La strat\u00e9gie est bien rod\u00e9e : frapper fort, instrumentaliser les symboles, pour mieux dissuader. D\u2019apr\u00e8s plusieurs m\u00e9dias am\u00e9ricains, <a href=\"https:\/\/www.washingtonpost.com\/national-security\/2025\/06\/10\/trump-guantanamo-deportations\/\" target=\"_blank\" rel=\"noopener\" title=\"https:\/\/www.washingtonpost.com\/national-security\/2025\/06\/10\/trump-guantanamo-deportations\/\">dont le Washington Post<\/a>, l\u2019administration Trump s\u2019appr\u00eaterait, ces jours-ci, \u00e0 intensifier consid\u00e9rablement le transfert de migrants en situation irr\u00e9guli\u00e8re vers la base navale am\u00e9ricaine de Guant\u00e1namo, \u00e0 Cuba. L\u2019objectif d\u00e9clar\u00e9 : d\u00e9sengorger les centres de r\u00e9tention satur\u00e9s sur le sol am\u00e9ricain. Mais cette man\u0153uvre suscite de vives inqui\u00e9tudes, notamment en Europe, o\u00f9 plusieurs centaines de ressortissants \u2014 dont des Fran\u00e7ais \u2014 pourraient \u00eatre concern\u00e9s.<\/p>\n","protected":false},"excerpt":{"rendered":"La strat\u00e9gie est bien rod\u00e9e : frapper fort, instrumentaliser les symboles, pour mieux dissuader. D\u2019apr\u00e8s plusieurs m\u00e9dias am\u00e9ricains,&hellip;\n","protected":false},"author":2,"featured_media":168881,"comment_status":"","ping_status":"","sticky":false,"template":"","format":"standard","meta":{"footnotes":""},"categories":[5],"tags":[11,19551,75,73,1011,27,1061,14,261,12,28],"class_list":{"0":"post-168880","1":"post","2":"type-post","3":"status-publish","4":"format-standard","5":"has-post-thumbnail","7":"category-international","8":"tag-actualites","9":"tag-cuba","10":"tag-donald-trump","11":"tag-etats-unis","12":"tag-fr","13":"tag-france","14":"tag-immigration","15":"tag-international","16":"tag-ministere-des-affaires-etrangeres","17":"tag-news","18":"tag-world"},"share_on_mastodon":{"url":"https:\/\/pubeurope.com\/@fr\/114666174225388440","error":""},"_links":{"self":[{"href":"https:\/\/www.europesays.com\/fr\/wp-json\/wp\/v2\/posts\/168880","targetHints":{"allow":["GET"]}}],"collection":[{"href":"https:\/\/www.europesays.com\/fr\/wp-json\/wp\/v2\/posts"}],"about":[{"href":"https:\/\/www.europesays.com\/fr\/wp-json\/wp\/v2\/types\/post"}],"author":[{"embeddable":true,"href":"https:\/\/www.europesays.com\/fr\/wp-json\/wp\/v2\/users\/2"}],"replies":[{"embeddable":true,"href":"https:\/\/www.europesays.com\/fr\/wp-json\/wp\/v2\/comments?post=168880"}],"version-history":[{"count":0,"href":"https:\/\/www.europesays.com\/fr\/wp-json\/wp\/v2\/posts\/168880\/revisions"}],"wp:featuredmedia":[{"embeddable":true,"href":"https:\/\/www.europesays.com\/fr\/wp-json\/wp\/v2\/media\/168881"}],"wp:attachment":[{"href":"https:\/\/www.europesays.com\/fr\/wp-json\/wp\/v2\/media?parent=168880"}],"wp:term":[{"taxonomy":"category","embeddable":true,"href":"https:\/\/www.europesays.com\/fr\/wp-json\/wp\/v2\/categories?post=168880"},{"taxonomy":"post_tag","embeddable":true,"href":"https:\/\/www.europesays.com\/fr\/wp-json\/wp\/v2\/tags?post=168880"}],"curies":[{"name":"wp","href":"https:\/\/api.w.org\/{rel}","templated":true}]}}