{"id":168886,"date":"2025-06-11T18:37:36","date_gmt":"2025-06-11T18:37:36","guid":{"rendered":"https:\/\/www.europesays.com\/fr\/168886\/"},"modified":"2025-06-11T18:37:36","modified_gmt":"2025-06-11T18:37:36","slug":"roche-la-moliere-chants-danses-musiques-du-monde-festiroche-commence-ce-jeudi-soir","status":"publish","type":"post","link":"https:\/\/www.europesays.com\/fr\/168886\/","title":{"rendered":"Roche-la-Moli\u00e8re. Chants, danses, musiques du monde, Festi\u2019Roche commence ce jeudi soir"},"content":{"rendered":"<p>Plus de 200 artistes vont se produire sur sc\u00e8ne durant quatre jours de chants, danses et musiques du monde. Festi\u2019Roche entra\u00eenera comme d\u2019habitude les spectateurs dans un \u00e9poustouflant voyage artistique en compagnie de troupes venues de Tha\u00eflande, du P\u00e9rou, de Slovaquie, de Cuba, sans oublier la participation de Syrena et son folklore polonais le samedi soir.<\/p>\n<p>Le festival s\u2019ouvre ce jeudi avec une soir\u00e9e r\u00e9unissant tous les ensembles. Comme \u00e0 l\u2019accoutum\u00e9e, c\u2019est le Fil\u2019Harmonie du centre musical municipal qui donnera le coup d\u2019envoi musical de la soir\u00e9e. Avec une nouveaut\u00e9 cette ann\u00e9e puisque l\u2019association rouchonne Transe en Danse a&#8230;<\/p>\n","protected":false},"excerpt":{"rendered":"Plus de 200 artistes vont se produire sur sc\u00e8ne durant quatre jours de chants, danses et musiques du&hellip;\n","protected":false},"author":2,"featured_media":168887,"comment_status":"","ping_status":"","sticky":false,"template":"","format":"standard","meta":{"footnotes":""},"categories":[9653],"tags":[1111,11,2430,1687,7539,1777,674,1011,27,12,25,12490,12491,4001,3140],"class_list":{"0":"post-168886","1":"post","2":"type-post","3":"status-publish","4":"format-standard","5":"has-post-thumbnail","7":"category-saint-etienne","8":"tag-actu","9":"tag-actualites","10":"tag-auvergne-rhone-alpes","11":"tag-culture-loisirs","12":"tag-edition-loire-sud","13":"tag-eu","14":"tag-europe","15":"tag-fr","16":"tag-france","17":"tag-news","18":"tag-republique-francaise","19":"tag-roche-la-moliere","20":"tag-roche-la-moliere-bassin","21":"tag-saint-etienne","22":"tag-spectacle"},"share_on_mastodon":{"url":"https:\/\/pubeurope.com\/@fr\/114666185914210928","error":""},"_links":{"self":[{"href":"https:\/\/www.europesays.com\/fr\/wp-json\/wp\/v2\/posts\/168886","targetHints":{"allow":["GET"]}}],"collection":[{"href":"https:\/\/www.europesays.com\/fr\/wp-json\/wp\/v2\/posts"}],"about":[{"href":"https:\/\/www.europesays.com\/fr\/wp-json\/wp\/v2\/types\/post"}],"author":[{"embeddable":true,"href":"https:\/\/www.europesays.com\/fr\/wp-json\/wp\/v2\/users\/2"}],"replies":[{"embeddable":true,"href":"https:\/\/www.europesays.com\/fr\/wp-json\/wp\/v2\/comments?post=168886"}],"version-history":[{"count":0,"href":"https:\/\/www.europesays.com\/fr\/wp-json\/wp\/v2\/posts\/168886\/revisions"}],"wp:featuredmedia":[{"embeddable":true,"href":"https:\/\/www.europesays.com\/fr\/wp-json\/wp\/v2\/media\/168887"}],"wp:attachment":[{"href":"https:\/\/www.europesays.com\/fr\/wp-json\/wp\/v2\/media?parent=168886"}],"wp:term":[{"taxonomy":"category","embeddable":true,"href":"https:\/\/www.europesays.com\/fr\/wp-json\/wp\/v2\/categories?post=168886"},{"taxonomy":"post_tag","embeddable":true,"href":"https:\/\/www.europesays.com\/fr\/wp-json\/wp\/v2\/tags?post=168886"}],"curies":[{"name":"wp","href":"https:\/\/api.w.org\/{rel}","templated":true}]}}