{"id":168890,"date":"2025-06-11T18:39:12","date_gmt":"2025-06-11T18:39:12","guid":{"rendered":"https:\/\/www.europesays.com\/fr\/168890\/"},"modified":"2025-06-11T18:39:12","modified_gmt":"2025-06-11T18:39:12","slug":"nancy-les-annees-60-se-degustent-chez-ginette-en-chantant-et-en-famille","status":"publish","type":"post","link":"https:\/\/www.europesays.com\/fr\/168890\/","title":{"rendered":"Nancy. Les ann\u00e9es 60 se d\u00e9gustent Chez Ginette\u2026 en chantant et en famille\u00a0!"},"content":{"rendered":"<p>L\u2019\u00e9clairage y est tamis\u00e9. Color\u00e9, aussi. La d\u00e9co respecte les codes des ann\u00e9es 60 et leurs fameux dinners US. \u00c0 la sortie de l\u2019exposition consacr\u00e9e aux Sixties, dans le hall C, Chez Ginette donne l\u2019occasion de poursuivre l\u2019exp\u00e9rience.<\/p>\n<p>Au comptoir, on travaille en famille et entre amis. Ce n\u2019est pas n\u00e9gociable. \u00ab\u00a0Ma grand-m\u00e8re avait un bar, \u00e0 Lens. Mon fr\u00e8re&#8230;<\/p>\n","protected":false},"excerpt":{"rendered":"L\u2019\u00e9clairage y est tamis\u00e9. Color\u00e9, aussi. La d\u00e9co respecte les codes des ann\u00e9es 60 et leurs fameux dinners&hellip;\n","protected":false},"author":2,"featured_media":168891,"comment_status":"","ping_status":"","sticky":false,"template":"","format":"standard","meta":{"footnotes":""},"categories":[9635],"tags":[1111,11,1687,1704,1777,674,1685,28012,1011,27,775,1702,1703,12,25],"class_list":{"0":"post-168890","1":"post","2":"type-post","3":"status-publish","4":"format-standard","5":"has-post-thumbnail","7":"category-nancy","8":"tag-actu","9":"tag-actualites","10":"tag-culture-loisirs","11":"tag-edition-nancy-et-agglomeration","12":"tag-eu","13":"tag-europe","14":"tag-foire-et-salon","15":"tag-foire-exposition-de-nancy","16":"tag-fr","17":"tag-france","18":"tag-grand-est","19":"tag-nancy","20":"tag-nancy-ville-54b","21":"tag-news","22":"tag-republique-francaise"},"share_on_mastodon":{"url":"https:\/\/pubeurope.com\/@fr\/114666193767502903","error":""},"_links":{"self":[{"href":"https:\/\/www.europesays.com\/fr\/wp-json\/wp\/v2\/posts\/168890","targetHints":{"allow":["GET"]}}],"collection":[{"href":"https:\/\/www.europesays.com\/fr\/wp-json\/wp\/v2\/posts"}],"about":[{"href":"https:\/\/www.europesays.com\/fr\/wp-json\/wp\/v2\/types\/post"}],"author":[{"embeddable":true,"href":"https:\/\/www.europesays.com\/fr\/wp-json\/wp\/v2\/users\/2"}],"replies":[{"embeddable":true,"href":"https:\/\/www.europesays.com\/fr\/wp-json\/wp\/v2\/comments?post=168890"}],"version-history":[{"count":0,"href":"https:\/\/www.europesays.com\/fr\/wp-json\/wp\/v2\/posts\/168890\/revisions"}],"wp:featuredmedia":[{"embeddable":true,"href":"https:\/\/www.europesays.com\/fr\/wp-json\/wp\/v2\/media\/168891"}],"wp:attachment":[{"href":"https:\/\/www.europesays.com\/fr\/wp-json\/wp\/v2\/media?parent=168890"}],"wp:term":[{"taxonomy":"category","embeddable":true,"href":"https:\/\/www.europesays.com\/fr\/wp-json\/wp\/v2\/categories?post=168890"},{"taxonomy":"post_tag","embeddable":true,"href":"https:\/\/www.europesays.com\/fr\/wp-json\/wp\/v2\/tags?post=168890"}],"curies":[{"name":"wp","href":"https:\/\/api.w.org\/{rel}","templated":true}]}}