{"id":168910,"date":"2025-06-11T18:49:09","date_gmt":"2025-06-11T18:49:09","guid":{"rendered":"https:\/\/www.europesays.com\/fr\/168910\/"},"modified":"2025-06-11T18:49:09","modified_gmt":"2025-06-11T18:49:09","slug":"des-produits-de-la-marque-casa-destockes-dans-un-magasin-noz-voici-ou-et-quand","status":"publish","type":"post","link":"https:\/\/www.europesays.com\/fr\/168910\/","title":{"rendered":"des produits de la marque Casa d\u00e9stock\u00e9s dans un magasin Noz, voici o\u00f9 et quand"},"content":{"rendered":"<p>            Par<br \/>\n        <strong><br \/>\n            <a href=\"https:\/\/actu.fr\/auteur\/clemence-pays02-actu-fr\" title=\"Consulter tous les articles de Cl\u00e9mence Pays\" target=\"_blank\" rel=\"noopener\">Cl\u00e9mence Pays<\/a><br \/>\n        <\/strong><\/p>\n<p>        Publi\u00e9 le<\/p>\n<p>            11 juin 2025 \u00e0 18h04        <\/p>\n<p>En mai\u00a02025, Noz a annonc\u00e9 le<strong> rachat exceptionnel<\/strong> de 6,5\u00a0millions de produits issus de l\u2019enseigne <strong>Casa Belgique.<\/strong> La branche belge du sp\u00e9cialiste de la d\u00e9coration d\u2019int\u00e9rieur avait fait faillite en mars\u00a02025.<\/p>\n<p class=\" wall-content\">\u00ab\u2009Noz a rachet\u00e9 aupr\u00e8s des curateurs Belges de la SA Casa International, <strong>le stock des 63 magasins belges et de deux entrep\u00f4ts<\/strong> constituant le plus gros rachat historique pour le d\u00e9stockeur\u2009\u00bb, a indiqu\u00e9 Noz dans un communiqu\u00e9 de presse adress\u00e9 \u00e0 la r\u00e9daction d\u2019<a href=\"https:\/\/actu.fr\/rennes\/\" target=\"_blank\" rel=\"noopener\">actu Rennes<\/a>.<\/p>\n<p>Des arrivages \u00e0 \u2013 60\u2009%<\/p>\n<p class=\" wall-content\">Les premiers arrivages ont d\u00e9j\u00e0 \u00e9t\u00e9 envoy\u00e9s dans plusieurs magasins Noz de France \u00ab\u2009\u00e0 \u2013 60\u2009% du prix initial Casa\u2009\u00bb.<\/p>\n<p class=\" wall-content\">En Bretagne, <a href=\"https:\/\/actu.fr\/economie\/bretagne-noz-vend-des-produits-dun-geant-de-la-deco-voici-ou-les-trouver_62717747.html\" target=\"_blank\" rel=\"noopener\">plusieurs points de vente ont d\u00e9j\u00e0 re\u00e7u leur stock d\u00e9but juin, cela a notamment \u00e9t\u00e9 le cas pour le magasin de Chantepie et celui du centre-ville de Rennes<\/a>.<\/p>\n<p class=\" wall-content\">Selon nos informations, un nouvel arrivage est programm\u00e9 dans <strong>le magasin Rennes-Vezin,<\/strong> situ\u00e9 pr\u00e8s de la route de Lorient,<strong> jeudi 26\u00a0juin 2025.<\/strong><\/p>\n<p><strong>Infos pratiques\u2009:<\/strong><br \/>Noz, 50, rue du Manoir de Servign\u00e9, Rennes (Ille-et-Vilaine).<br \/>Ouvert du lundi au samedi, de 9h \u00e0 19h30.<\/p>\n<p class=\" wall-content\">Suivez toute l\u2019actualit\u00e9 de vos villes et m\u00e9dias favoris en vous inscrivant \u00e0 <a href=\"https:\/\/moncompte.actu.fr\" title=\"D\u00e9couvez Mon Actu\" rel=\"nofollow noopener\" data-trk=\"{&quot;cta&quot;:{&quot;action&quot;:&quot;https:\\\/\\\/moncompte.actu.fr&quot;,&quot;category&quot;:&quot;mon compte&quot;,&quot;from&quot;:&quot;article footer&quot;,&quot;name&quot;:&quot;Mon actu&quot;,&quot;type&quot;:&quot;cta&quot;}}\" target=\"_blank\">Mon Actu<\/a>.<\/p>\n","protected":false},"excerpt":{"rendered":"Par Cl\u00e9mence Pays Publi\u00e9 le 11 juin 2025 \u00e0 18h04 En mai\u00a02025, Noz a annonc\u00e9 le rachat exceptionnel&hellip;\n","protected":false},"author":2,"featured_media":168793,"comment_status":"","ping_status":"","sticky":false,"template":"","format":"standard","meta":{"footnotes":""},"categories":[2821],"tags":[1111,11,829,215,33,1777,674,1011,27,12,22564,584,25],"class_list":{"0":"post-168910","1":"post","2":"type-post","3":"status-publish","4":"format-standard","5":"has-post-thumbnail","7":"category-rennes","8":"tag-actu","9":"tag-actualites","10":"tag-bretagne","11":"tag-commerce","12":"tag-economie","13":"tag-eu","14":"tag-europe","15":"tag-fr","16":"tag-france","17":"tag-news","18":"tag-noz","19":"tag-rennes","20":"tag-republique-francaise"},"share_on_mastodon":{"url":"https:\/\/pubeurope.com\/@fr\/114666233196452548","error":""},"_links":{"self":[{"href":"https:\/\/www.europesays.com\/fr\/wp-json\/wp\/v2\/posts\/168910","targetHints":{"allow":["GET"]}}],"collection":[{"href":"https:\/\/www.europesays.com\/fr\/wp-json\/wp\/v2\/posts"}],"about":[{"href":"https:\/\/www.europesays.com\/fr\/wp-json\/wp\/v2\/types\/post"}],"author":[{"embeddable":true,"href":"https:\/\/www.europesays.com\/fr\/wp-json\/wp\/v2\/users\/2"}],"replies":[{"embeddable":true,"href":"https:\/\/www.europesays.com\/fr\/wp-json\/wp\/v2\/comments?post=168910"}],"version-history":[{"count":0,"href":"https:\/\/www.europesays.com\/fr\/wp-json\/wp\/v2\/posts\/168910\/revisions"}],"wp:featuredmedia":[{"embeddable":true,"href":"https:\/\/www.europesays.com\/fr\/wp-json\/wp\/v2\/media\/168793"}],"wp:attachment":[{"href":"https:\/\/www.europesays.com\/fr\/wp-json\/wp\/v2\/media?parent=168910"}],"wp:term":[{"taxonomy":"category","embeddable":true,"href":"https:\/\/www.europesays.com\/fr\/wp-json\/wp\/v2\/categories?post=168910"},{"taxonomy":"post_tag","embeddable":true,"href":"https:\/\/www.europesays.com\/fr\/wp-json\/wp\/v2\/tags?post=168910"}],"curies":[{"name":"wp","href":"https:\/\/api.w.org\/{rel}","templated":true}]}}