{"id":168913,"date":"2025-06-11T18:51:49","date_gmt":"2025-06-11T18:51:49","guid":{"rendered":"https:\/\/www.europesays.com\/fr\/168913\/"},"modified":"2025-06-11T18:51:49","modified_gmt":"2025-06-11T18:51:49","slug":"ce-week-end-un-open-air-xxl-sinstalle-au-jardin-des-deux-rives","status":"publish","type":"post","link":"https:\/\/www.europesays.com\/fr\/168913\/","title":{"rendered":"ce week-end, un open air XXL s&rsquo;installe au Jardin des Deux Rives"},"content":{"rendered":"<p>    <img loading=\"lazy\" width=\"1800\" height=\"900\" src=\"https:\/\/www.europesays.com\/fr\/wp-content\/uploads\/2025\/04\/jeanne-callthepolice.jpg\" class=\"attachment-full size-full\" alt=\"\" id=\"imageLove\" decoding=\"async\"  \/><\/p>\n<p id=\"breadcrumbs\"><a href=\"https:\/\/pokaa.fr\/\" rel=\"nofollow noopener\" target=\"_blank\">Accueil<\/a> \/ <a href=\"https:\/\/pokaa.fr\/categories\/ses-sorties\/\" rel=\"nofollow noopener\" target=\"_blank\">Sorties<\/a> \/ F\u00eate ensoleill\u00e9e : ce week-end, un open air XXL s\u2019installe au Jardin des Deux Rives<\/p>\n<p>                    Sorties<\/p>\n<p><b>Pas de tr\u00eave pour le Jardin des Deux Rives, que du groove. Avec le retour des beaux jours, le parc strasbourgeois s\u2019anime chaque week-end avec un nouveau festival. Et de vendredi 13 \u00e0 dimanche 15 juin, place \u00e0 l\u2019annuel open air d\u2019Ordinaire qui montera le son pour retourner son gazon. Kamma, Natalie Robinson, Fantastic Man, Fafi Abdel Nour, Suze Ij\u00f3\u2026<\/b> <b>Une prog\u2019 pointue pour trois jours extra-<\/b><b>Ordinaire<\/b><b>, entre invit\u00e9(e)s d\u2019ailleurs et talents locaux\/les.<\/b><\/p>\n<p>Derri\u00e8re Ordinaire Records, un trio\u00a0: <b>Big Freak, El Kazed<\/b> et <b>Rony<\/b>, \u00ab\u00a0trois potes r\u00e9unis par <b>une passion bien ancr\u00e9e\u00a0: la house<\/b>, celle des clubs new-yorkais et des vibes US garage qui tapent droit au c\u0153ur\u00a0\u00bb.<\/p>\n<p>En parall\u00e8le de leurs soir\u00e9es ponctuelles dans les bars, clubs ou festivals strasbourgeois, <b>leur grand rendez-vous annuel, c\u2019est l\u2019Ordinaire Open air<\/b>. Une <b>5e \u00e9dition<\/b> d\u2019un festival attendu qui devrait \u2013 pour ne rien g\u00e2cher \u2013 profiter <b>du retour du soleil<\/b>.<\/p>\n<p>Au programme ? <strong>Un \u00e9v\u00e9nement groovy, convivial\u2026 Et m\u00eame familial<\/strong>, avec des tarifs adapt\u00e9s (voire la gratuit\u00e9).<\/p>\n<p>                <img width=\"333\" height=\"500\" src=\"https:\/\/www.europesays.com\/fr\/wp-content\/uploads\/2025\/05\/valentin-laurent-open-air-ordinaire-records-3-e1686092166736-333x500.jpg\" class=\"attachment-gallery size-gallery\" alt=\"\u00a9 Valentin Laurent + Open air + Ordinaire Records 3\" data-full-url=\"https:\/\/pokaa.fr\/wp-content\/uploads\/2023\/06\/valentin-laurent-open-air-ordinaire-records-3-e1686092166736.jpg\" decoding=\"async\" loading=\"lazy\"  \/>            <\/p>\n<p>                <img width=\"333\" height=\"500\" src=\"https:\/\/www.europesays.com\/fr\/wp-content\/uploads\/2025\/06\/valentin-laurent-open-air-ordinaire-records-4-e1686092189574-333x500.jpg\" class=\"attachment-gallery size-gallery\" alt=\"Ordinaire Records + Open Air 2022\" data-full-url=\"https:\/\/pokaa.fr\/wp-content\/uploads\/2023\/06\/valentin-laurent-open-air-ordinaire-records-4-e1686092189574.jpg\" decoding=\"async\" loading=\"lazy\"  \/>            <\/p>\n<p>                <img width=\"334\" height=\"500\" src=\"https:\/\/www.europesays.com\/fr\/wp-content\/uploads\/2025\/06\/theo-psaume-ordinaire-records-open-air-2022-3-e1686091549293-334x500.jpg\" class=\"attachment-gallery size-gallery\" alt=\"Ordinaire Records + Open Air 2022\" data-full-url=\"https:\/\/pokaa.fr\/wp-content\/uploads\/2023\/06\/theo-psaume-ordinaire-records-open-air-2022-3-e1686091549293.jpg\" decoding=\"async\" loading=\"lazy\"  \/>            <\/p>\n<p>                    Ordinaire Open air 2022 : 1. 2. \u00a9 Valentin Laurent \/ Documents remis ; 3. \u00a9 Theo Psaume \/ Document remis<\/p>\n<p>    <img width=\"800\" height=\"533\" src=\"https:\/\/www.europesays.com\/fr\/wp-content\/uploads\/2025\/06\/valentin-laurent-open-air-ordinaire-records-1-e1686092138491-800x533.jpg\" class=\"attachment-image-size-L size-image-size-L\" alt=\"Ordinaire Records + Open Air 2022\" decoding=\"async\" loading=\"lazy\"  \/>         Ordinaire Open air 2022. \u00a9 Valentin Laurent \/ Document remis <\/p>\n<p>Une 5e \u00e9dition augment\u00e9e<\/p>\n<p>\u00ab On avait dit deux jours puis bon, on a craqu\u00e9 sur trois\u00a0\u00bb \u00e9crit l\u2019\u00e9quipe en pr\u00e9ambule. Pour cette 5e \u00e9dition, va falloir en avoir sous le pied. Cette ann\u00e9e, le rendez-vous est donn\u00e9 du <b>vendredi 13 \u00e0 l\u2019ap\u00e9ro jusqu\u2019au dimanche soir\u00a0!<\/b><\/p>\n<p><b>Vendredi<\/b>, deux t\u00eates d\u2019affiche venues des Pays-Bas\u00a0: <b>Suze Ij\u00f3 <\/b>et <b>Fafi Abdel Nour<\/b>. Quant \u00e0 l\u2019ouverture, Ordinaire r\u00e9unit <b>Kate et Nomis<\/b> pour un B2B (soul, house, broken beat et UK vibes), et invite <b>Vigo<\/b> (Longevity Festival, Longevity Music School).<\/p>\n<p>                <img width=\"333\" height=\"500\" src=\"https:\/\/www.europesays.com\/fr\/wp-content\/uploads\/2025\/06\/valentin-laurent-open-air-ordinaire-records-6-e1686092274199-333x500.jpg\" class=\"attachment-gallery size-gallery\" alt=\"Ordinaire Records + Open Air 2022\" data-full-url=\"https:\/\/pokaa.fr\/wp-content\/uploads\/2023\/06\/valentin-laurent-open-air-ordinaire-records-6-e1686092274199.jpg\" decoding=\"async\" loading=\"lazy\"  \/>            <\/p>\n<p>                <img width=\"333\" height=\"500\" src=\"https:\/\/www.europesays.com\/fr\/wp-content\/uploads\/2025\/05\/valentin-laurent-open-air-ordinaire-records-e1686092114834-333x500.jpg\" class=\"attachment-gallery size-gallery\" alt=\"Ordinaire Records + Open Air 2022\" data-full-url=\"https:\/\/pokaa.fr\/wp-content\/uploads\/2023\/06\/valentin-laurent-open-air-ordinaire-records-e1686092114834.jpg\" decoding=\"async\" loading=\"lazy\"  \/>            <\/p>\n<p>                    Ordinaire Open air 2022. \u00a9 Valentin Laurent \/ Documents remis<\/p>\n<p>    <img width=\"800\" height=\"534\" src=\"https:\/\/www.europesays.com\/fr\/wp-content\/uploads\/2025\/06\/theo-psaume-ordinaire-records-open-air-2022-e1686091497294-800x534.jpg\" class=\"attachment-image-size-L size-image-size-L\" alt=\"Ordinaire Records + Open Air 2022\" decoding=\"async\" loading=\"lazy\"  \/>         Ordinaire Open air 2022. \u00a9 Theo Psaume \/ Document remis <\/p>\n<p><b>Le samedi<\/b>, on commence d\u00e8s l\u2019apr\u00e8s-midi. On retrouvera la team Ordinaire avec <b>Thelau, Big Freak, El Kazed et Rony.<\/b><\/p>\n<p>\u00c0 leurs c\u00f4t\u00e9s\u00a0: <b>Fantastic Man<\/b> (alias du DJ et producteur influent Mic Newman, bas\u00e9 \u00e0 Berlin) et<b> Kamma <\/b>(Brighter Days \/ Amsterdam), qui a \u00ab\u00a0baign\u00e9 dans les collections de disques de ses parents DJs, Dr. Tiong &amp; DJ Sylvia\u00a0\u00bb, et connue pour son duo avec Masalo.<\/p>\n<p>Pour compl\u00e9ter l\u2019affiche\u00a0: deux talents d\u2019ici. <b>Liner Notes <\/b>qui \u00ab\u00a0met en lumi\u00e8re les artistes de l\u2019ombre, <b>les samples oubli\u00e9s<\/b>\u00a0\u00bb, et \u2013 avec un accessoire qui lui donne son nom \u2013 <b>Evan Tail<\/b>. Un \u00ab\u00a0passionn\u00e9 de vinyles, influenc\u00e9 par la culture voguing, [qui] puise dans <b>les racines queer de la house, du disco et de la techno<\/b>\u00a0\u00bb.<\/p>\n<p>    <img width=\"800\" height=\"534\" src=\"https:\/\/www.europesays.com\/fr\/wp-content\/uploads\/2025\/06\/theo-psaume-ordinaire-records-open-air-2022-4-e1686091577976-800x534.jpg\" class=\"attachment-image-size-L size-image-size-L\" alt=\"Ordinaire Records + Open Air 2022\" decoding=\"async\" loading=\"lazy\"  \/>         Ordinaire Open air 2022. \u00a9 Theo Psaume \/ Document remis <\/p>\n<p>Le <b>dimanche\u00a0<\/b>? On remet \u00e7a avec des sets de <b>Natalie Robinson <\/b>de Berlin\u00a0; et de Strasbourg, <b>Bouki<\/b> (collectif Groome) et <b>Margarita Temp\u00eate<\/b>. De la house et du groove avec les deux preums\u2019, et \u00ab\u00a0la sueur d\u2019un baile funk, des \u00e9clats de vieille disco\u00a0\u00bb avec la troisi\u00e8me.<\/p>\n<p>Ainsi que des live de<b> Joel Kwame Brown<\/b>, un groupe strasbourgeois qui \u00ab\u00a0fusionne <b>jazz, groove, hip-hop, soul et musiques africaines<\/b>\u00a0\u00bb. Et<b> Ben Laxton<\/b>, \u00ab\u00a0inspir\u00e9 par des artistes comme Bonobo, Jordan Rakei, Rival Consoles ou Massive Attack [et qui] continue de tracer son chemin entre \u00e9lectronique exp\u00e9rimentale et racines soul\/RnB\u00a0\u00bb.<\/p>\n<p>En attendant vendredi, on te laisse en musique avec ce dernier :<\/p>\n<\/p>\n<p>            Ordinaire Open air &#8211; 5e \u00e9dition<\/p>\n<p>            Quoi ? <\/p>\n<p>Festival en plein air avec DJ sets et concerts<\/p>\n<p>                Quand ?<\/p>\n<p>Du vendredi 13 au samedi 15 juin<br \/>(Vendredi de 17h \u00e0 2h, samedi de 15h \u00e0 2h et dimanche de 15h \u00e0 22h30)<\/p>\n<p>            o\u00f9 ?<\/p>\n<p>Au Jardin des Deux Rives, \u00e0 Strasbourg<\/p>\n<p>                Plus d&rsquo;infos ?<\/p>\n<p><a href=\"https:\/\/fb.me\/e\/5zFOPJ1zF\" target=\"_blank\" rel=\"noopener nofollow\">L\u2019\u00e9v\u00e9nement Facebook<\/a><br \/><a href=\"https:\/\/my.weezevent.com\/ordinaire-open-air-2025\" target=\"_blank\" rel=\"noopener nofollow\">Billetterie<\/a><br \/><a href=\"https:\/\/app.qoezion.com\/fr-FR\/auth\/signin?returnUrl=%2Fapply%2Fbfe5c712-0cf7-41a5-b196-718434d6c7a6\" target=\"_blank\" rel=\"noopener nofollow\">Formulaire b\u00e9n\u00e9voles<\/a><\/p>\n<p>Tarifs familiaux :<br \/>Avant 16h : gratuit pour les familles avec enfant(s) de -14 ans<br \/>Apr\u00e8s 16h\u00a0: 5\u20ac pour toute la famille avec enfant(s) de -14 ans<\/p>\n<p>                <img width=\"333\" height=\"500\" src=\"https:\/\/www.europesays.com\/fr\/wp-content\/uploads\/2025\/05\/valentin-laurent-open-air-ordinaire-records-e1686092114834-333x500.jpg\" class=\"attachment-gallery size-gallery\" alt=\"Ordinaire Records + Open Air 2022\" data-full-url=\"https:\/\/pokaa.fr\/wp-content\/uploads\/2023\/06\/valentin-laurent-open-air-ordinaire-records-e1686092114834.jpg\" decoding=\"async\" loading=\"lazy\"  \/>            <\/p>\n<p>                <img width=\"749\" height=\"500\" src=\"https:\/\/www.europesays.com\/fr\/wp-content\/uploads\/2025\/06\/theo-psaume-ordinaire-records-open-air-2022-e1686091497294-749x500.jpg\" class=\"attachment-gallery size-gallery\" alt=\"Ordinaire Records + Open Air 2022\" data-full-url=\"https:\/\/pokaa.fr\/wp-content\/uploads\/2023\/06\/theo-psaume-ordinaire-records-open-air-2022-1500x1001.jpg\" decoding=\"async\" loading=\"lazy\"  \/>            <\/p>\n<p>                <img width=\"750\" height=\"500\" src=\"https:\/\/www.europesays.com\/fr\/wp-content\/uploads\/2025\/05\/valentin-laurent-open-air-ordinaire-records-1-e1686092138491-750x500.jpg\" class=\"attachment-gallery size-gallery\" alt=\"Ordinaire Records + Open Air 2022\" data-full-url=\"https:\/\/pokaa.fr\/wp-content\/uploads\/2023\/06\/valentin-laurent-open-air-ordinaire-records-1-1500x1000.jpg\" decoding=\"async\" loading=\"lazy\"  \/>            <\/p>\n<p>                <img width=\"750\" height=\"500\" src=\"https:\/\/www.europesays.com\/fr\/wp-content\/uploads\/2025\/06\/sophigraphie-el-kazed-ordinaire-records-juillet-2023-e1701281369227-750x500.jpg\" class=\"attachment-gallery size-gallery\" alt=\"El kazed + ordinaire records juillet 2023\" data-full-url=\"https:\/\/pokaa.fr\/wp-content\/uploads\/2023\/11\/29\/sophigraphie-el-kazed-ordinaire-records-juillet-2023-1500x1000.jpg\" decoding=\"async\" loading=\"lazy\"  \/>            <\/p>\n<p>                    Ordinaire Open Air 2022<br \/>\n\u00a9 Valentin Laurent<\/p>\n","protected":false},"excerpt":{"rendered":"Accueil \/ Sorties \/ F\u00eate ensoleill\u00e9e : ce week-end, un open air XXL s\u2019installe au Jardin des Deux&hellip;\n","protected":false},"author":2,"featured_media":168914,"comment_status":"","ping_status":"","sticky":false,"template":"","format":"standard","meta":{"footnotes":""},"categories":[2820],"tags":[1111,11,4763,4156,4157,1777,674,652,849,1011,27,775,19096,873,12,14813,30249,3907,25,640,4064],"class_list":{"0":"post-168913","1":"post","2":"type-post","3":"status-publish","4":"format-standard","5":"has-post-thumbnail","7":"category-strasbourg","8":"tag-actu","9":"tag-actualites","10":"tag-agenda","11":"tag-concerts","12":"tag-dj-sets","13":"tag-eu","14":"tag-europe","15":"tag-famille","16":"tag-festival","17":"tag-fr","18":"tag-france","19":"tag-grand-est","20":"tag-jardin-des-deux-rives","21":"tag-musique","22":"tag-news","23":"tag-open-air","24":"tag-ordinaire","25":"tag-que-faire","26":"tag-republique-francaise","27":"tag-strasbourg","28":"tag-week-end"},"share_on_mastodon":{"url":"https:\/\/pubeurope.com\/@fr\/114666245429297742","error":""},"_links":{"self":[{"href":"https:\/\/www.europesays.com\/fr\/wp-json\/wp\/v2\/posts\/168913","targetHints":{"allow":["GET"]}}],"collection":[{"href":"https:\/\/www.europesays.com\/fr\/wp-json\/wp\/v2\/posts"}],"about":[{"href":"https:\/\/www.europesays.com\/fr\/wp-json\/wp\/v2\/types\/post"}],"author":[{"embeddable":true,"href":"https:\/\/www.europesays.com\/fr\/wp-json\/wp\/v2\/users\/2"}],"replies":[{"embeddable":true,"href":"https:\/\/www.europesays.com\/fr\/wp-json\/wp\/v2\/comments?post=168913"}],"version-history":[{"count":0,"href":"https:\/\/www.europesays.com\/fr\/wp-json\/wp\/v2\/posts\/168913\/revisions"}],"wp:featuredmedia":[{"embeddable":true,"href":"https:\/\/www.europesays.com\/fr\/wp-json\/wp\/v2\/media\/168914"}],"wp:attachment":[{"href":"https:\/\/www.europesays.com\/fr\/wp-json\/wp\/v2\/media?parent=168913"}],"wp:term":[{"taxonomy":"category","embeddable":true,"href":"https:\/\/www.europesays.com\/fr\/wp-json\/wp\/v2\/categories?post=168913"},{"taxonomy":"post_tag","embeddable":true,"href":"https:\/\/www.europesays.com\/fr\/wp-json\/wp\/v2\/tags?post=168913"}],"curies":[{"name":"wp","href":"https:\/\/api.w.org\/{rel}","templated":true}]}}