{"id":168921,"date":"2025-06-11T18:55:14","date_gmt":"2025-06-11T18:55:14","guid":{"rendered":"https:\/\/www.europesays.com\/fr\/168921\/"},"modified":"2025-06-11T18:55:14","modified_gmt":"2025-06-11T18:55:14","slug":"liquidation-de-casa-ca-fait-mal-au-coeur-pour-les-neuf-salaries-des-deux-magasins-pres","status":"publish","type":"post","link":"https:\/\/www.europesays.com\/fr\/168921\/","title":{"rendered":"Liquidation de Casa: \u00ab\u00a0\u00c7a fait mal au c\u0153ur\u00a0\u00bb pour les neuf salari\u00e9s des deux magasins pr\u00e8s"},"content":{"rendered":"<p>En redressement judiciaire depuis mars, Casa France n\u2019a pas r\u00e9sist\u00e9 aux tourbillons de la dette. <a href=\"https:\/\/paris.maville.com\/actu\/actudet_-en-redressement-depuis-mars-casa-france-annonce-sa-liquidation-judiciaire-_54135-6848901_actu.Htm\" target=\"_blank\" rel=\"noopener\">L\u2019annonce de la liquidation judiciaire<\/a> \u00e9tait redout\u00e9e dans les 143\u00a0magasins encore ouvert sur le territoire fran\u00e7ais. Il en restait deux dans la m\u00e9tropole nantaise apr\u00e8s la fermeture du Casa du centre-ville pr\u00e8s de la place Bretagne.<\/p>\n<p><strong>\u00ab\u00a0On s\u2019y attendait, mais c\u2019est triste,<\/strong> souffle un salari\u00e9 du Casa de Basse-Goulaine.<strong> On attend des nouvelles pour le licenciement.\u00a0\u00bb<\/strong> Le magasin de d\u00e9coration d\u2019int\u00e9rieur avait encore cinq salari\u00e9s. Celui de la route de Vannes, dans la commune de Saint-Herblain, en emploie quatre. <strong>\u00ab\u00a0Pas le droit de parler\u00a0\u00bb<\/strong>, balaye la responsable. Mais c\u00f4t\u00e9 salari\u00e9, on avoue que <strong>\u00ab\u00a0\u00e7a fait mal au c\u0153ur. On en parle avec des clients\u00a0\u00bb.<\/strong><\/p>\n<p>L\u2019h\u00e9catombe continue dans le commerce de d\u00e9coration <a href=\"https:\/\/nantes.maville.com\/actu\/actudet_-a-nantes-le-commerce-du-centre-ville-encore-tonique-malgre-la-fermeture-d-habitat-_8-6095352_actu.Htm\" target=\"_blank\" rel=\"noopener\">apr\u00e8s la fin d\u2019Habitat<\/a>, le pr\u00eat \u00e0 porter ne se porte gu\u00e8re mieux avec la fermeture des magasins Jennyfer r\u00e9cemment.<\/p>\n<p>\u00a0<\/p>\n","protected":false},"excerpt":{"rendered":"En redressement judiciaire depuis mars, Casa France n\u2019a pas r\u00e9sist\u00e9 aux tourbillons de la dette. L\u2019annonce de la&hellip;\n","protected":false},"author":2,"featured_media":168922,"comment_status":"","ping_status":"","sticky":false,"template":"","format":"standard","meta":{"footnotes":""},"categories":[2818],"tags":[1111,11,30250,1777,674,21,1011,27,13225,11906,26830,766,12,2636,3762,25,7264,11489],"class_list":{"0":"post-168921","1":"post","2":"type-post","3":"status-publish","4":"format-standard","5":"has-post-thumbnail","7":"category-nantes","8":"tag-actu","9":"tag-actualites","10":"tag-casa","11":"tag-eu","12":"tag-europe","13":"tag-fait","14":"tag-fr","15":"tag-france","16":"tag-liquidation","17":"tag-magasins","18":"tag-mal","19":"tag-nantes","20":"tag-news","21":"tag-pays-de-la-loire","22":"tag-pres","23":"tag-republique-francaise","24":"tag-salaries","25":"tag-ur"},"share_on_mastodon":{"url":"https:\/\/pubeurope.com\/@fr\/114666256748874749","error":""},"_links":{"self":[{"href":"https:\/\/www.europesays.com\/fr\/wp-json\/wp\/v2\/posts\/168921","targetHints":{"allow":["GET"]}}],"collection":[{"href":"https:\/\/www.europesays.com\/fr\/wp-json\/wp\/v2\/posts"}],"about":[{"href":"https:\/\/www.europesays.com\/fr\/wp-json\/wp\/v2\/types\/post"}],"author":[{"embeddable":true,"href":"https:\/\/www.europesays.com\/fr\/wp-json\/wp\/v2\/users\/2"}],"replies":[{"embeddable":true,"href":"https:\/\/www.europesays.com\/fr\/wp-json\/wp\/v2\/comments?post=168921"}],"version-history":[{"count":0,"href":"https:\/\/www.europesays.com\/fr\/wp-json\/wp\/v2\/posts\/168921\/revisions"}],"wp:featuredmedia":[{"embeddable":true,"href":"https:\/\/www.europesays.com\/fr\/wp-json\/wp\/v2\/media\/168922"}],"wp:attachment":[{"href":"https:\/\/www.europesays.com\/fr\/wp-json\/wp\/v2\/media?parent=168921"}],"wp:term":[{"taxonomy":"category","embeddable":true,"href":"https:\/\/www.europesays.com\/fr\/wp-json\/wp\/v2\/categories?post=168921"},{"taxonomy":"post_tag","embeddable":true,"href":"https:\/\/www.europesays.com\/fr\/wp-json\/wp\/v2\/tags?post=168921"}],"curies":[{"name":"wp","href":"https:\/\/api.w.org\/{rel}","templated":true}]}}