{"id":168929,"date":"2025-06-11T18:59:11","date_gmt":"2025-06-11T18:59:11","guid":{"rendered":"https:\/\/www.europesays.com\/fr\/168929\/"},"modified":"2025-06-11T18:59:11","modified_gmt":"2025-06-11T18:59:11","slug":"cette-innovation-made-in-toulouse-va-permettre-de-capter-des-tonnes-de-plastique-dans-la-garonne","status":"publish","type":"post","link":"https:\/\/www.europesays.com\/fr\/168929\/","title":{"rendered":"Cette innovation made in Toulouse va permettre de capter des tonnes de plastique dans la Garonne"},"content":{"rendered":"<p>            Par<br \/>\n        <strong><br \/>\n            <a href=\"https:\/\/actu.fr\/auteur\/lucie-2\" title=\"Consulter tous les articles de Lucie Fraisse\" target=\"_blank\" rel=\"noopener\">Lucie Fraisse<\/a><br \/>\n        <\/strong><\/p>\n<p>        Publi\u00e9 le<\/p>\n<p>            11 juin 2025 \u00e0 20h25        <\/p>\n<p>Et si un jour il y avait <a href=\"https:\/\/actu.fr\/planete\/pollution\/pollution-plastique-ne-rien-faire-va-couter-beaucoup-plus-cher-que-d-agir-et-c-est-nous-qui-payerons_61914125.html\" target=\"_blank\" rel=\"noopener\">plus de plastique que de poissons dans les oc\u00e9ans<\/a> ? Cette hypoth\u00e8se est prise tr\u00e8s au s\u00e9rieux par les scientifiques qui estiment m\u00eame que, si rien n\u2019est fait, cela pourrait devenir une r\u00e9alit\u00e9 en 2050. Rien qu\u2019en France, <strong>jusqu\u2019\u00e0 500 tonnes de plastique<\/strong> sont transport\u00e9s des fleuves aux oc\u00e9ans chaque ann\u00e9e.<\/p>\n<p>Un barrage sur la Garonne<\/p>\n<p class=\" wall-content\">Une innovation imagin\u00e9e dans la Ville rose avec le soutien de<a href=\"https:\/\/actu.fr\/tag\/toulouse-metropole\" target=\"_blank\" rel=\"noopener\"> Toulouse M\u00e9tropole<\/a> pourrait permettre d\u2019endiguer en partie le probl\u00e8me. D\u2019ici quelques semaines, <a href=\"https:\/\/actu.fr\/occitanie\/toulouse_31555\/imagine-a-toulouse-ce-barrage-filtrant-va-etre-installe-sur-la-garonne-a-quoi-va-t-il-servir_62425859.html\" target=\"_blank\" rel=\"noopener\">un barrage filtrant d\u2019un genre bien particulier<\/a> va en effet \u00eatre d\u00e9ploy\u00e9<strong> sur la Garonne<\/strong>, au niveau du pont de Blagnac.<\/p>\n<p class=\" wall-content\">Avec <strong>Plastic Vortex<\/strong>, l\u2019id\u00e9e est de stopper les d\u00e9chets d\u00e8s les fleuves, v\u00e9ritables autoroutes du plastique vers la mer.<\/p>\n<p>Convoyeur automatis\u00e9\u00a0<\/p>\n<p class=\" wall-content\">Le barrage fonctionne gr\u00e2ce \u00e0 la dynamique naturelle du cours d\u2019eau. <strong>Une structure flottante en \u00ab\u00a0V\u00a0\u00bb invers\u00e9<\/strong>, install\u00e9e en oblique par rapport au courant, guide les d\u00e9chets vers un point unique.<\/p>\n<p class=\" wall-content\">Sous la surface, des jupes immerg\u00e9es descendent jusqu\u2019\u00e0 40 cm de profondeur, captant \u00e9galement les microplastiques et petits d\u00e9bris. Un convoyeur automatis\u00e9 transf\u00e8re ensuite les d\u00e9chets collect\u00e9s vers une benne en berge, pr\u00eate \u00e0 \u00eatre vid\u00e9e, tri\u00e9e et valoris\u00e9e.<\/p>\n<p>Vid\u00e9os : en ce moment sur ActuBouteilles, m\u00e9gots, pneus\u2026\u00a0<\/p>\n<p class=\" wall-content\">Les concepteurs de Plastic Vortex l\u2019affirment : <strong>jusqu\u2019\u00e0 90% des macro-d\u00e9chets sont intercept\u00e9s<\/strong> d\u00e8s 1 mm de diam\u00e8tre, qu\u2019il s\u2019agisse de bouteilles, sacs plastiques, m\u00e9gots ou pneus.<\/p>\n<p class=\" wall-content\">\u00c0 <strong>Toulouse<\/strong>, 8 tonnes de d\u00e9chets doivent \u00eatre ainsi collect\u00e9es chaque ann\u00e9e avant d\u2019\u00eatre tri\u00e9s et valoris\u00e9s. Une goutte d\u2019eau au regard des 2,5 millions de tonnes de plastique qui se retrouvent dans les oc\u00e9ans chaque ann\u00e9e. Mais une goutte d\u2019eau d\u00e9nu\u00e9e de pollution.<\/p>\n<p class=\" wall-content\">\u00ab\u2009C\u2019est une belle innovation et un projet qui a du sens\u2009\u00bb, souligne Patrick Thaunay, cofondateur de Plastic Vortex. \u00ab\u00a0Le dispositif ne fait pas de bruit et consomme tr\u00e8s peu d\u2019\u00e9lectricit\u00e9. Et tout est con\u00e7u pour qu\u2019on puisse surveiller le barrage \u00e0 distance.\u00a0\u00bb<\/p>\n<p>Une trentaine d\u2019autres sites en France<br \/>\n    <img   decoding=\"async\" loading=\"lazy\" src=\"https:\/\/www.europesays.com\/fr\/wp-content\/uploads\/2025\/06\/plastic-vortex-03-bis-barrage-2-960x640.png\" alt=\"Le barrage doit \u00eatre d\u00e9ploy\u00e9 pendant l'\u00e9t\u00e9.\" width=\"960\" height=\"640\"\/><br \/>\n    Le barrage doit \u00eatre d\u00e9ploy\u00e9 pendant l\u2019\u00e9t\u00e9. (\u00a9Plastic Vortex)<\/p>\n<p class=\" wall-content\">Le projet est n\u00e9 dans la Ville rose. En 2019, Plastic Vortex n\u2019\u00e9tait alors qu\u2019une association et<a href=\"https:\/\/actu.fr\/occitanie\/toulouse_31555\/toulouse-grace-eux-dechets-flottants-garonne-seront-transformes-lunettes-soleil_27383157.html\" target=\"_blank\" rel=\"noopener\"> avait test\u00e9 son prototype de barrage filtrant<\/a> sur la Garonne, d\u00e9j\u00e0 au niveau du quartier des Sept deniers et du pont de Blagnac.<\/p>\n<p class=\" wall-content\">Apr\u00e8s ce d\u00e9ploiement sur la Garonne, les barrages Plastic Vortex pourraient \u00eatre install\u00e9s sur une trentaine d\u2019autres sites en France. \u00ab\u00a0Nous couvrirons 90% du territoire et capterons plus de 70% des d\u00e9chets flottants qui se d\u00e9versent dans nos mers et oc\u00e9ans, <strong>soit plus de 175 tonnes de plastiques chaque ann\u00e9e<\/strong>, estiment ainsi ses fondateurs. Cela repr\u00e9sente l\u2019\u00e9quivalent de 9 millions de bouteilles plastiques collect\u00e9es chaque ann\u00e9e.\u00a0\u00bb<\/p>\n<p class=\" wall-content\">Le barrage toulousain devrait \u00eatre op\u00e9rationnel cet \u00e9t\u00e9.<\/p>\n<p class=\" wall-content\">Suivez toute l\u2019actualit\u00e9 de vos villes et m\u00e9dias favoris en vous inscrivant \u00e0 <a href=\"https:\/\/moncompte.actu.fr\" title=\"D\u00e9couvez Mon Actu\" rel=\"nofollow noopener\" data-trk=\"{&quot;cta&quot;:{&quot;action&quot;:&quot;https:\\\/\\\/moncompte.actu.fr&quot;,&quot;category&quot;:&quot;mon compte&quot;,&quot;from&quot;:&quot;article footer&quot;,&quot;name&quot;:&quot;Mon actu&quot;,&quot;type&quot;:&quot;cta&quot;}}\" target=\"_blank\">Mon Actu<\/a>.<\/p>\n<ul class=\"ac-article-tag wall-content\">\n<li><a href=\"https:\/\/actu.fr\/tag\/pollution\" data-trk=\"{&quot;cta&quot;:{&quot;action&quot;:&quot;Pollution&quot;,&quot;category&quot;:&quot;tag&quot;,&quot;from&quot;:&quot;article footer&quot;,&quot;name&quot;:&quot;Pollution&quot;,&quot;type&quot;:&quot;cta&quot;}}\" target=\"_blank\" rel=\"noopener\">#Pollution<\/a><\/li>\n<li><a href=\"https:\/\/actu.fr\/tag\/toulouse-metropole\" data-trk=\"{&quot;cta&quot;:{&quot;action&quot;:&quot;Toulouse M\\u00e9tropole&quot;,&quot;category&quot;:&quot;tag&quot;,&quot;from&quot;:&quot;article footer&quot;,&quot;name&quot;:&quot;Toulouse M\\u00e9tropole&quot;,&quot;type&quot;:&quot;cta&quot;}}\" target=\"_blank\" rel=\"noopener\">#Toulouse M\u00e9tropole<\/a><\/li>\n<\/ul>\n","protected":false},"excerpt":{"rendered":"Par Lucie Fraisse Publi\u00e9 le 11 juin 2025 \u00e0 20h25 Et si un jour il y avait plus&hellip;\n","protected":false},"author":2,"featured_media":168930,"comment_status":"","ping_status":"","sticky":false,"template":"","format":"standard","meta":{"footnotes":""},"categories":[2816],"tags":[1111,11,1777,674,1011,27,12,2680,52,1800,25,2312,1090],"class_list":{"0":"post-168929","1":"post","2":"type-post","3":"status-publish","4":"format-standard","5":"has-post-thumbnail","7":"category-toulouse","8":"tag-actu","9":"tag-actualites","10":"tag-eu","11":"tag-europe","12":"tag-fr","13":"tag-france","14":"tag-news","15":"tag-occitanie","16":"tag-planete","17":"tag-pollution","18":"tag-republique-francaise","19":"tag-toulouse","20":"tag-toulouse-metropole"},"share_on_mastodon":{"url":"https:\/\/pubeurope.com\/@fr\/114666272473217646","error":""},"_links":{"self":[{"href":"https:\/\/www.europesays.com\/fr\/wp-json\/wp\/v2\/posts\/168929","targetHints":{"allow":["GET"]}}],"collection":[{"href":"https:\/\/www.europesays.com\/fr\/wp-json\/wp\/v2\/posts"}],"about":[{"href":"https:\/\/www.europesays.com\/fr\/wp-json\/wp\/v2\/types\/post"}],"author":[{"embeddable":true,"href":"https:\/\/www.europesays.com\/fr\/wp-json\/wp\/v2\/users\/2"}],"replies":[{"embeddable":true,"href":"https:\/\/www.europesays.com\/fr\/wp-json\/wp\/v2\/comments?post=168929"}],"version-history":[{"count":0,"href":"https:\/\/www.europesays.com\/fr\/wp-json\/wp\/v2\/posts\/168929\/revisions"}],"wp:featuredmedia":[{"embeddable":true,"href":"https:\/\/www.europesays.com\/fr\/wp-json\/wp\/v2\/media\/168930"}],"wp:attachment":[{"href":"https:\/\/www.europesays.com\/fr\/wp-json\/wp\/v2\/media?parent=168929"}],"wp:term":[{"taxonomy":"category","embeddable":true,"href":"https:\/\/www.europesays.com\/fr\/wp-json\/wp\/v2\/categories?post=168929"},{"taxonomy":"post_tag","embeddable":true,"href":"https:\/\/www.europesays.com\/fr\/wp-json\/wp\/v2\/tags?post=168929"}],"curies":[{"name":"wp","href":"https:\/\/api.w.org\/{rel}","templated":true}]}}