{"id":168937,"date":"2025-06-11T19:03:10","date_gmt":"2025-06-11T19:03:10","guid":{"rendered":"https:\/\/www.europesays.com\/fr\/168937\/"},"modified":"2025-06-11T19:03:10","modified_gmt":"2025-06-11T19:03:10","slug":"apres-une-agression-homophobe-devant-le-centre-forbin-pour-sdf-les-victimes-denoncent-un-racket-organise","status":"publish","type":"post","link":"https:\/\/www.europesays.com\/fr\/168937\/","title":{"rendered":"Apr\u00e8s une agression homophobe devant le centre Forbin pour SDF, les victimes d\u00e9noncent un \u00ab\u00a0racket organis\u00e9\u00a0\u00bb"},"content":{"rendered":"<p>Ils redoutent de sortir. Les hommes accueillis au foyer Forbin, dans le 2e arrondissement de <a href=\"https:\/\/www.laprovence.com\/bouches-du-rhone\/marseille-13055\" target=\"_blank\" rel=\"noopener\">Marseille<\/a>, pr\u00e9f\u00e8rent y rester enferm\u00e9s depuis qu\u2019<a href=\"https:\/\/www.laprovence.com\/article\/region\/3153759234356514\/journee-internationale-de-lutte-contre-lhomophobie-samedi-alerte-sur-la-sante-des-personnes-lgbt-a-marseille\" target=\"_blank\" rel=\"noopener\">une agression homophobe<\/a> s\u2019est d\u00e9roul\u00e9e, au d\u00e9but du mois de mai. Refusant de porter plainte par crainte de repr\u00e9sailles, les deux victimes ont jet\u00e9 la lumi\u00e8re sur un \u00ab\u00a0racket organis\u00e9\u00a0\u00bb des personnes sans domicile h\u00e9berg\u00e9es au centre Forbin et des habitants \u00ab\u00a0en \u00e9tat de faiblesse\u00a0\u00bb r\u00e9sidant dans le quartier.<\/p>\n","protected":false},"excerpt":{"rendered":"Ils redoutent de sortir. Les hommes accueillis au foyer Forbin, dans le 2e arrondissement de Marseille, pr\u00e9f\u00e8rent y&hellip;\n","protected":false},"author":2,"featured_media":168938,"comment_status":"","ping_status":"","sticky":false,"template":"","format":"standard","meta":{"footnotes":""},"categories":[2814],"tags":[17,1111,11,1120,3335,13413,1777,674,30251,1011,27,29495,884,12,471,882,16,25],"class_list":{"0":"post-168937","1":"post","2":"type-post","3":"status-publish","4":"format-standard","5":"has-post-thumbnail","7":"category-marseille","8":"tag-17","9":"tag-actu","10":"tag-actualites","11":"tag-agression","12":"tag-centre","13":"tag-devant","14":"tag-eu","15":"tag-europe","16":"tag-forbin","17":"tag-fr","18":"tag-france","19":"tag-homophobe","20":"tag-marseille","21":"tag-news","22":"tag-pour","23":"tag-provence-alpes-cote-dazur","24":"tag-region","25":"tag-republique-francaise"},"share_on_mastodon":{"url":"https:\/\/pubeurope.com\/@fr\/114666288184818510","error":""},"_links":{"self":[{"href":"https:\/\/www.europesays.com\/fr\/wp-json\/wp\/v2\/posts\/168937","targetHints":{"allow":["GET"]}}],"collection":[{"href":"https:\/\/www.europesays.com\/fr\/wp-json\/wp\/v2\/posts"}],"about":[{"href":"https:\/\/www.europesays.com\/fr\/wp-json\/wp\/v2\/types\/post"}],"author":[{"embeddable":true,"href":"https:\/\/www.europesays.com\/fr\/wp-json\/wp\/v2\/users\/2"}],"replies":[{"embeddable":true,"href":"https:\/\/www.europesays.com\/fr\/wp-json\/wp\/v2\/comments?post=168937"}],"version-history":[{"count":0,"href":"https:\/\/www.europesays.com\/fr\/wp-json\/wp\/v2\/posts\/168937\/revisions"}],"wp:featuredmedia":[{"embeddable":true,"href":"https:\/\/www.europesays.com\/fr\/wp-json\/wp\/v2\/media\/168938"}],"wp:attachment":[{"href":"https:\/\/www.europesays.com\/fr\/wp-json\/wp\/v2\/media?parent=168937"}],"wp:term":[{"taxonomy":"category","embeddable":true,"href":"https:\/\/www.europesays.com\/fr\/wp-json\/wp\/v2\/categories?post=168937"},{"taxonomy":"post_tag","embeddable":true,"href":"https:\/\/www.europesays.com\/fr\/wp-json\/wp\/v2\/tags?post=168937"}],"curies":[{"name":"wp","href":"https:\/\/api.w.org\/{rel}","templated":true}]}}