{"id":168943,"date":"2025-06-11T19:06:16","date_gmt":"2025-06-11T19:06:16","guid":{"rendered":"https:\/\/www.europesays.com\/fr\/168943\/"},"modified":"2025-06-11T19:06:16","modified_gmt":"2025-06-11T19:06:16","slug":"les-chauffeurs-vtc-sont-toujours-en-colere-et-appellent-les-lyonnais-et-jean-michel-aulas-a-les-rejoindre","status":"publish","type":"post","link":"https:\/\/www.europesays.com\/fr\/168943\/","title":{"rendered":"les chauffeurs VTC sont toujours en col\u00e8re et appellent les Lyonnais (et Jean-Michel Aulas) \u00e0 les rejoindre"},"content":{"rendered":"<p>\u00ab\u00a0C\u2019est un avant-go\u00fbt de la mise en place de la future ZTL\u00a0\u00bb. Comme annonc\u00e9, mardi matin, le mouvement des chauffeurs de VTC de la M\u00e9tropole de Lyon n\u2019est pas pr\u00eat \u00e0 s\u2019essouffler. \u00c0 l\u2019appel de l\u2019Association des chauffeurs ind\u00e9pendants lyonnais (ACIL), ils \u00e9taient encore nombreux, mercredi \u00e0 midi, \u00e0 converger symboliquement \u00e0 l\u2019angle des rues \u00c9douard-Herriot et Grenette pour exprimer leur malaise.<\/p>\n<p>  Les chauffeurs attendent le soutien de Jean-Michel Aulas<\/p>\n<p>Ils sont all\u00e9s \u00e0 la rencontre de la population (leur client\u00e8le) <a href=\"https:\/\/www.leprogres.fr\/economie\/2025\/06\/10\/pourquoi-les-chauffeurs-vtc-lyonnais-ont-manifeste-et-veulent-continuer\" target=\"_blank\" rel=\"nofollow noopener\">pour pr\u00e9senter leurs revendications<\/a>. Ils estiment notamment \u00eatre trop nombreux sur le march\u00e9 avec des prix pratiqu\u00e9s par les plateformes toujours \u00e0 la baisse. Une situation qui n&rsquo;est, \u00e0 leurs yeux, plus possible. \u00ab\u00a0On ne peut pas vivre avec 1\u00a0euro du kilom\u00e8tre\u00a0\u00bb, souligne Brahim, chauffeur depuis 2018. Plus localement, ils d\u00e9plorent la mise en place de la\u00a0Zone \u00e0 trafic limit\u00e9 (ZTL) de la Presqu\u2019\u00eele de Lyon qui rentrera en vigueur le 21\u00a0juin. M\u00eame s\u2019ils peuvent y acc\u00e9der \u00e0 l\u2019instar des taxis, ils demandent un all\u00e9gement des restrictions afin de perdre le moins de temps possible.<\/p>\n<p>\u00ab\u00a0La ZTL est coup\u00e9e en son milieu par la rue Grenette r\u00e9serv\u00e9e exclusivement aux transports en commun. Cela impacte \u00e9norm\u00e9ment nos trajets et la rentabilit\u00e9 de nos courses. Avec les nouveaux sens de circulation, c\u2019est tr\u00e8s compliqu\u00e9 de passer des quais de Sa\u00f4ne \u00e0 ceux du Rh\u00f4ne ou de se rendre de Bellecour aux pentes de la Croix-Rousse\u00a0\u00bb, pr\u00e9cise Mehdi Mejri, pr\u00e9sident de l\u2019ACIL.<\/p>\n<p>Ils souhaitent poursuivre le mouvement jusqu\u2019\u00e0 samedi avec le soutien d\u2019un maximum de Lyonnais et de commer\u00e7ants. Ils en appellent aussi \u00e0 <a href=\"https:\/\/www.leprogres.fr\/politique\/2025\/04\/09\/jean-michel-aulas-partage-la-petition-contre-la-pietonnisation-de-la-presqu-ile\" target=\"_blank\" rel=\"nofollow noopener\">Jean-Michel Aulas, potentiel candidat \u00e0 la mairie de Lyon<\/a>, qui s\u2019est prononc\u00e9 contre la mise en place de la ZTL.<\/p>\n","protected":false},"excerpt":{"rendered":"\u00ab\u00a0C\u2019est un avant-go\u00fbt de la mise en place de la future ZTL\u00a0\u00bb. Comme annonc\u00e9, mardi matin, le mouvement&hellip;\n","protected":false},"author":2,"featured_media":168944,"comment_status":"","ping_status":"","sticky":false,"template":"","format":"standard","meta":{"footnotes":""},"categories":[1889],"tags":[1111,11,2430,3542,4406,9671,33,2757,1777,674,1011,27,2428,12354,12353,12,25,2429,801,104,2803],"class_list":{"0":"post-168943","1":"post","2":"type-post","3":"status-publish","4":"format-standard","5":"has-post-thumbnail","7":"category-lyon","8":"tag-actu","9":"tag-actualites","10":"tag-auvergne-rhone-alpes","11":"tag-circulation","12":"tag-commerce-et-services","13":"tag-conflit-social","14":"tag-economie","15":"tag-edition-lyon-villeurbanne","16":"tag-eu","17":"tag-europe","18":"tag-fr","19":"tag-france","20":"tag-lyon","21":"tag-lyon-2e","22":"tag-lyon-2e-arrondissement","23":"tag-news","24":"tag-republique-francaise","25":"tag-rhone","26":"tag-social","27":"tag-societe","28":"tag-transport"},"share_on_mastodon":{"url":"https:\/\/pubeurope.com\/@fr\/114666299897582905","error":""},"_links":{"self":[{"href":"https:\/\/www.europesays.com\/fr\/wp-json\/wp\/v2\/posts\/168943","targetHints":{"allow":["GET"]}}],"collection":[{"href":"https:\/\/www.europesays.com\/fr\/wp-json\/wp\/v2\/posts"}],"about":[{"href":"https:\/\/www.europesays.com\/fr\/wp-json\/wp\/v2\/types\/post"}],"author":[{"embeddable":true,"href":"https:\/\/www.europesays.com\/fr\/wp-json\/wp\/v2\/users\/2"}],"replies":[{"embeddable":true,"href":"https:\/\/www.europesays.com\/fr\/wp-json\/wp\/v2\/comments?post=168943"}],"version-history":[{"count":0,"href":"https:\/\/www.europesays.com\/fr\/wp-json\/wp\/v2\/posts\/168943\/revisions"}],"wp:featuredmedia":[{"embeddable":true,"href":"https:\/\/www.europesays.com\/fr\/wp-json\/wp\/v2\/media\/168944"}],"wp:attachment":[{"href":"https:\/\/www.europesays.com\/fr\/wp-json\/wp\/v2\/media?parent=168943"}],"wp:term":[{"taxonomy":"category","embeddable":true,"href":"https:\/\/www.europesays.com\/fr\/wp-json\/wp\/v2\/categories?post=168943"},{"taxonomy":"post_tag","embeddable":true,"href":"https:\/\/www.europesays.com\/fr\/wp-json\/wp\/v2\/tags?post=168943"}],"curies":[{"name":"wp","href":"https:\/\/api.w.org\/{rel}","templated":true}]}}