{"id":168949,"date":"2025-06-11T19:10:16","date_gmt":"2025-06-11T19:10:16","guid":{"rendered":"https:\/\/www.europesays.com\/fr\/168949\/"},"modified":"2025-06-11T19:10:16","modified_gmt":"2025-06-11T19:10:16","slug":"dorothee-annonce-un-nouveau-concert-a-paris-apres-15-ans-dabsence-toutes-les-infos","status":"publish","type":"post","link":"https:\/\/www.europesays.com\/fr\/168949\/","title":{"rendered":"Doroth\u00e9e annonce un nouveau concert \u00e0 Paris apr\u00e8s 15 ans d&rsquo;absence, toutes les infos !"},"content":{"rendered":"<p><img decoding=\"async\" class=\"caas-img has-preview\" alt=\"Laurent VU \/ TF1\" bad-src=\"https:\/\/www.europesays.com\/fr\/wp-content\/uploads\/2025\/06\/276cbc2f5170aba2b68fff88141ede14.jpeg\" src=\"https:\/\/www.europesays.com\/fr\/wp-content\/uploads\/2025\/06\/276cbc2f5170aba2b68fff88141ede14.jpeg\"\/><\/p>\n<p>Laurent VU \/ TF1<\/p>\n<p>Laurent VU \/ TF1Des millions de t\u00e9l\u00e9spectateurs et de fans, un record de 59 concerts \u00e0 Bercy pour une artiste f\u00e9minine (loin devant Myl\u00e8ne Farmer), des repr\u00e9sentations jusqu&rsquo;en Chine, des duos avec les plus grandes stars internationales et des chansons que petits et grands connaissent par coeur. Depuis le d\u00e9but de sa carri\u00e8re dans les ann\u00e9es 70, Doroth\u00e9e a berc\u00e9 l&rsquo;enfance de toute une g\u00e9n\u00e9ration \u00e0 travers ses \u00e9missions et ses tubes comme \u00ab\u00a0All\u00f4 monsieur l&rsquo;ordinateur\u00a0\u00bb, \u00ab\u00a0Hou ! La menteuse\u00a0\u00bb ou encore \u00ab\u00a0La valise\u00a0\u00bb. \u00c0 tel point que beaucoup lui disent aujourd&rsquo;hui merci. Ainsi, plus de 5 millions de t\u00e9l\u00e9spectateurs ont suivi l&rsquo;\u00e9mission sp\u00e9ciale <a class=\"link \" href=\"https:\/\/www.chartsinfrance.net\/Dorothee\/news-131098.html\" rel=\"nofollow noopener\" target=\"_blank\" data-ylk=\"slk:&quot;Merci Doroth\u00e9e !&quot;;elm:context_link;itc:0;sec:content-canvas\">\u00ab\u00a0Merci Doroth\u00e9e !\u00a0\u00bb<\/a> diffus\u00e9e sur TF1 tandis que 17.000 fans lui ont fait une ovation lorsqu&rsquo;elle a jou\u00e9 les invit\u00e9es surprises du <a class=\"link \" href=\"https:\/\/www.chartsinfrance.net\/actualite\/news-132149.html\" rel=\"nofollow noopener\" target=\"_blank\" data-ylk=\"slk:concert de Julien Dor\u00e9 \u00e0 l&#039;Accor Arena de Paris;elm:context_link;itc:0;sec:content-canvas\">concert de Julien Dor\u00e9 \u00e0 l&rsquo;Accor Arena de Paris<\/a>. Un revival nostalgique qui donne envie \u00e0 l&rsquo;artiste de retrouver son public. <\/p>\n<p>\u00ab\u00a0Vous retrouver sur sc\u00e8ne devenait une \u00e9vidence\u00a0\u00bb<\/p>\n<p>15 ans apr\u00e8s ses derniers passages \u00e0 l&rsquo;Olympia et Bercy, Doroth\u00e9e annonce son grand retour sur sc\u00e8ne avec un concert exceptionnel au Palais des Congr\u00e8s de Paris le samedi 4 avril 2026. Selon un communiqu\u00e9, l&rsquo;artiste de 71 ans va \u00e9crire \u00ab un nouveau chapitre de son histoire sc\u00e9nique et musicale \u00bb \u00e0 travers ce concert pour lequel elle sera entour\u00e9e de nombreux danseurs et musiciens. \u00ab Tout cet amour que vous m&rsquo;avez t\u00e9moign\u00e9 depuis tant d&rsquo;ann\u00e9es m&rsquo;a fait r\u00e9aliser que vous retrouver sur sc\u00e8ne devenait une \u00e9vidence. Se retrouver&#8230; pour le plaisir de partager les refrains qui ont jalonn\u00e9 nos vies. Se retrouver&#8230; tous ensemble, et vous entendre chanter \u00e0 mes c\u00f4t\u00e9s. Se retrouver&#8230; pour se dire que ce n&rsquo;est jamais term&#8230;<\/p>\n<p><a href=\"https:\/\/www.chartsinfrance.net\/Dorothee\/news-132868.html\" rel=\"nofollow noopener\" target=\"_blank\" data-ylk=\"slk:Cliquez ici pour voir la suite;elm:context_link;itc:0;sec:content-canvas\" class=\"link \">Cliquez ici pour voir la suite<\/a><\/p>\n<p>A lire aussi :<\/p>\n<p><a href=\"https:\/\/www.chartsinfrance.net\/Dorothee\/news-131522.html\" rel=\"nofollow noopener\" target=\"_blank\" data-ylk=\"slk:Doroth\u00e9e de retour... au cin\u00e9ma !;elm:context_link;itc:0;sec:content-canvas\" class=\"link \">Doroth\u00e9e de retour&#8230; au cin\u00e9ma !<\/a><br \/><a href=\"https:\/\/www.chartsinfrance.net\/Dorothee\/news-131339.html\" rel=\"nofollow noopener\" target=\"_blank\" data-ylk=\"slk:Doroth\u00e9e d\u00e9voile un titre in\u00e9dit sur TF1 !;elm:context_link;itc:0;sec:content-canvas\" class=\"link \">Doroth\u00e9e d\u00e9voile un titre in\u00e9dit sur TF1 !<\/a><br \/><a href=\"https:\/\/www.chartsinfrance.net\/Dorothee\/news-131373.html\" rel=\"nofollow noopener\" target=\"_blank\" data-ylk=\"slk:Doroth\u00e9e revient sur l&#039;arr\u00eat du &quot;Club Do&quot;;elm:context_link;itc:0;sec:content-canvas\" class=\"link \">Doroth\u00e9e revient sur l&rsquo;arr\u00eat du \u00ab\u00a0Club Do\u00a0\u00bb<\/a><\/p>\n","protected":false},"excerpt":{"rendered":"Laurent VU \/ TF1 Laurent VU \/ TF1Des millions de t\u00e9l\u00e9spectateurs et de fans, un record de 59&hellip;\n","protected":false},"author":2,"featured_media":168950,"comment_status":"","ping_status":"","sticky":false,"template":"","format":"standard","meta":{"footnotes":""},"categories":[1888],"tags":[1111,1928,11,1927,1764,4156,5550,1777,674,1011,27,12,1926,14860,626,1925,25,199,30252],"class_list":{"0":"post-168949","1":"post","2":"type-post","3":"status-publish","4":"format-standard","5":"has-post-thumbnail","7":"category-paris","8":"tag-actu","9":"tag-actu-paris","10":"tag-actualites","11":"tag-actualites-paris","12":"tag-ans","13":"tag-concerts","14":"tag-dorothee","15":"tag-eu","16":"tag-europe","17":"tag-fr","18":"tag-france","19":"tag-news","20":"tag-news-paris","21":"tag-palais-des-congres-de-paris","22":"tag-paris","23":"tag-paris-news","24":"tag-republique-francaise","25":"tag-tf1","26":"tag-vu"},"share_on_mastodon":{"url":"https:\/\/pubeurope.com\/@fr\/114666315919060567","error":""},"_links":{"self":[{"href":"https:\/\/www.europesays.com\/fr\/wp-json\/wp\/v2\/posts\/168949","targetHints":{"allow":["GET"]}}],"collection":[{"href":"https:\/\/www.europesays.com\/fr\/wp-json\/wp\/v2\/posts"}],"about":[{"href":"https:\/\/www.europesays.com\/fr\/wp-json\/wp\/v2\/types\/post"}],"author":[{"embeddable":true,"href":"https:\/\/www.europesays.com\/fr\/wp-json\/wp\/v2\/users\/2"}],"replies":[{"embeddable":true,"href":"https:\/\/www.europesays.com\/fr\/wp-json\/wp\/v2\/comments?post=168949"}],"version-history":[{"count":0,"href":"https:\/\/www.europesays.com\/fr\/wp-json\/wp\/v2\/posts\/168949\/revisions"}],"wp:featuredmedia":[{"embeddable":true,"href":"https:\/\/www.europesays.com\/fr\/wp-json\/wp\/v2\/media\/168950"}],"wp:attachment":[{"href":"https:\/\/www.europesays.com\/fr\/wp-json\/wp\/v2\/media?parent=168949"}],"wp:term":[{"taxonomy":"category","embeddable":true,"href":"https:\/\/www.europesays.com\/fr\/wp-json\/wp\/v2\/categories?post=168949"},{"taxonomy":"post_tag","embeddable":true,"href":"https:\/\/www.europesays.com\/fr\/wp-json\/wp\/v2\/tags?post=168949"}],"curies":[{"name":"wp","href":"https:\/\/api.w.org\/{rel}","templated":true}]}}