{"id":168951,"date":"2025-06-11T19:11:11","date_gmt":"2025-06-11T19:11:11","guid":{"rendered":"https:\/\/www.europesays.com\/fr\/168951\/"},"modified":"2025-06-11T19:11:11","modified_gmt":"2025-06-11T19:11:11","slug":"la-ville-de-paris-se-met-a-hauteur-denfant-et-ca-commence-par-les-bancs-2","status":"publish","type":"post","link":"https:\/\/www.europesays.com\/fr\/168951\/","title":{"rendered":"La ville de Paris se met \u00e0 hauteur d\u2019enfant, et \u00e7a commence par les bancs"},"content":{"rendered":"<p><a href=\"https:\/\/www.20minutes.fr\/paris\/\" class=\"color-ultramarine c-link\" target=\"_blank\" rel=\"noopener\">Paris<\/a> est souvent d\u00e9crite comme <a href=\"https:\/\/www.20minutes.fr\/paris\/4093494-20240529-proposent-parisiens-bien-grandir-parishttps:\/\/www.20minutes.fr\/paris\/4093494-20240529-proposent-parisiens-bien-grandir-paris\" class=\"color-ultramarine c-link\" target=\"_blank\" rel=\"noopener\">une ville hostile aux familles et aux enfants<\/a>. Entre les <a href=\"https:\/\/www.20minutes.fr\/paris\/4017550-20230105-encadrement-loyers-paris-voici-comment-signaler-depassement\" class=\"color-ultramarine c-link\" target=\"_blank\" rel=\"noopener\">loyers exorbitants<\/a>, le parcours du combattant pour traverser une rue sans se faire renverser par une voiture, un bus, un v\u00e9lo ou une <a href=\"https:\/\/www.20minutes.fr\/societe\/trottinette\/\" class=\"color-ultramarine c-link\" target=\"_blank\" rel=\"noopener\">trottinette<\/a>,\u00a0etc. Pourtant, la municipalit\u00e9 tente tant bien que mal de rendre la capitale plus abordable pour les plus petits des Parisiens, avec des programmes comme les \u00ab\u00a0<a href=\"https:\/\/www.20minutes.fr\/paris\/2006627-20170206-paris-rues-enfants-voitures-bientot-capitale\" class=\"color-ultramarine c-link\" target=\"_blank\" rel=\"noopener\">rues aux enfants<\/a>\u00a0\u00bb ou les \u00ab\u00a0rues \u00e9coles\u00a0\u00bb.<\/p>\n<p>Derni\u00e8re trouvaille d\u00e9ploy\u00e9e par la Mairie de Paris, des mini-bancs. Mod\u00e8les identiques aux mythiques <a href=\"https:\/\/www.20minutes.fr\/paris\/3220319-20220120-pensez-choix-esthetiques-mairie-paris\" class=\"color-ultramarine c-link\" target=\"_blank\" rel=\"noopener\">bancs Davioud<\/a> qui foisonnent dans Paris depuis\u00a01869, ils n\u2019ont pour seule caract\u00e9ristique notable d\u2019\u00eatre des mod\u00e8les r\u00e9duits de leurs a\u00een\u00e9s, et d\u2019\u00eatre ainsi plus accessibles aux enfants.<\/p>\n<p>\u00ab\u00a0Faire une ville \u00e0 hauteur d\u2019enfants, c\u2019est aussi adapter le mobilier\u00a0\u00bb<\/p>\n<p>\u00ab\u00a0Faire une ville \u00e0 hauteur d\u2019enfants, c\u2019est aussi adapter le mobilier et le patrimoine parisien embl\u00e9matique. En plus, ces petits bancs sont vraiment mignons\u00a0!\u00a0\u00bb, nous explique <a href=\"https:\/\/www.20minutes.fr\/politique\/david-belliard\/\" class=\"color-ultramarine c-link\" target=\"_blank\" rel=\"noopener\">David Belliard<\/a>, adjoint d\u2019<a href=\"https:\/\/www.20minutes.fr\/dossier\/anne_hidalgo\" class=\"color-ultramarine c-link\" target=\"_blank\" rel=\"noopener\">Anne Hidalgo<\/a> en charge de la transformation de l\u2019espace public. Les deux premiers de ces mini-bancs ont \u00e9t\u00e9 install\u00e9s ce mercredi matin dans la rue aux \u00e9coles Pierre Foncin (20e\u00a0arrondissement) et trois autres devraient les suivre rapidement pour une premi\u00e8re phase de test\u00a0: un rue Severo (14e\u00a0arrondissement) et deux rue Vauvenargues (18e\u00a0arrondissement).<\/p>\n<p class=\"mb-m@xs text-l@xs\">En cliquant sur\u00ab J\u2019accepte \u00bb, vous acceptez le d\u00e9p\u00f4t de cookies par des services externes et aurez ainsi acc\u00e8s aux contenus de nos partenaires.<\/p>\n<p class=\"mb-xl@xs text-s@xs\">Plus d\u2019informations sur la page<a href=\"https:\/\/www.20minutes.fr\/gestion-cookies\" class=\"mx-xxs@xs color-ultramarine\" target=\"_blank\" rel=\"noopener\">Politique de gestion des cookies<\/a><\/p>\n<p>J\u2019accepte<\/p>\n<p>Ces premiers tests permettront aux services de la voirie d\u2019affiner le planning en fonction de la complexit\u00e9 de la pose. Une vingtaine de bancs suppl\u00e9mentaires sera pos\u00e9e en ao\u00fbt dans diff\u00e9rentes rues aux \u00e9coles de la ville et le reste (environ 60) arrivera \u00e0 partir de septembre.<\/p>\n<p>\u00ab\u00a0Nos architectes ont repris les dimensions du banc Davioud d\u2019origine, explique Justin Ledoux, responsable du Centre de maintenance et d\u2019approvisionnement de la Ville de Paris. R\u00e9sultat, celui-ci est pass\u00e9 de 2,25 m\u00e8tres \u00e0 1,4 m\u00e8tre de long.\u00a0\u00bb<\/p>\n<p>Des bancs assembl\u00e9s \u00e0 Paris<\/p>\n<p>L\u2019avantage du banc Davioud selon ce sp\u00e9cialiste\u00a0? Sa simplicit\u00e9. \u00ab\u00a0Il a deux pieds en fonte et cinq lattes de bois.\u00a0\u00bb Et ne n\u00e9cessite pas plus de trente minutes de montage. Les bois des bancs sont assembl\u00e9s dans ses ateliers, tandis que les pieds sont confectionn\u00e9s dans une fonderie ext\u00e9rieure, la fonderie Dechaumont, en Haute-Garonne, avant une fin de fabrication au CMA.<\/p>\n<p>\u00ab\u00a0Ces minis bancs Davioud permettent de donner une vraie place aux enfants dans nos rues\u00a0\u00bb, s\u2019est r\u00e9joui David Belliard. Reste \u00e0 pr\u00e9venir les moins souples des adultes qui s\u2019aventureraient \u00e0 les tester, il sera peut-\u00eatre plus difficile de s\u2019en relever.<\/p>\n","protected":false},"excerpt":{"rendered":"Paris est souvent d\u00e9crite comme une ville hostile aux familles et aux enfants. Entre les loyers exorbitants, le&hellip;\n","protected":false},"author":2,"featured_media":168952,"comment_status":"","ping_status":"","sticky":false,"template":"","format":"standard","meta":{"footnotes":""},"categories":[1888],"tags":[11,2618,30253,1122,847,1777,674,1011,27,662,22329,2381,12,626,1306,25,1352],"class_list":{"0":"post-168951","1":"post","2":"type-post","3":"status-publish","4":"format-standard","5":"has-post-thumbnail","7":"category-paris","8":"tag-actualites","9":"tag-anne-hidalgo","10":"tag-david-belliard","11":"tag-ecole","12":"tag-enfant","13":"tag-eu","14":"tag-europe","15":"tag-fr","16":"tag-france","17":"tag-ile-de-france","18":"tag-loyer","19":"tag-mairie-de-paris","20":"tag-news","21":"tag-paris","22":"tag-regions","23":"tag-republique-francaise","24":"tag-urbanisme"},"share_on_mastodon":{"url":"https:\/\/pubeurope.com\/@fr\/114666319795513688","error":""},"_links":{"self":[{"href":"https:\/\/www.europesays.com\/fr\/wp-json\/wp\/v2\/posts\/168951","targetHints":{"allow":["GET"]}}],"collection":[{"href":"https:\/\/www.europesays.com\/fr\/wp-json\/wp\/v2\/posts"}],"about":[{"href":"https:\/\/www.europesays.com\/fr\/wp-json\/wp\/v2\/types\/post"}],"author":[{"embeddable":true,"href":"https:\/\/www.europesays.com\/fr\/wp-json\/wp\/v2\/users\/2"}],"replies":[{"embeddable":true,"href":"https:\/\/www.europesays.com\/fr\/wp-json\/wp\/v2\/comments?post=168951"}],"version-history":[{"count":0,"href":"https:\/\/www.europesays.com\/fr\/wp-json\/wp\/v2\/posts\/168951\/revisions"}],"wp:featuredmedia":[{"embeddable":true,"href":"https:\/\/www.europesays.com\/fr\/wp-json\/wp\/v2\/media\/168952"}],"wp:attachment":[{"href":"https:\/\/www.europesays.com\/fr\/wp-json\/wp\/v2\/media?parent=168951"}],"wp:term":[{"taxonomy":"category","embeddable":true,"href":"https:\/\/www.europesays.com\/fr\/wp-json\/wp\/v2\/categories?post=168951"},{"taxonomy":"post_tag","embeddable":true,"href":"https:\/\/www.europesays.com\/fr\/wp-json\/wp\/v2\/tags?post=168951"}],"curies":[{"name":"wp","href":"https:\/\/api.w.org\/{rel}","templated":true}]}}