{"id":168953,"date":"2025-06-11T19:12:10","date_gmt":"2025-06-11T19:12:10","guid":{"rendered":"https:\/\/www.europesays.com\/fr\/168953\/"},"modified":"2025-06-11T19:12:10","modified_gmt":"2025-06-11T19:12:10","slug":"takana-zion-le-reggaeman-guineen-a-lolympia-de-paris","status":"publish","type":"post","link":"https:\/\/www.europesays.com\/fr\/168953\/","title":{"rendered":"Takana Zion, le reggaeman guin\u00e9en, \u00e0 l&rsquo;Olympia de Paris"},"content":{"rendered":"<p>\n                                                Le chanteur guin\u00e9en Takana Zion, qui s\u2019est impos\u00e9 sur la sc\u00e8ne du reggae international sera en concert \u00e0 l\u2019Olympia le 14 juin avec de nombreux artistes comme Black M, Ma\u00eetre Hitman, Xuman. Il profite de son passage \u00e0 Paris, pour nous faire d\u00e9couvrir son dernier titre en exclusivit\u00e9.\u00a0                    <\/p>\n<p>Pour visionner les clips, cliquez sur les titres des chansons :\u00a0<\/p>\n<p><strong>Naza <\/strong>&#8211; <a href=\"https:\/\/www.youtube.com\/watch?v=hPRYY5YQ23A\" target=\"_blank\" rel=\"noopener\">C&rsquo;est incroyable\u00a0<\/a><\/p>\n<p><strong>Oshe <\/strong>&#8211;<a href=\"https:\/\/www.youtube.com\/watch?v=AMSJ6YdSaTA\" target=\"_blank\" rel=\"noopener\"> Badman\u00a0<\/a><\/p>\n<p><strong>Takana Zion<\/strong> &#8211; Champion\u00a0<\/p>\n<p><strong>Takana Zion feat Black M<\/strong> &#8211; Ana Yirend\u00e9\u00a0<\/p>\n<p><strong>Takana Zion <\/strong>&#8211; Power of blessing\u00a0<\/p>\n<p><strong>Takana Zion<\/strong> &#8211; On my eyes\u00a0<\/p>\n<p><strong>Takana Zion<\/strong> &#8211; Conakry\u00a0<\/p>\n<p><strong>Tatiana Kruz<\/strong> &#8211; <a href=\"https:\/\/www.youtube.com\/watch?v=y0yq6wbkleA\" target=\"_blank\" rel=\"noopener\">Tourner\u00a0<\/a><\/p>\n<p><strong>Sa\u00effond<\/strong> &#8211; My chocolate\u00a0<\/p>\n<p><strong>Sethlo feat<\/strong>\u00a0<strong>Conii Gangster, Lomerica Gang &amp; Mic Flammez<\/strong> &#8211;\u00a0<a href=\"https:\/\/www.youtube.com\/watch?v=OrDgfxM5oFs\" target=\"_blank\" rel=\"noopener\">Woe\u0300kpo\u0302<\/a><\/p>\n<p>\u00a0<\/p>\n<p><strong>Retrouvez notre\u00a0playlist\u00a0sur\u00a0<a href=\"https:\/\/www.deezer.com\/fr\/playlist\/11055497682?utm_campaign=clipboard-generic&amp;utm_source=user_sharing&amp;utm_medium=desktop&amp;utm_content=playlist-11055497682&amp;deferredFl=1\" target=\"_blank\" rel=\"noopener\">Deezer<\/a><\/strong>.\u00a0<\/p>\n","protected":false},"excerpt":{"rendered":"Le chanteur guin\u00e9en Takana Zion, qui s\u2019est impos\u00e9 sur la sc\u00e8ne du reggae international sera en concert \u00e0&hellip;\n","protected":false},"author":2,"featured_media":168954,"comment_status":"","ping_status":"","sticky":false,"template":"","format":"standard","meta":{"footnotes":""},"categories":[1888],"tags":[11,30254,251,1777,674,1011,27,15627,1698,12,626,3616,4873,3619,25],"class_list":{"0":"post-168953","1":"post","2":"type-post","3":"status-publish","4":"format-standard","5":"has-post-thumbnail","7":"category-paris","8":"tag-actualites","9":"tag-couleurs-tropicales","10":"tag-culture","11":"tag-eu","12":"tag-europe","13":"tag-fr","14":"tag-france","15":"tag-guinee","16":"tag-musiques","17":"tag-news","18":"tag-paris","19":"tag-rap","20":"tag-rdc","21":"tag-reggae","22":"tag-republique-francaise"},"share_on_mastodon":{"url":"https:\/\/pubeurope.com\/@fr\/114666323548512163","error":""},"_links":{"self":[{"href":"https:\/\/www.europesays.com\/fr\/wp-json\/wp\/v2\/posts\/168953","targetHints":{"allow":["GET"]}}],"collection":[{"href":"https:\/\/www.europesays.com\/fr\/wp-json\/wp\/v2\/posts"}],"about":[{"href":"https:\/\/www.europesays.com\/fr\/wp-json\/wp\/v2\/types\/post"}],"author":[{"embeddable":true,"href":"https:\/\/www.europesays.com\/fr\/wp-json\/wp\/v2\/users\/2"}],"replies":[{"embeddable":true,"href":"https:\/\/www.europesays.com\/fr\/wp-json\/wp\/v2\/comments?post=168953"}],"version-history":[{"count":0,"href":"https:\/\/www.europesays.com\/fr\/wp-json\/wp\/v2\/posts\/168953\/revisions"}],"wp:featuredmedia":[{"embeddable":true,"href":"https:\/\/www.europesays.com\/fr\/wp-json\/wp\/v2\/media\/168954"}],"wp:attachment":[{"href":"https:\/\/www.europesays.com\/fr\/wp-json\/wp\/v2\/media?parent=168953"}],"wp:term":[{"taxonomy":"category","embeddable":true,"href":"https:\/\/www.europesays.com\/fr\/wp-json\/wp\/v2\/categories?post=168953"},{"taxonomy":"post_tag","embeddable":true,"href":"https:\/\/www.europesays.com\/fr\/wp-json\/wp\/v2\/tags?post=168953"}],"curies":[{"name":"wp","href":"https:\/\/api.w.org\/{rel}","templated":true}]}}