{"id":168955,"date":"2025-06-11T19:13:09","date_gmt":"2025-06-11T19:13:09","guid":{"rendered":"https:\/\/www.europesays.com\/fr\/168955\/"},"modified":"2025-06-11T19:13:09","modified_gmt":"2025-06-11T19:13:09","slug":"les-corps-de-1-200-soldats-ukrainiens-ont-ete-remis-a-kiev-par-la-russie","status":"publish","type":"post","link":"https:\/\/www.europesays.com\/fr\/168955\/","title":{"rendered":"Les corps de 1\u00a0200 soldats ukrainiens ont \u00e9t\u00e9 remis \u00e0 Kiev par la Russie"},"content":{"rendered":"<p>Les corps de 1 200 soldats ont \u00e9t\u00e9 remis aux autorit\u00e9s ukrainiennes par la Russie, mercredi 11 juin 2025. <a href=\"https:\/\/www.letelegramme.fr\/monde\/lukraine-et-la-russie-ont-commence-lechange-de-prisonniers-seul-accord-trouve-lors-des-derniers-pourparlers-6832908.php\" target=\"_blank\" rel=\"nofollow noopener\">Ce rapatriement<\/a> s\u2019est d\u00e9roul\u00e9 apr\u00e8s que les deux pays se sont accus\u00e9s, pendant le week-end, de le perturber.<\/p>\n<p>\u00ab Les enqu\u00eateurs \u00bb et m\u00e9decins l\u00e9gistes \u00ab \u00e9tabliront dans les plus brefs d\u00e9lais l\u2019identit\u00e9 des d\u00e9funts \u00bb, a indiqu\u00e9 le Quartier g\u00e9n\u00e9ral ukrainien.<\/p>\n<p>Ces soldats ont \u00e9t\u00e9 tu\u00e9s dans les r\u00e9gions ukrainiennes de Kharkiv (nord-est), Lougansk et Donetsk (est), Zaporijjia et Kherson (sud) ainsi que dans la r\u00e9gion russe de Koursk o\u00f9 l\u2019Ukraine a lanc\u00e9 en 2024 une op\u00e9ration militaire, selon la m\u00eame source.<\/p>\n<p>Le rapatriement de corps de militaires et les \u00e9changes de prisonniers de guerre sont les rares domaines dans lesquels Kiev et Moscou coop\u00e8rent depuis le d\u00e9but de l\u2019invasion russe de l\u2019Ukraine en f\u00e9vrier 2022.<\/p>\n<p>Un \u00e9change de bless\u00e9s graves ce jeudi<\/p>\n<p>La Russie et l\u2018\u00a0Ukraine \u00e9changeront, jeudi, des prisonniers de guerre \u00ab gravement bless\u00e9s \u00bb, a, ensuite, indiqu\u00e9 Moscou.<\/p>\n<p>Parall\u00e8lement, des frappes russes ont tu\u00e9 trois personnes et fait plus de soixante bless\u00e9s, dans la nuit de mardi \u00e0 mercredi, \u00e0 Kharkiv, deuxi\u00e8me ville d\u2019Ukraine, alors que Moscou a intensifi\u00e9 ses attaques quotidiennes sur ce pays et que les n\u00e9gociations de paix sont dans l\u2019impasse.<\/p>\n","protected":false},"excerpt":{"rendered":"Les corps de 1 200 soldats ont \u00e9t\u00e9 remis aux autorit\u00e9s ukrainiennes par la Russie, mercredi 11 juin&hellip;\n","protected":false},"author":2,"featured_media":168956,"comment_status":"","ping_status":"","sticky":false,"template":"","format":"standard","meta":{"footnotes":""},"categories":[1591],"tags":[11,765,1887,131,2069,74,12,1885,1886,132],"class_list":{"0":"post-168955","1":"post","2":"type-post","3":"status-publish","4":"format-standard","5":"has-post-thumbnail","7":"category-russie","8":"tag-actualites","9":"tag-en-continu","10":"tag-federation-de-russie","11":"tag-guerre-en-ukraine","12":"tag-guerre-ukraine-russie","13":"tag-monde","14":"tag-news","15":"tag-russia","16":"tag-russian-federation","17":"tag-russie"},"share_on_mastodon":{"url":"https:\/\/pubeurope.com\/@fr\/114666327526941713","error":""},"_links":{"self":[{"href":"https:\/\/www.europesays.com\/fr\/wp-json\/wp\/v2\/posts\/168955","targetHints":{"allow":["GET"]}}],"collection":[{"href":"https:\/\/www.europesays.com\/fr\/wp-json\/wp\/v2\/posts"}],"about":[{"href":"https:\/\/www.europesays.com\/fr\/wp-json\/wp\/v2\/types\/post"}],"author":[{"embeddable":true,"href":"https:\/\/www.europesays.com\/fr\/wp-json\/wp\/v2\/users\/2"}],"replies":[{"embeddable":true,"href":"https:\/\/www.europesays.com\/fr\/wp-json\/wp\/v2\/comments?post=168955"}],"version-history":[{"count":0,"href":"https:\/\/www.europesays.com\/fr\/wp-json\/wp\/v2\/posts\/168955\/revisions"}],"wp:featuredmedia":[{"embeddable":true,"href":"https:\/\/www.europesays.com\/fr\/wp-json\/wp\/v2\/media\/168956"}],"wp:attachment":[{"href":"https:\/\/www.europesays.com\/fr\/wp-json\/wp\/v2\/media?parent=168955"}],"wp:term":[{"taxonomy":"category","embeddable":true,"href":"https:\/\/www.europesays.com\/fr\/wp-json\/wp\/v2\/categories?post=168955"},{"taxonomy":"post_tag","embeddable":true,"href":"https:\/\/www.europesays.com\/fr\/wp-json\/wp\/v2\/tags?post=168955"}],"curies":[{"name":"wp","href":"https:\/\/api.w.org\/{rel}","templated":true}]}}