{"id":168966,"date":"2025-06-11T19:19:13","date_gmt":"2025-06-11T19:19:13","guid":{"rendered":"https:\/\/www.europesays.com\/fr\/168966\/"},"modified":"2025-06-11T19:19:13","modified_gmt":"2025-06-11T19:19:13","slug":"laccord-post-brexit-est-enfin-conclu-2","status":"publish","type":"post","link":"https:\/\/www.europesays.com\/fr\/168966\/","title":{"rendered":"l\u2019accord post-Brexit est \u201cenfin\u201d conclu"},"content":{"rendered":"<p>La nouvelle tombe comme un cadeau d\u2019anniversaire, <a href=\"https:\/\/www.lavanguardia.com\/politica\/20250611\/10777601\/espana-reino-unido-bruselas-cierran-acuerdo-historico-sobre-gibraltar.html\" rel=\"nofollow noopener\" target=\"_blank\" data-ylk=\"slk:remarque le journal espagnol La Vanguardia;elm:context_link;itc:0;sec:content-canvas\" class=\"link \">remarque le journal espagnol <strong>La Vanguardia<\/strong><\/a><strong>.<\/strong> \u201cAlors que nous \u00e9tions sur le point de f\u00eater les neuf ans du r\u00e9f\u00e9rendum lors duquel les Britanniques ont vot\u00e9 en faveur d\u2019une sortie de l\u2019Union europ\u00e9enne\u201d, le Royaume-Uni, l\u2019Espagne et la <a href=\"https:\/\/www.courrierinternational.com\/sujet\/commission-europeenne\" rel=\"nofollow noopener\" target=\"_blank\" data-ylk=\"slk:Commission europ\u00e9enne;elm:context_link;itc:0;sec:content-canvas\" class=\"link \">Commission europ\u00e9enne<\/a> ont \u201cenfin\u201d conclu, mercredi 11\u00a0juin, \u201cle tant attendu accord sur Gibraltar\u201d.<\/p>\n<p><a class=\"link\" href=\"https:\/\/focus.courrierinternational.com\/2023\/10\/12\/0\/0\/2000\/1552\/2560\/0\/60\/0\/a9c0f96_1697104456989-baf1719gibraltar.png\" data-ylk=\"\" rel=\"nofollow noopener\" target=\"_blank\"><img decoding=\"async\" class=\"caas-img caas-lazy\" alt=\"COURRIER INTERNATIONAL, OPENSTREETMAP ET CONTRIBUTEURS\" src=\"https:\/\/www.europesays.com\/fr\/wp-content\/uploads\/2025\/06\/7dcaa53ec0e64a374f6c3fc7b3574822.png\"\/><\/a><\/p>\n<p>COURRIER INTERNATIONAL, OPENSTREETMAP ET CONTRIBUTEURS<\/p>\n<p>Qualifi\u00e9 d\u2019\u201chistorique\u201d, cet accord \u201cpolitique\u201d \u00e9tablit les bases de \u201cl\u2019int\u00e9gration du Rocher dans l\u2019espace communautaire\u201d, <a href=\"https:\/\/www.eleconomista.es\/economia\/noticias\/13410488\/06\/25\/espana-y-reino-unido-cierran-un-acuerdo-historico-sobre-gibraltar.html\" rel=\"nofollow noopener\" target=\"_blank\" data-ylk=\"slk:r\u00e9sume le site espagnol El Economista;elm:context_link;itc:0;sec:content-canvas\" class=\"link \">r\u00e9sume le site espagnol <strong>El Economista<\/strong><\/a><strong>.<\/strong> \u201cIl pr\u00e9voit la suppression de toutes les barri\u00e8res physiques, les v\u00e9rifications et les contr\u00f4les des personnes et des marchandises qui circulent entre l\u2019Espagne et Gibraltar, tout en pr\u00e9servant l\u2019espace Schengen, le march\u00e9 unique de l\u2019UE et l\u2019union douani\u00e8re\u201d, d\u00e9veloppe le m\u00e9dia d\u2019affaires.<\/p>\n<p>\u201cDoubles contr\u00f4les frontaliers\u201d<\/p>\n<p>Le Royaume-Uni a quitt\u00e9 l\u2019Union europ\u00e9enne <a href=\"https:\/\/www.courrierinternational.com\/article\/la-une-de-lhebdo-brexit-au-revoir-et-good-luck\" rel=\"nofollow noopener\" target=\"_blank\" data-ylk=\"slk:en janvier 2021;elm:context_link;itc:0;sec:content-canvas\" class=\"link \">en janvier 2021<\/a>, laissant en suspens le statut de Gibraltar, enclave britannique situ\u00e9e \u00e0 la pointe sud de la p\u00e9ninsule Ib\u00e9rique. Un accord-cadre avait \u00e9t\u00e9 trouv\u00e9 \u00e0 l\u2019\u00e9poque pour garantir la libre circulation des biens \u00e0 la fronti\u00e8re entre l\u2019Espagne et le Rocher. Cependant, la signature d\u2019un accord d\u00e9finitif peinait \u00e0 se concr\u00e9tiser, alors que Gibraltar avait vot\u00e9 \u00e0 96\u00a0% en faveur du maintien du Royaume-Uni dans l\u2019UE.<\/p>\n<p>\u201cL\u2019un des points les plus sensibles\u201d des n\u00e9gociations concernait \u201cles contr\u00f4les frontaliers entre Gibraltar et l\u2019Espagne\u201d, qui affectaient chaque jour les quelque \u201c15\u00a0000\u00a0travailleurs transfrontaliers\u201d traversant \u201cla verja\u201d [la fronti\u00e8re] en provenance de la commune espagnole de La L\u00ednea de la Concepci\u00f3n, <a href=\"https:\/\/www.elconfidencial.com\/mundo\/2025-06-11\/espana-reino-unido-acuerdo-postbrexit_4149064\/\" rel=\"nofollow noopener\" target=\"_blank\" data-ylk=\"slk:contextualise le portail d\u2019information madril\u00e8ne El Confidencial;elm:context_link;itc:0;sec:content-canvas\" class=\"link \">contextualise le portail d\u2019information madril\u00e8ne<strong> El Confidencial<\/strong><\/a><strong>.<\/strong><\/p>\n<p>Dor\u00e9navant, selon l\u2019accord conclu mercredi, \u201cdes doubles contr\u00f4les frontaliers\u201d seront instaur\u00e9s \u201cau port et \u00e0 l\u2019a\u00e9roport de Gibraltar\u201d, relate El Economista. \u201cDu c\u00f4t\u00e9 de l\u2019Union europ\u00e9enne, l\u2019Espagne r\u00e9alisera tous les contr\u00f4les pr\u00e9vus par Schengen. Du c\u00f4t\u00e9 britannique, les contr\u00f4les \u00e0 Gibraltar resteront inchang\u00e9s.\u201d<\/p>\n<p>[&#8230;] <strong><a href=\"https:\/\/www.courrierinternational.com\/article\/politique-fumee-blanche-historique-a-gibraltar-l-accord-post-brexit-est-enfin-conclu_231906\" rel=\"nofollow noopener\" target=\"_blank\" data-ylk=\"slk:Lire la suite sur Courrier international;elm:context_link;itc:0;sec:content-canvas\" class=\"link \">Lire la suite sur Courrier international<\/a><\/strong><\/p>\n<p>Sur le m\u00eame sujet :<\/p>\n","protected":false},"excerpt":{"rendered":"La nouvelle tombe comme un cadeau d\u2019anniversaire, remarque le journal espagnol La Vanguardia. \u201cAlors que nous \u00e9tions sur&hellip;\n","protected":false},"author":2,"featured_media":168967,"comment_status":"","ping_status":"","sticky":false,"template":"","format":"standard","meta":{"footnotes":""},"categories":[1586],"tags":[11,30260,1777,674,1779,1011,27,30248,30261,30262,12,25,473,1778,364],"class_list":{"0":"post-168966","1":"post","2":"type-post","3":"status-publish","4":"format-standard","5":"has-post-thumbnail","7":"category-europe","8":"tag-actualites","9":"tag-cadeau-danniversaire","10":"tag-eu","11":"tag-europe","12":"tag-european-union","13":"tag-fr","14":"tag-france","15":"tag-gibraltar","16":"tag-journal-espagnol","17":"tag-la-linea-de-la-concepcion","18":"tag-news","19":"tag-republique-francaise","20":"tag-royaume-uni","21":"tag-ue","22":"tag-union-europeenne"},"share_on_mastodon":{"url":"https:\/\/pubeurope.com\/@fr\/114666351088211134","error":""},"_links":{"self":[{"href":"https:\/\/www.europesays.com\/fr\/wp-json\/wp\/v2\/posts\/168966","targetHints":{"allow":["GET"]}}],"collection":[{"href":"https:\/\/www.europesays.com\/fr\/wp-json\/wp\/v2\/posts"}],"about":[{"href":"https:\/\/www.europesays.com\/fr\/wp-json\/wp\/v2\/types\/post"}],"author":[{"embeddable":true,"href":"https:\/\/www.europesays.com\/fr\/wp-json\/wp\/v2\/users\/2"}],"replies":[{"embeddable":true,"href":"https:\/\/www.europesays.com\/fr\/wp-json\/wp\/v2\/comments?post=168966"}],"version-history":[{"count":0,"href":"https:\/\/www.europesays.com\/fr\/wp-json\/wp\/v2\/posts\/168966\/revisions"}],"wp:featuredmedia":[{"embeddable":true,"href":"https:\/\/www.europesays.com\/fr\/wp-json\/wp\/v2\/media\/168967"}],"wp:attachment":[{"href":"https:\/\/www.europesays.com\/fr\/wp-json\/wp\/v2\/media?parent=168966"}],"wp:term":[{"taxonomy":"category","embeddable":true,"href":"https:\/\/www.europesays.com\/fr\/wp-json\/wp\/v2\/categories?post=168966"},{"taxonomy":"post_tag","embeddable":true,"href":"https:\/\/www.europesays.com\/fr\/wp-json\/wp\/v2\/tags?post=168966"}],"curies":[{"name":"wp","href":"https:\/\/api.w.org\/{rel}","templated":true}]}}