{"id":168968,"date":"2025-06-11T19:20:09","date_gmt":"2025-06-11T19:20:09","guid":{"rendered":"https:\/\/www.europesays.com\/fr\/168968\/"},"modified":"2025-06-11T19:20:09","modified_gmt":"2025-06-11T19:20:09","slug":"sous-la-plage-le-genie-liberation","status":"publish","type":"post","link":"https:\/\/www.europesays.com\/fr\/168968\/","title":{"rendered":"sous la plage le g\u00e9nie \u2013 Lib\u00e9ration"},"content":{"rendered":"<p class=\"sc-ksZaOG ehjQrN text-element\">L\u2019\u00e2me \u00e9tait fragile, mais le corps avait miraculeusement tenu le choc. Brian Wilson, le colosse de sable des Beach Boys, est finalement mort ce mercredi 11 juin, a fait savoir sa famille, \u00e0 l\u2019\u00e2ge de 82 ans, au terme d\u2019une vie douloureuse et secou\u00e9e, qu\u2019il aura travers\u00e9e alternativement en enfant perdu et en d\u00e9miurge de mirages h\u00e9donistes, g\u00e9nie zombie port\u00e9 aux nues, Mo\u00efse barbu \u00e9cartant l\u2019oc\u00e9an Pacifique pour y loger des \u00absymphonies adolescentes adress\u00e9es \u00e0 Dieu\u00bb et hisser la pop au rang d\u2019art absolu, <a href=\"https:\/\/www.liberation.fr\/plus\/speciaux-cahier-ete\/brian-wilson-california-deprime-20230722_OYDPKJ6L4FA4HGTKRUHGUMQTLM\/\" target=\"_blank\" rel=\"noopener\">au prix de sa sant\u00e9 mentale et physique.<\/a> Consid\u00e9r\u00e9 par Paul McCartney lui-m\u00eame comme le plus grand parmi les g\u00e9ants des ann\u00e9es 60, le dernier des Wilson n\u2019a pas surv\u00e9cu qu\u2019\u00e0 ses fr\u00e8res cadets Dennis (noyade en 1983) et Carl (cancer du poumon en 1998) ni \u00e0 son psy mal\u00e9fique Eugene Landy (mort en 2006). Il a \u00e9galement r\u00e9chapp\u00e9 \u00e0 toutes les batailles humaines, m\u00e9dicales et juridiques dont le business am\u00e9ricain, conjugu\u00e9 \u00e0 l\u2019explosivit\u00e9 atomique des sagas familiales et \u00e0 la pharmacop\u00e9e psych\u00e9d\u00e9lique, poss\u00e8de le secret. Seule la disparition de sa seconde \u00e9pouse, Melinda Ledbetter, en janvier 2024, sembla porter un coup irr\u00e9m\u00e9diable \u00e0 cet homme perp\u00e9tuellement vacillant, entra\u00eenant dans la foul\u00e9e un placement sous tutelle \u00e0 la demande de ses six enfants, suite \u00e0 un diagnostic de d\u00e9mence prononc\u00e9 par ses m\u00e9decins.<\/p>\n","protected":false},"excerpt":{"rendered":"L\u2019\u00e2me \u00e9tait fragile, mais le corps avait miraculeusement tenu le choc. Brian Wilson, le colosse de sable des&hellip;\n","protected":false},"author":2,"featured_media":168969,"comment_status":"","ping_status":"","sticky":false,"template":"","format":"standard","meta":{"footnotes":""},"categories":[2],"tags":[11,20076,9012,15682,1697,1011,27,9017,1227,1361,12,25,30263,9028,30264,30265],"class_list":{"0":"post-168968","1":"post","2":"type-post","3":"status-publish","4":"format-standard","5":"has-post-thumbnail","7":"category-actualites","8":"tag-actualites","9":"tag-arts-culture-and-entertainment","10":"tag-bestof","11":"tag-celebrities","12":"tag-concert","13":"tag-fr","14":"tag-france","15":"tag-gettyimagerank1","16":"tag-horizontal","17":"tag-music","18":"tag-news","19":"tag-republique-francaise","20":"tag-topics","21":"tag-topix","22":"tag-toppics","23":"tag-toppix"},"share_on_mastodon":{"url":"https:\/\/pubeurope.com\/@fr\/114666355078304380","error":""},"_links":{"self":[{"href":"https:\/\/www.europesays.com\/fr\/wp-json\/wp\/v2\/posts\/168968","targetHints":{"allow":["GET"]}}],"collection":[{"href":"https:\/\/www.europesays.com\/fr\/wp-json\/wp\/v2\/posts"}],"about":[{"href":"https:\/\/www.europesays.com\/fr\/wp-json\/wp\/v2\/types\/post"}],"author":[{"embeddable":true,"href":"https:\/\/www.europesays.com\/fr\/wp-json\/wp\/v2\/users\/2"}],"replies":[{"embeddable":true,"href":"https:\/\/www.europesays.com\/fr\/wp-json\/wp\/v2\/comments?post=168968"}],"version-history":[{"count":0,"href":"https:\/\/www.europesays.com\/fr\/wp-json\/wp\/v2\/posts\/168968\/revisions"}],"wp:featuredmedia":[{"embeddable":true,"href":"https:\/\/www.europesays.com\/fr\/wp-json\/wp\/v2\/media\/168969"}],"wp:attachment":[{"href":"https:\/\/www.europesays.com\/fr\/wp-json\/wp\/v2\/media?parent=168968"}],"wp:term":[{"taxonomy":"category","embeddable":true,"href":"https:\/\/www.europesays.com\/fr\/wp-json\/wp\/v2\/categories?post=168968"},{"taxonomy":"post_tag","embeddable":true,"href":"https:\/\/www.europesays.com\/fr\/wp-json\/wp\/v2\/tags?post=168968"}],"curies":[{"name":"wp","href":"https:\/\/api.w.org\/{rel}","templated":true}]}}