{"id":168982,"date":"2025-06-11T19:31:09","date_gmt":"2025-06-11T19:31:09","guid":{"rendered":"https:\/\/www.europesays.com\/fr\/168982\/"},"modified":"2025-06-11T19:31:09","modified_gmt":"2025-06-11T19:31:09","slug":"nantes-pallois-annonce-son-depart-maxifoot","status":"publish","type":"post","link":"https:\/\/www.europesays.com\/fr\/168982\/","title":{"rendered":"Nantes : Pallois annonce son d\u00e9part &#8211; Maxifoot"},"content":{"rendered":"<ol>\n<li><a href=\"https:\/\/news.google.com\/rss\/articles\/CBMifkFVX3lxTE41aDA4RUgxdElZcUtCTWMzdG9aRm45NW1YcnZ5cG9wX2o3VWRuNmt5MG9rTUx0bGs2U3I0RDZtYlppT2lPWGRVbW1BYWJCTXoyZ2NNWGdQZ3NuZWF2c25MS050eEFkdkdueENLdm5DWFFYTEFKZFBJMWxSdVB3QdIBfkFVX3lxTFA1b1h0VjIxT01TQWUzWUNtTDZQRFpQc1o3NERtbG9DR0ZDTFg1ZmhPaWxycDlLNHJ3S1NwV1lFa3pwemR0bTV1X2QzQnN5ZEl3cUdqVDVmcmhMcHlHMlRYX1ZBcDE5OU5PQ2oydWtIam9mTEFpNGxaVXdJRXoyQQ?oc=5\" target=\"_blank\" rel=\"noopener\">Nantes : Pallois annonce son d\u00e9part<\/a>&nbsp;&nbsp;Maxifoot<\/li>\n<li><a href=\"https:\/\/news.google.com\/rss\/articles\/CBMilAFBVV95cUxNZ2YwdlRCakstbVYxc0t2cFR0cXpSamFNSlA5dmwxT2pXRDdGS1N2SlNzUjNQVGdVRE1LaGdQQU5hQklha2M1TFV3WmhGaEROQ0YwbVI0Y0h5YnpvNE9GSUJUNzkzekQ4RXdZS2N3ODNLYkw5aFdkRzByTXNDaE44WHBQSTdZLVpudGZkNkNKSXAxc0wz?oc=5\" target=\"_blank\" rel=\"noopener\">Nantes : la r\u00e9volution Castro fait d\u00e9j\u00e0 une victime<\/a>&nbsp;&nbsp;football365.fr<\/li>\n<li><a href=\"https:\/\/news.google.com\/rss\/articles\/CBMizwFBVV95cUxQNVFBckg4YUlYUXlNYkdJVldheHRua1hPZHRpUWFHQzZJUFRzU3ZNazhCYWlGUGc4NWtDcWRiZGtsQ0pXR3NUYTNpdTE3ZkZWMFhDQXNIWXphUEE2MDFVQ21GbzFpZXl6Q2Q4d1dfOGpTeHZ4aHdfSG5CRnZiejZVNE5OdzUxX3FtZ1duc29SVFk2Z3lNUUJSakhNSW9oMmhGcVQ3VWxBUndCYVJERTFIQ0E2OWZZV2VUUG1qdWlpR3VSemNvZEdhMzctU3Z0V3c?oc=5\" target=\"_blank\" rel=\"noopener\">Nicolas Pallois et Marcus Coco non prolong\u00e9s \u00e0 Nantes, Nicolas Cozza \u00e0 nouveau pr\u00eat\u00e9 ?<\/a>&nbsp;&nbsp;L&rsquo;\u00c9quipe<\/li>\n<li><a href=\"https:\/\/news.google.com\/rss\/articles\/CBMi9wFBVV95cUxOa09kX2d4VFpPdDZ2bnJZVm10ellPUmhKNFFRRm1ST2UtQ2hpUW52TTRMYXk3VWoxaUVuZWpLR21zV05vYzluVXNfbDlzRHdMVDVJcC1XblFqWHhhaElPSFlIWFZvQV82WjlrUHdxMWgyM1hpYzhScHdweGxfTVpub2E5V2JxNnVhbFpLeVdHWEtnclRRMUlCTnVRMFhjOWpDbXJ6M18za0RCMnIySnktZExvcUNOV3NxRFVfQVcyLVd4VjVMVTBBeElvSnZfSnBiR29ZRHRIckEwQVFCTEV0d1hZQ2M4TU9USzVXYWtDcWdoYzV5WFZ3?oc=5\" target=\"_blank\" rel=\"noopener\">Nicolas Pallois au FC Nantes, c\u2019est fini : son message touchant aux supporters<\/a>&nbsp;&nbsp;Ouest-France<\/li>\n<li><a href=\"https:\/\/news.google.com\/rss\/articles\/CBMizAFBVV95cUxQQkVLRU15YXF0cWNYZzZOekIzUFBwUTlJSU5aQXhlRFRhellSTzFGTzdaU0NDaXpNZmZwaWx0WjFJbF9lZ0tnTkhEbTJ5VHY3MFRPZll3YVpiX3A4RFhTa0tQUXBQWXZPREdGWDNrZGdjU3Y4dVpvMzVUYVdIaEIyVy1icm9DVFlFQ2tPelYyMUlIUUMzeGRwT3pmZ0t0bzBEbkZ3TUVFR1ZZRFdjS1JDWW1hZVFHeFpsaWVtcjNGNm1RNjZFS19WVU15ajI?oc=5\" target=\"_blank\" rel=\"noopener\">Mercato: figure embl\u00e9matique de Nantes, Pallois annonce son d\u00e9part<\/a>&nbsp;&nbsp;RMC Sport<\/li>\n<\/ol>\n","protected":false},"excerpt":{"rendered":"Nantes : Pallois annonce son d\u00e9part&nbsp;&nbsp;Maxifoot Nantes : la r\u00e9volution Castro fait d\u00e9j\u00e0 une victime&nbsp;&nbsp;football365.fr Nicolas Pallois et&hellip;\n","protected":false},"author":2,"featured_media":168983,"comment_status":"","ping_status":"","sticky":false,"template":"","format":"standard","meta":{"footnotes":""},"categories":[1410],"tags":[2266,2262,2261,1981,83,2260,451,2263,462,2269,2257,63,1011,27,2265,1441,453,66,447,2267,955,2268,241,149,70,1817,93,2264,2258,2259,60,969,455],"class_list":{"0":"post-168982","1":"post","2":"type-post","3":"status-publish","4":"format-standard","5":"has-post-thumbnail","7":"category-football","8":"tag-as-monaco","9":"tag-bundesligua","10":"tag-calcio","11":"tag-classement","12":"tag-coupe-de-france","13":"tag-coupe-de-la-ligue","14":"tag-coupe-du-monde","15":"tag-equipe","16":"tag-fc-nantes","17":"tag-fifa","18":"tag-foot","19":"tag-football","20":"tag-fr","21":"tag-france","22":"tag-girondins-bordeaux","23":"tag-joueur","24":"tag-liga","25":"tag-ligue-1","26":"tag-ligue-des-champions","27":"tag-losc","28":"tag-match","29":"tag-ogc-nice","30":"tag-ol","31":"tag-om","32":"tag-premier-league","33":"tag-pronostic","34":"tag-psg","35":"tag-rc-lens","36":"tag-resultat","37":"tag-score","38":"tag-sports","39":"tag-transfert","40":"tag-uefa"},"share_on_mastodon":{"url":"https:\/\/pubeurope.com\/@fr\/114666398254694839","error":""},"_links":{"self":[{"href":"https:\/\/www.europesays.com\/fr\/wp-json\/wp\/v2\/posts\/168982","targetHints":{"allow":["GET"]}}],"collection":[{"href":"https:\/\/www.europesays.com\/fr\/wp-json\/wp\/v2\/posts"}],"about":[{"href":"https:\/\/www.europesays.com\/fr\/wp-json\/wp\/v2\/types\/post"}],"author":[{"embeddable":true,"href":"https:\/\/www.europesays.com\/fr\/wp-json\/wp\/v2\/users\/2"}],"replies":[{"embeddable":true,"href":"https:\/\/www.europesays.com\/fr\/wp-json\/wp\/v2\/comments?post=168982"}],"version-history":[{"count":0,"href":"https:\/\/www.europesays.com\/fr\/wp-json\/wp\/v2\/posts\/168982\/revisions"}],"wp:featuredmedia":[{"embeddable":true,"href":"https:\/\/www.europesays.com\/fr\/wp-json\/wp\/v2\/media\/168983"}],"wp:attachment":[{"href":"https:\/\/www.europesays.com\/fr\/wp-json\/wp\/v2\/media?parent=168982"}],"wp:term":[{"taxonomy":"category","embeddable":true,"href":"https:\/\/www.europesays.com\/fr\/wp-json\/wp\/v2\/categories?post=168982"},{"taxonomy":"post_tag","embeddable":true,"href":"https:\/\/www.europesays.com\/fr\/wp-json\/wp\/v2\/tags?post=168982"}],"curies":[{"name":"wp","href":"https:\/\/api.w.org\/{rel}","templated":true}]}}