{"id":168986,"date":"2025-06-11T19:33:10","date_gmt":"2025-06-11T19:33:10","guid":{"rendered":"https:\/\/www.europesays.com\/fr\/168986\/"},"modified":"2025-06-11T19:33:10","modified_gmt":"2025-06-11T19:33:10","slug":"video-a-paris-ces-oeuvres-ia-qui-sincrustent-dans-les-galeries-dart","status":"publish","type":"post","link":"https:\/\/www.europesays.com\/fr\/168986\/","title":{"rendered":"VID\u00c9O. \u00c0 Paris, ces \u0153uvres IA qui s\u2019incrustent dans les galeries d\u2019art"},"content":{"rendered":"<p class=\"paragraph text_align_left\">Dans cette galerie de Beaubourg, situ\u00e9e aux abords du centre Pompidou et de ses autres nombreux marchands d\u2019art, un tableau attire notre attention. Son aspect particuli\u00e8rement lisse, un filtre lumineux et surtout un billet aux \u00e9critures al\u00e9atoires nous mettent la puce \u00e0 l\u2019oreille : il semble r\u00e9alis\u00e9 <a href=\"https:\/\/www.leparisien.fr\/high-tech\/arts-plastiques-musique-cinema-litteraturelia-fait-une-entree-fracassante-dans-le-monde-de-lart-06-06-2025-UZ6QM4AQZJFOVATCHOPPMECSUY.php\" target=\"_self\" rel=\"noopener\">avec de l\u2019intelligence artificielle<\/a>.<\/p>\n<p class=\"paragraph text_align_left\">Sur les avis Google de l\u2019\u00e9tablissement, les doutes sont d\u00e9j\u00e0 bien pr\u00e9sents : \u00ab N\u2019achetez pas ces \u0153uvres, c\u2019est une arnaque \u00bb, s\u2019insurge un internaute. \u00ab Je trouve \u00e7a probl\u00e9matique de vendre ces \u0153uvres dans une ville comme Paris qui regorge d\u2019art authentique et d\u2019architecture \u00bb, ajoute un autre. Les prix, eux, oscillent entre 250 et 300 euros. \u00ab Oui, c\u2019est fait avec de l\u2019IA \u00bb, nous confirme le galeriste. Il n\u2019y a pourtant aucune mention explicite d\u2019utilisation de cette technologie dans la pr\u00e9sentation de l\u2019\u0153uvre.<\/p>\n<p class=\"paragraph text_align_left\">Apr\u00e8s plusieurs demandes d\u2019interview infructueuses, nous d\u00e9cidons de nous rendre directement dans la boutique de l\u2019artiste. D\u2019abord cat\u00e9gorique, il affirme ne pas avoir recours \u00e0 l\u2019intelligence artificielle. Mais apr\u00e8s quelques minutes d\u2019\u00e9change, il finit par admettre en utiliser \u00ab \u00e0 tr\u00e8s faible dose \u00bb, pour \u00ab 5 % du travail \u00bb seulement. \u00ab Je m\u2019en sers comme d\u2019un outil, pour cr\u00e9er un fond par exemple \u00bb, pr\u00e9cise-t-il, mettant en avant ses trente ann\u00e9es d\u2019exp\u00e9rience en atelier.<\/p>\n<p class=\"paragraph text_align_left\">Dans une seconde boutique de Beaubourg, des cadres montrant une vue idyllique de la tour Eiffel au coucher de soleil, vendus 39 euros, attirent notre attention. Aucun artiste n\u2019est en fait indiqu\u00e9 : \u00ab Il n\u2019y a pas d\u2019artiste, <a href=\"https:\/\/www.leparisien.fr\/high-tech\/lintelligence-artificielle-dans-les-oeuvres-artistiques-lia-fabrique-elle-ne-cree-pas-08-03-2024-PNM4GYVQMVEQXFLN57ZB6XEK3Y.php\" target=\"_self\" rel=\"noopener\">c\u2019est de l\u2019IA,<\/a> explique le galeriste. Je ne fais que vendre, ce n\u2019est pas moi qui les commande. \u00bb<\/p>\n<p>Flou juridique<\/p>\n<p class=\"paragraph text_align_left\">Jusqu\u2019\u00e0 pr\u00e9sent, aucune loi n\u2019oblige \u00e0 mentionner le recours \u00e0 l\u2019IA dans la cr\u00e9ation d\u2019une \u0153uvre. Mais cela devrait changer. Vot\u00e9 en 2024 et cens\u00e9 \u00eatre pleinement applicable le 2 ao\u00fbt 2026, l\u2019IA Act de l\u2019Union europ\u00e9enne stipule que les syst\u00e8mes d\u2019IA g\u00e9n\u00e9rative doivent respecter les l\u00e9gislations sur le droit d\u2019auteur des 27 membres de l\u2019Union, et faire preuve de transparence concernant le mat\u00e9riel utilis\u00e9 pour leur entra\u00eenement.<\/p>\n<p class=\"paragraph text_align_left\">La pol\u00e9mique ne se limite pas \u00e0 Paris. En f\u00e9vrier, la maison Christie\u2019s organisait sa premi\u00e8re vente d\u00e9di\u00e9e \u00e0 l\u2019art g\u00e9n\u00e9r\u00e9 par IA, provoquant la col\u00e8re de milliers d\u2019artistes. \u00ab Beaucoup de ces \u0153uvres sont r\u00e9alis\u00e9es avec des mod\u00e8les qui se basent sur des \u0153uvres prot\u00e9g\u00e9es \u00bb, d\u00e9nonce Stephen McClymont, peintre signataire d\u2019une <a href=\"https:\/\/openletter.earth\/cancel-the-christies-ai-art-auction-f5135435\" target=\"_self\" rel=\"noopener\">p\u00e9tition contre la vente<\/a>.<\/p>\n<p class=\"paragraph text_align_left\">Ce dernier ne voit pas pour autant cette technologie comme une concurrence : \u00ab Quand la photographie est arriv\u00e9e, les peintres ont d\u00fb se r\u00e9inventer. Les clients ne voulaient plus de portrait peint, puisqu\u2019ils pouvaient l\u2019avoir en quelques jours en photo. Mais les peintres n\u2019ont pas arr\u00eat\u00e9 de peindre. Ils ont invent\u00e9 de nouvelles fa\u00e7ons de dessiner le monde. Je pense que c\u2019est la m\u00eame chose avec l\u2019IA \u00bb.<\/p>\n","protected":false},"excerpt":{"rendered":"Dans cette galerie de Beaubourg, situ\u00e9e aux abords du centre Pompidou et de ses autres nombreux marchands d\u2019art,&hellip;\n","protected":false},"author":2,"featured_media":168987,"comment_status":"","ping_status":"","sticky":false,"template":"","format":"standard","meta":{"footnotes":""},"categories":[1358],"tags":[1348,1384,1385,1386,58,59,1011,27,3746,2955],"class_list":{"0":"post-168986","1":"post","2":"type-post","3":"status-publish","4":"format-standard","5":"has-post-thumbnail","7":"category-arts-et-design","8":"tag-arts","9":"tag-arts-and-design","10":"tag-arts-et-design","11":"tag-design","12":"tag-divertissement","13":"tag-entertainment","14":"tag-fr","15":"tag-france","16":"tag-futurs","17":"tag-videos"},"share_on_mastodon":{"url":"https:\/\/pubeurope.com\/@fr\/114666406223238634","error":""},"_links":{"self":[{"href":"https:\/\/www.europesays.com\/fr\/wp-json\/wp\/v2\/posts\/168986","targetHints":{"allow":["GET"]}}],"collection":[{"href":"https:\/\/www.europesays.com\/fr\/wp-json\/wp\/v2\/posts"}],"about":[{"href":"https:\/\/www.europesays.com\/fr\/wp-json\/wp\/v2\/types\/post"}],"author":[{"embeddable":true,"href":"https:\/\/www.europesays.com\/fr\/wp-json\/wp\/v2\/users\/2"}],"replies":[{"embeddable":true,"href":"https:\/\/www.europesays.com\/fr\/wp-json\/wp\/v2\/comments?post=168986"}],"version-history":[{"count":0,"href":"https:\/\/www.europesays.com\/fr\/wp-json\/wp\/v2\/posts\/168986\/revisions"}],"wp:featuredmedia":[{"embeddable":true,"href":"https:\/\/www.europesays.com\/fr\/wp-json\/wp\/v2\/media\/168987"}],"wp:attachment":[{"href":"https:\/\/www.europesays.com\/fr\/wp-json\/wp\/v2\/media?parent=168986"}],"wp:term":[{"taxonomy":"category","embeddable":true,"href":"https:\/\/www.europesays.com\/fr\/wp-json\/wp\/v2\/categories?post=168986"},{"taxonomy":"post_tag","embeddable":true,"href":"https:\/\/www.europesays.com\/fr\/wp-json\/wp\/v2\/tags?post=168986"}],"curies":[{"name":"wp","href":"https:\/\/api.w.org\/{rel}","templated":true}]}}