{"id":168988,"date":"2025-06-11T19:34:11","date_gmt":"2025-06-11T19:34:11","guid":{"rendered":"https:\/\/www.europesays.com\/fr\/168988\/"},"modified":"2025-06-11T19:34:11","modified_gmt":"2025-06-11T19:34:11","slug":"le-monial-le-cloitre-accueille-livres-anciens-et-metiers-dart-le-cloitre-accueille-livres-anciens-et-metiers-dart","status":"publish","type":"post","link":"https:\/\/www.europesays.com\/fr\/168988\/","title":{"rendered":"le-Monial &#8211; Le clo\u00eetre accueille livres anciens et m\u00e9tiers d\u2019art. Le clo\u00eetre accueille livres anciens et m\u00e9tiers d\u2019art"},"content":{"rendered":"<p class=\"insetTitle\">Paray-le-Monial &#8211; Le clo\u00eetre accueille livres anciens et m\u00e9tiers d\u2019art<\/p>\n<p>\u00ab\u00a0Depuis un moment, j\u2019avais l\u2019id\u00e9e d\u2019un salon d\u00e9di\u00e9 aux m\u00e9tiers d\u2019art et aux livres anciens. Celui de septembre est, depuis cinq ans, bien en place. Fort de notre exp\u00e9rience, nous organisons un \u00e9v\u00e8nement litt\u00e9raire dans un autre lieu\u00a0\u00bb, explique Charles Pubill, pr\u00e9sident de l\u2019association Livres et Lire. Quinze exposants seront pr\u00e9sents au clo\u00eetre de Paray-le-Monial, dont des libraires de Sa\u00f4ne-et-Loire, d\u2019Auvergne, de C\u00f4te-d\u2019Or, du Jura et de la Loire. La r\u00e9putation du Salon national du livre ancien a fait conna\u00eetre l\u2019association, fid\u00e9lisant des professionnels. Voir le travail des artisans et des relieurs est aussi tr\u00e8s attendu par les visiteurs. Il y aura une exposition sur Pierre Larousse et les \u00c9ditions Larousse, ainsi que des jeux de mots pour les enfants et adultes d\u2019Albine Novarino, autrice des \u201cPetits cahiers\u201d.<\/p>\n<p class=\"note\"> \u25b6 \u2002 Samedi\u00a014 et dimanche 15\u00a0juin, le clo\u00eetre sera ouvert de 10 \u00e0 18\u00a0h. L\u2019entr\u00e9e est gratuite.<\/p>\n","protected":false},"excerpt":{"rendered":"Paray-le-Monial &#8211; Le clo\u00eetre accueille livres anciens et m\u00e9tiers d\u2019art \u00ab\u00a0Depuis un moment, j\u2019avais l\u2019id\u00e9e d\u2019un salon d\u00e9di\u00e9&hellip;\n","protected":false},"author":2,"featured_media":168989,"comment_status":"","ping_status":"","sticky":false,"template":"","format":"standard","meta":{"footnotes":""},"categories":[1357],"tags":[1379,58,59,1011,27,1686,1380],"class_list":{"0":"post-168988","1":"post","2":"type-post","3":"status-publish","4":"format-standard","5":"has-post-thumbnail","7":"category-livres","8":"tag-books","9":"tag-divertissement","10":"tag-entertainment","11":"tag-fr","12":"tag-france","13":"tag-import-print","14":"tag-livres"},"share_on_mastodon":{"url":"https:\/\/pubeurope.com\/@fr\/114666410034765139","error":""},"_links":{"self":[{"href":"https:\/\/www.europesays.com\/fr\/wp-json\/wp\/v2\/posts\/168988","targetHints":{"allow":["GET"]}}],"collection":[{"href":"https:\/\/www.europesays.com\/fr\/wp-json\/wp\/v2\/posts"}],"about":[{"href":"https:\/\/www.europesays.com\/fr\/wp-json\/wp\/v2\/types\/post"}],"author":[{"embeddable":true,"href":"https:\/\/www.europesays.com\/fr\/wp-json\/wp\/v2\/users\/2"}],"replies":[{"embeddable":true,"href":"https:\/\/www.europesays.com\/fr\/wp-json\/wp\/v2\/comments?post=168988"}],"version-history":[{"count":0,"href":"https:\/\/www.europesays.com\/fr\/wp-json\/wp\/v2\/posts\/168988\/revisions"}],"wp:featuredmedia":[{"embeddable":true,"href":"https:\/\/www.europesays.com\/fr\/wp-json\/wp\/v2\/media\/168989"}],"wp:attachment":[{"href":"https:\/\/www.europesays.com\/fr\/wp-json\/wp\/v2\/media?parent=168988"}],"wp:term":[{"taxonomy":"category","embeddable":true,"href":"https:\/\/www.europesays.com\/fr\/wp-json\/wp\/v2\/categories?post=168988"},{"taxonomy":"post_tag","embeddable":true,"href":"https:\/\/www.europesays.com\/fr\/wp-json\/wp\/v2\/tags?post=168988"}],"curies":[{"name":"wp","href":"https:\/\/api.w.org\/{rel}","templated":true}]}}