{"id":168990,"date":"2025-06-11T19:35:09","date_gmt":"2025-06-11T19:35:09","guid":{"rendered":"https:\/\/www.europesays.com\/fr\/168990\/"},"modified":"2025-06-11T19:35:09","modified_gmt":"2025-06-11T19:35:09","slug":"agathe-lecaron-fait-ses-adieux-les-maternelles-cest-fini","status":"publish","type":"post","link":"https:\/\/www.europesays.com\/fr\/168990\/","title":{"rendered":"Agathe Lecaron fait ses adieux : \u00ab\u00a0Les Maternelles\u00a0\u00bb, c\u2019est fini"},"content":{"rendered":"<p>      R\u00e9sum\u00e9<\/p>\n<p>Apr\u00e8s neuf ans \u00e0 pr\u00e9senter \u00ab\u00a0Les Maternelles\u00a0\u00bb, Agathe Lecaron quitte France 2, laissant place \u00e0 un nouveau visage et annon\u00e7ant une \u00e9mission d&rsquo;adieu pleine d&rsquo;\u00e9motions et de surprises.<\/p>\n<p>        Sommaire<\/p>\n<p><strong>\u00ab\u00a0Les Maternelles\u00a0\u00bb<\/strong> perdent leur visage embl\u00e9matique. <a href=\"https:\/\/www.public.fr\/les-maternelles-sauvee-par-agathe-lecaron-cette-chroniqueuse-perd-60-kilos-et-son-addiction-mortelle\" target=\"_blank\" rel=\"noopener\">La solaire Agathe Lecaron<\/a> s\u2019appr\u00eate en effet \u00e0 quitter le navire apr\u00e8s neuf ans de bons et loyaux services \u00e0 la t\u00eate du programme diffus\u00e9 sur France 2 comme l\u2019a annonc\u00e9 notre confr\u00e8re Cl\u00e9ment Garin il y a plusieurs mois, avant que Le Parisien ne confirme l\u2019information ce mercredi 11 juin 2025.<\/p>\n<p>Le quotidien indique, ce jour, que <a href=\"https:\/\/www.public.fr\/agathe-lecaron-fond-en-larmes-en-pleine-emission-sur-france-2\" target=\"_blank\" rel=\"noopener\">la journaliste de 51 ans<\/a> a enregistr\u00e9 sa derni\u00e8re \u00e9mission il y a quelques jours. Jeudi dernier pour \u00eatre pr\u00e9cis. Reste \u00e0 savoir quelle animatrice va succ\u00e9der \u00e0 celle qui d\u00e9tient le record de long\u00e9vit\u00e9.<\/p>\n<p>Comme le rappelle Le Parisien, <a href=\"https:\/\/vsd.fr\/15254-tele-une-animatrice-se-lache-sur-son-experience-calamiteuse-avec-jean-pierre-foucault\/\" target=\"_blank\" rel=\"noopener\">Agathe Lecaron<\/a> a offici\u00e9 pendant neuf ans \u00e0 la t\u00eate des \u00ab\u00a0Maternelles\u00a0\u00bb. Une \u00e9mission qui a vu le jour en 2000, et qui a notamment \u00e9t\u00e9 pr\u00e9sent\u00e9e par \u00ab\u00a0Ma\u00eftena Biraben,\u00a0<a href=\"https:\/\/www.public.fr\/tag\/karine-le-marchand\" target=\"_blank\" rel=\"noopener\">Karine Le Marchand<\/a>, \u00c9lizabeth Tchoungui, Daphn\u00e9 B\u00fcrki, Julia Vignali ou encore Sidonie Bonnec\u00a0\u00bb. C\u2019est en septembre 2016 que la journaliste de 51 ans a succ\u00e9d\u00e9 aux autres dans le programme d\u00e9sormais diffus\u00e9 sur France 2 juste apr\u00e8s <strong>\u00ab\u00a0T\u00e9l\u00e9matin\u00a0\u00bb<\/strong>, et rebaptis\u00e9 <strong>\u00ab\u00a0La Maison des Maternelles\u00a0\u00bb<\/strong>.\u00a0<\/p>\n<p>Agathe Lecaron quitte le programme qu&rsquo;elle pr\u00e9sente depuis 9 ans<\/p>\n<p>Mais \u00e0 quel moment les fans du programme, et de la journaliste, vont-ils pouvoir d\u00e9couvrir la derni\u00e8re d\u2019Agathe Lecaron ? \u00c0 en croire les informations relay\u00e9es par Le Parisien, il va falloir patienter <strong>jusqu\u2019\u00e0 la fin du mois de juin.\u00a0<\/strong><\/p>\n<p>D\u2019ailleurs, cette grande derni\u00e8re promet <strong>son lot de surprises et d\u2019\u00e9motions<\/strong>. En effet, 2P2L, la soci\u00e9t\u00e9 de production, \u00ab\u00a0lui avait pr\u00e9par\u00e9 des surprises, notamment la visite sur le plateau de son p\u00e8re et de son ami d\u2019enfance, le coiffeur David Lucas\u00a0\u00bb, indique le quotidien.<\/p>\n<p>De son c\u00f4t\u00e9, Agathe Lecaron a organis\u00e9 une soir\u00e9e d\u2019adieu, dans un restaurant du quartier, \u00ab\u00a0au pied du si\u00e8ge de BFMTV et de la radio RMC\u00a0\u00bb. En plus de la journaliste de 51 ans, l\u2019\u00e9mission de France 2 va enregistrer un autre d\u00e9part.<\/p>\n<p>Un autre d\u00e9part dans \u00ab\u00a0Les Maternelles\u00a0\u00bb <\/p>\n<p>La chroniqueuse Yasmine Oughlis a d\u00e9cid\u00e9 de rejoindre le groupe RMC Story. Un groupe dans lequel elle pr\u00e9sente d\u00e9j\u00e0 <strong>\u00ab\u00a0C\u2019est \u00e7a la France\u00a0\u00bb<\/strong>, chaque week-end, et avec lequel elle va collaborer pour d\u2019autres projets.<\/p>\n<p>En ce qui concerne Agathe Lecaron, celle-ci ne va pas rester longtemps sans appara\u00eetre sur le petit \u00e9cran. <\/p>\n<p>Le Parisien pr\u00e9cise en effet, qu\u2019elle devrait revenir \u00e0 la rentr\u00e9e pour pr\u00e9senter une version quotidienne de <strong>\u00ab\u00a0Bel &amp; bien\u00a0\u00bb<\/strong> qu\u2019elle pr\u00e9sente avec Ali Rebeihi \u00ab\u00a0tous les samedis \u00e0 9h30 sur France 2, mais qui pourrait basculer sur France 3\u00a0\u00bb.<\/p>\n<p>      Mentionn\u00e9s dans cet article<\/p>\n<p>\u00c0 lire aussi<\/p>\n","protected":false},"excerpt":{"rendered":"R\u00e9sum\u00e9 Apr\u00e8s neuf ans \u00e0 pr\u00e9senter \u00ab\u00a0Les Maternelles\u00a0\u00bb, Agathe Lecaron quitte France 2, laissant place \u00e0 un nouveau&hellip;\n","protected":false},"author":2,"featured_media":168991,"comment_status":"","ping_status":"","sticky":false,"template":"","format":"standard","meta":{"footnotes":""},"categories":[1356],"tags":[24726,58,59,1011,27,594,252,1364],"class_list":{"0":"post-168990","1":"post","2":"type-post","3":"status-publish","4":"format-standard","5":"has-post-thumbnail","7":"category-television","8":"tag-agathe-lecaron","9":"tag-divertissement","10":"tag-entertainment","11":"tag-fr","12":"tag-france","13":"tag-france-2","14":"tag-television","15":"tag-tv"},"share_on_mastodon":{"url":"https:\/\/pubeurope.com\/@fr\/114666414153818732","error":""},"_links":{"self":[{"href":"https:\/\/www.europesays.com\/fr\/wp-json\/wp\/v2\/posts\/168990","targetHints":{"allow":["GET"]}}],"collection":[{"href":"https:\/\/www.europesays.com\/fr\/wp-json\/wp\/v2\/posts"}],"about":[{"href":"https:\/\/www.europesays.com\/fr\/wp-json\/wp\/v2\/types\/post"}],"author":[{"embeddable":true,"href":"https:\/\/www.europesays.com\/fr\/wp-json\/wp\/v2\/users\/2"}],"replies":[{"embeddable":true,"href":"https:\/\/www.europesays.com\/fr\/wp-json\/wp\/v2\/comments?post=168990"}],"version-history":[{"count":0,"href":"https:\/\/www.europesays.com\/fr\/wp-json\/wp\/v2\/posts\/168990\/revisions"}],"wp:featuredmedia":[{"embeddable":true,"href":"https:\/\/www.europesays.com\/fr\/wp-json\/wp\/v2\/media\/168991"}],"wp:attachment":[{"href":"https:\/\/www.europesays.com\/fr\/wp-json\/wp\/v2\/media?parent=168990"}],"wp:term":[{"taxonomy":"category","embeddable":true,"href":"https:\/\/www.europesays.com\/fr\/wp-json\/wp\/v2\/categories?post=168990"},{"taxonomy":"post_tag","embeddable":true,"href":"https:\/\/www.europesays.com\/fr\/wp-json\/wp\/v2\/tags?post=168990"}],"curies":[{"name":"wp","href":"https:\/\/api.w.org\/{rel}","templated":true}]}}