{"id":169000,"date":"2025-06-11T19:40:10","date_gmt":"2025-06-11T19:40:10","guid":{"rendered":"https:\/\/www.europesays.com\/fr\/169000\/"},"modified":"2025-06-11T19:40:10","modified_gmt":"2025-06-11T19:40:10","slug":"nicole-croisille-avait-choisi-leuthanasie-en-belgique-liberation","status":"publish","type":"post","link":"https:\/\/www.europesays.com\/fr\/169000\/","title":{"rendered":"Nicole Croisille avait choisi l\u2019euthanasie en Belgique \u2013 Lib\u00e9ration"},"content":{"rendered":"<p class=\"sc-ksZaOG ehjQrN text-element\"><a href=\"https:\/\/www.liberation.fr\/culture\/la-chanteuse-et-actrice-nicole-croisille-est-morte-a-88-ans-20250604_6CKXWUXO2ZA7DAYPYQMXQKNEBU\/\" target=\"_blank\" rel=\"noopener\" title=\"https:\/\/www.liberation.fr\/culture\/la-chanteuse-et-actrice-nicole-croisille-est-morte-a-88-ans-20250604_6CKXWUXO2ZA7DAYPYQMXQKNEBU\/\">Nicole Croisille est morte \u00e0 88 ans,<\/a> emport\u00e9e par un cancer dans la nuit du 3 au 4 juin. Une semaine plus tard, le 10 juin, le magazine Elle publie une derni\u00e8re interview de la chanteuse et com\u00e9dienne, r\u00e9alis\u00e9e quelques semaines avant son d\u00e9c\u00e8s. La collaboratrice de Claude Lelouch y r\u00e9v\u00e8le avoir <a href=\"https:\/\/www.liberation.fr\/societe\/sante\/la-militante-christiane-hessel-chabry-veuve-de-stephane-hessel-a-choisi-de-mourir-en-belgique-20241215_J5DVDTAMBZA43JMWNALEQ6EN6A\/\" target=\"_blank\" rel=\"noopener\" title=\"https:\/\/www.liberation.fr\/societe\/sante\/la-militante-christiane-hessel-chabry-veuve-de-stephane-hessel-a-choisi-de-mourir-en-belgique-20241215_J5DVDTAMBZA43JMWNALEQ6EN6A\/\">choisi l\u2019\u00abeuthanasie\u00bb en Belgique.<\/a><\/p>\n<p class=\"sc-ksZaOG ehjQrN text-element\">La d\u00e9couverte d\u2019une tumeur au foie, une chimioth\u00e9rapie de consolidation qui l\u2019a \u00abd\u00e9truite\u00bb, de nombreux essais de traitements de plus en plus agressifs et des mois de combat sans espoir de gu\u00e9rison, font dire \u00e0 Nicole Croisille \u00ab\u00e7a suffit.\u00bb \u00abPourquoi continuer \u00e0 souffrir ?\u00bb s\u2019interroge-t-elle.<\/p>\n<p class=\"sc-ksZaOG ehjQrN text-element\">L\u2019artiste avait accept\u00e9 de livrer les raisons de son choix \u00e0 Elle \u00ab\u00e0 la seule condition de ne pas publier cet entretien avant sa mort\u00bb, \u00abpour ne pas attirer d\u2019ennui \u00e0 l\u2019\u00e9quipe belge qui la prenait en charge\u00bb. \u00abJe ne veux pas devenir d\u00e9pendante, encore moins \u00eatre un poids. Si j\u2019ai un message \u00e0 faire passer, un mot qui me tient \u00e0 c\u0153ur, c\u2019est celui-ci : la compassion. La dignit\u00e9 n\u2019a pas d\u2019\u00e2ge. Elle ne dispara\u00eet pas parce qu\u2019on est pauvre, diff\u00e9rent ou qu\u2019on est vieux\u00bb, explique-t-elle dans son entretien.<\/p>\n<p class=\"sc-ksZaOG ehjQrN text-element\">Elle assure penser \u00abdepuis des ann\u00e9es\u00bb au suicide assist\u00e9. \u00abIl s\u2019est trouv\u00e9 qu\u2019en Belgique, c\u2019\u00e9tait possible. <a href=\"https:\/\/www.liberation.fr\/politique\/fin-de-vie-les-deputes-se-prononcent-pour-la-creation-dune-aide-a-mourir-20250527_4RCWK5UH7FGDXHAN3FL5VN3SYQ\/\" target=\"_blank\" rel=\"noopener\" title=\"https:\/\/www.liberation.fr\/politique\/fin-de-vie-les-deputes-se-prononcent-pour-la-creation-dune-aide-a-mourir-20250527_4RCWK5UH7FGDXHAN3FL5VN3SYQ\/\">En France,<\/a> \u00e7a n\u2019\u00e9tait envisageable que si un m\u00e9decin s\u2019engageait \u00e0 m\u2019aider en secret.\u00bb Nicole Croisille a rencontr\u00e9, sur les conseils de l\u2019Association pour le droit de mourir dans la dignit\u00e9 (ADMD), l\u2019\u00e9quipe du CHR de Namur. <a href=\"https:\/\/www.liberation.fr\/societe\/sante\/combat-pour-laide-a-mourir-francois-guillemot-un-medecin-a-la-vie-a-la-mort-20250511_XT4442QFBFEKRIYFYUBJL7BGN4\/\" target=\"_blank\" rel=\"noopener\" title=\"https:\/\/www.liberation.fr\/societe\/sante\/combat-pour-laide-a-mourir-francois-guillemot-un-medecin-a-la-vie-a-la-mort-20250511_XT4442QFBFEKRIYFYUBJL7BGN4\/\">Des gens qu\u2019elle qualifie \u00abd\u2019extraordinaires\u00bb.<\/a><\/p>\n<p class=\"sc-ksZaOG ehjQrN text-element\">Ce n\u2019est finalement pas au CHR de Namur qu\u2019elle s\u2019est \u00e9teinte, mais \u00abdans une clinique parisienne o\u00f9 elle a \u00e9t\u00e9 hospitalis\u00e9e d\u2019urgence le 1er juin, son \u00e9tat s\u2019\u00e9tant consid\u00e9rablement aggrav\u00e9\u00bb, raconte le magazine. \u00abUltime hasard du calendrier ? Sur son agenda, au 4 juin, il \u00e9tait \u00e9crit \u201cle grand d\u00e9part\u201d.\u00bb<\/p>\n","protected":false},"excerpt":{"rendered":"Nicole Croisille est morte \u00e0 88 ans, emport\u00e9e par un cancer dans la nuit du 3 au 4&hellip;\n","protected":false},"author":2,"featured_media":169001,"comment_status":"","ping_status":"","sticky":false,"template":"","format":"standard","meta":{"footnotes":""},"categories":[8],"tags":[828,58,59,17193,7977,1011,27],"class_list":{"0":"post-169000","1":"post","2":"type-post","3":"status-publish","4":"format-standard","5":"has-post-thumbnail","7":"category-divertissement","8":"tag-belgique","9":"tag-divertissement","10":"tag-entertainment","11":"tag-euthanasie","12":"tag-fin-de-vie","13":"tag-fr","14":"tag-france"},"share_on_mastodon":{"url":"https:\/\/pubeurope.com\/@fr\/114666433672624488","error":""},"_links":{"self":[{"href":"https:\/\/www.europesays.com\/fr\/wp-json\/wp\/v2\/posts\/169000","targetHints":{"allow":["GET"]}}],"collection":[{"href":"https:\/\/www.europesays.com\/fr\/wp-json\/wp\/v2\/posts"}],"about":[{"href":"https:\/\/www.europesays.com\/fr\/wp-json\/wp\/v2\/types\/post"}],"author":[{"embeddable":true,"href":"https:\/\/www.europesays.com\/fr\/wp-json\/wp\/v2\/users\/2"}],"replies":[{"embeddable":true,"href":"https:\/\/www.europesays.com\/fr\/wp-json\/wp\/v2\/comments?post=169000"}],"version-history":[{"count":0,"href":"https:\/\/www.europesays.com\/fr\/wp-json\/wp\/v2\/posts\/169000\/revisions"}],"wp:featuredmedia":[{"embeddable":true,"href":"https:\/\/www.europesays.com\/fr\/wp-json\/wp\/v2\/media\/169001"}],"wp:attachment":[{"href":"https:\/\/www.europesays.com\/fr\/wp-json\/wp\/v2\/media?parent=169000"}],"wp:term":[{"taxonomy":"category","embeddable":true,"href":"https:\/\/www.europesays.com\/fr\/wp-json\/wp\/v2\/categories?post=169000"},{"taxonomy":"post_tag","embeddable":true,"href":"https:\/\/www.europesays.com\/fr\/wp-json\/wp\/v2\/tags?post=169000"}],"curies":[{"name":"wp","href":"https:\/\/api.w.org\/{rel}","templated":true}]}}