{"id":169004,"date":"2025-06-11T19:42:10","date_gmt":"2025-06-11T19:42:10","guid":{"rendered":"https:\/\/www.europesays.com\/fr\/169004\/"},"modified":"2025-06-11T19:42:10","modified_gmt":"2025-06-11T19:42:10","slug":"le-gouverneur-de-la-banque-de-france-appelle-a-un-effort-de-tous-a-commencer-par-les-plus-favorises","status":"publish","type":"post","link":"https:\/\/www.europesays.com\/fr\/169004\/","title":{"rendered":"le gouverneur de la Banque de France appelle \u00e0 un effort de \u00abtous, \u00e0 commencer par les plus favoris\u00e9s\u00bb"},"content":{"rendered":"<p>La Banque de France a abaiss\u00e9 mercredi pour la deuxi\u00e8me fois cette ann\u00e9e sa pr\u00e9vision de croissance pour la France en 2025, \u00e0 0,6% contre 0,7% en mars.<\/p>\n<p class=\"fig-paragraph\">Le gouverneur de la\u00a0<a href=\"http:\/\/www.lefigaro.fr\/conjoncture\/avec-des-taux-de-credits-moyens-a-3-1-le-gouverneur-de-la-banque-de-france-estime-que-c-est-le-bon-moment-pour-emprunter-20250606\" target=\"_blank\" data-fig-type=\"NewsFlash\" rel=\"noopener\" data-gtm-custom-categorie=\"navigation\" data-gtm-custom-action=\"crossclick\" data-gtm-custom-label=\"Contextuel\" data-gtm-event=\"customEventSPE\" data-fig-domain=\"LEFIGARO\">Banque de France<\/a>,\u00a0<a href=\"http:\/\/www.lefigaro.fr\/conjoncture\/francois-villeroy-de-galhau-si-notre-pays-reste-dans-le-deni-budgetaire-il-risque-l-enfoncement-economique-progressif-20241216\" target=\"_blank\" data-fig-type=\"Article\" rel=\"noopener\" data-gtm-custom-categorie=\"navigation\" data-gtm-custom-action=\"crossclick\" data-gtm-custom-label=\"Contextuel\" data-gtm-event=\"customEventSPE\" data-fig-domain=\"LEFIGARO\">Fran\u00e7ois Villeroy de Galhau<\/a>, a appel\u00e9 mercredi \u00e0 un effort de \u00abtous, \u00e0 commencer par les plus favoris\u00e9s\u00bb, afin de ramener l&rsquo;important d\u00e9ficit public fran\u00e7ais sous 3% du produit int\u00e9rieur brut (PIB) en 2029.<\/p>\n<p class=\"fig-paragraph\">\u00abL&rsquo;\u00c9tat doit rester exemplaire, mais pas seul, car il ne repr\u00e9sente qu&rsquo;un gros tiers des d\u00e9penses totales. Les d\u00e9penses sociales et locales augmentent encore de plus de 2% par an&#8230; L&rsquo;effort doit \u00eatre partag\u00e9 et juste, et donc concerner tous, \u00e0 commencer par les plus favoris\u00e9s\u00bb, a-t-il d\u00e9clar\u00e9 dans un entretien au journal\u00a0<a href=\"https:\/\/www.lesechos.fr\/economie-france\/conjoncture\/francois-villeroy-de-galhau-nous-ne-pouvons-plus-continuer-a-marcher-en-somnambules-vers-le-mur-de-la-dette-2170265\" target=\"_blank\" rel=\"noopener\" data-gtm-custom-categorie=\"navigation\" data-gtm-custom-action=\"crossclick\" data-gtm-custom-label=\"Contextuel\" data-gtm-event=\"customEventSPE\">Les Echos<\/a> .<\/p>\n<p class=\"fig-paragraph\">La Banque de France a abaiss\u00e9 mercredi pour la deuxi\u00e8me fois cette ann\u00e9e sa pr\u00e9vision de croissance pour la France en 2025, \u00e0 0,6% contre 0,7% en mars, en raison de la hausse des droits de douane am\u00e9ricains dans un climat tr\u00e8s incertain.<\/p>\n","protected":false},"excerpt":{"rendered":"La Banque de France a abaiss\u00e9 mercredi pour la deuxi\u00e8me fois cette ann\u00e9e sa pr\u00e9vision de croissance pour&hellip;\n","protected":false},"author":2,"featured_media":169005,"comment_status":"","ping_status":"","sticky":false,"template":"","format":"standard","meta":{"footnotes":""},"categories":[6],"tags":[339,24240,340,35,343,345,350,130,344,352,349,33,34,341,313,1011,27,346,342,353,351,347,348,354],"class_list":{"0":"post-169004","1":"post","2":"type-post","3":"status-publish","4":"format-standard","5":"has-post-thumbnail","7":"category-economie","8":"tag-actualite-economique","9":"tag-banque-de-france","10":"tag-bourse","11":"tag-business","12":"tag-cac-40","13":"tag-chef-dentreprise","14":"tag-concurrence","15":"tag-consommation","16":"tag-creation-dentreprise","17":"tag-crise","18":"tag-delocalisations","19":"tag-economie","20":"tag-economy","21":"tag-emploi","22":"tag-entreprises","23":"tag-fr","24":"tag-france","25":"tag-grands-patrons","26":"tag-impots","27":"tag-licenciements","28":"tag-monopole","29":"tag-multinationales","30":"tag-privatisation","31":"tag-unio"},"share_on_mastodon":{"url":"https:\/\/pubeurope.com\/@fr\/114666441544434428","error":""},"_links":{"self":[{"href":"https:\/\/www.europesays.com\/fr\/wp-json\/wp\/v2\/posts\/169004","targetHints":{"allow":["GET"]}}],"collection":[{"href":"https:\/\/www.europesays.com\/fr\/wp-json\/wp\/v2\/posts"}],"about":[{"href":"https:\/\/www.europesays.com\/fr\/wp-json\/wp\/v2\/types\/post"}],"author":[{"embeddable":true,"href":"https:\/\/www.europesays.com\/fr\/wp-json\/wp\/v2\/users\/2"}],"replies":[{"embeddable":true,"href":"https:\/\/www.europesays.com\/fr\/wp-json\/wp\/v2\/comments?post=169004"}],"version-history":[{"count":0,"href":"https:\/\/www.europesays.com\/fr\/wp-json\/wp\/v2\/posts\/169004\/revisions"}],"wp:featuredmedia":[{"embeddable":true,"href":"https:\/\/www.europesays.com\/fr\/wp-json\/wp\/v2\/media\/169005"}],"wp:attachment":[{"href":"https:\/\/www.europesays.com\/fr\/wp-json\/wp\/v2\/media?parent=169004"}],"wp:term":[{"taxonomy":"category","embeddable":true,"href":"https:\/\/www.europesays.com\/fr\/wp-json\/wp\/v2\/categories?post=169004"},{"taxonomy":"post_tag","embeddable":true,"href":"https:\/\/www.europesays.com\/fr\/wp-json\/wp\/v2\/tags?post=169004"}],"curies":[{"name":"wp","href":"https:\/\/api.w.org\/{rel}","templated":true}]}}