{"id":169013,"date":"2025-06-11T19:47:13","date_gmt":"2025-06-11T19:47:13","guid":{"rendered":"https:\/\/www.europesays.com\/fr\/169013\/"},"modified":"2025-06-11T19:47:13","modified_gmt":"2025-06-11T19:47:13","slug":"situation-rocambolesque-pour-une-ex-piste-de-lasse","status":"publish","type":"post","link":"https:\/\/www.europesays.com\/fr\/169013\/","title":{"rendered":"Situation rocambolesque pour une ex-piste de l&rsquo;ASSE !"},"content":{"rendered":"<p class=\"ai-optimize-6 ai-optimize-introduction\" data-start=\"369\" data-end=\"697\"><strong data-start=\"369\" data-end=\"697\">Longtemps cibl\u00e9 par l\u2019AS Saint-\u00c9tienne, Ognjen Mimovi\u0107 semblait tout proche de rejoindre le Forez lors du dernier mercato hivernal. Finalement parti \u00e0 Fenerbah\u00e7e, le lat\u00e9ral droit serbe pourrait d\u00e9j\u00e0 faire ses valises. Une situation rocambolesque.<\/strong><\/p>\n<p class=\"ai-optimize-8\" data-start=\"750\" data-end=\"1059\">En janvier dernier, les dirigeants de l\u2019ASSE pensaient tenir un renfort d\u2019avenir. Ognjen Mimovi\u0107, 20 ans, international U21 serbe, faisait alors figure de <strong data-start=\"905\" data-end=\"956\">priorit\u00e9 dans la cellule de recrutement<\/strong>. Un accord autour de 8 M\u20ac, dont 2 M\u20ac de bonus, aurait m\u00eame \u00e9t\u00e9 trouv\u00e9 avec l\u2019\u00c9toile Rouge de Belgrade.<\/p>\n<p class=\"ai-optimize-9\" data-start=\"1061\" data-end=\"1400\">Le joueur, rep\u00e9r\u00e9 par l\u2019approche Data du club, affichait un profil s\u00e9duisant : <strong data-start=\"1140\" data-end=\"1201\">1,85 m, lat\u00e9ral puissant et rapide, form\u00e9 \u00e0 l\u2019\u00e9cole serbe<\/strong>, il avait encha\u00een\u00e9 35 matchs toutes comp\u00e9titions confondues avec l\u2019\u00c9toile Rouge et venait de <strong data-start=\"1295\" data-end=\"1338\">faire ses d\u00e9buts en Ligue des Champions<\/strong>, avec un but inscrit d\u00e8s sa premi\u00e8re apparition continentale.<\/p>\n<p class=\"ai-optimize-10\" data-start=\"1402\" data-end=\"1737\">Mais la douche froide est arriv\u00e9e : \u00e0 la derni\u00e8re minute, <strong data-start=\"1460\" data-end=\"1482\">Fenerbah\u00e7e a surgi<\/strong> et rafl\u00e9 la mise. Le journaliste turc Ya\u011f\u0131z Sabuncuo\u011flu affirmait que Mimovi\u0107 avait \u00ab refus\u00e9 des offres de la Premier League et de la France \u00bb pour rejoindre le club stambouliote. L\u2019ASSE, une nouvelle fois, voyait un dossier s\u2019\u00e9chapper au dernier moment.<\/p>\n<p><strong data-start=\"369\" data-end=\"697\">Mimovi\u0107 : <\/strong>Un \u00e9chec en Turquie\u2026 et un retour en Serbie ?<\/p>\n<p class=\"ai-optimize-12\" data-start=\"1795\" data-end=\"2044\">Transf\u00e9r\u00e9 le 31 janvier 2025 \u00e0 Fenerbah\u00e7e, Mimovi\u0107 n\u2019a jamais trouv\u00e9 sa place en Turquie. Pr\u00eat\u00e9 dans la foul\u00e9e au Zenit Saint-P\u00e9tersbourg, le lat\u00e9ral n\u2019y a disput\u00e9 que <strong data-start=\"1963\" data-end=\"2005\">142 minutes r\u00e9parties sur 6 rencontres<\/strong>. Un pr\u00eat qui s\u2019est sold\u00e9 par un \u00e9chec.<\/p>\n<p class=\"ai-optimize-13\" data-start=\"2046\" data-end=\"2467\">De retour \u00e0 Fenerbah\u00e7e sans perspectives claires en cette fin de saison, le joueur <strong data-start=\"2103\" data-end=\"2168\">envisagerait aujourd\u2019hui de retourner dans son club formateur<\/strong>, l\u2019\u00c9toile Rouge. L\u2019op\u00e9ration ne serait pas encore finalis\u00e9e, mais Ya\u011f\u0131z Sabuncuo\u011flu affirme qu&rsquo;une offre a \u00e9t\u00e9 envoy\u00e9e par &#8230;. Belgrade. L&rsquo;Etoile Rouge, qui conna\u00eet bien le joueur et souhaite renforcer son couloir droit apr\u00e8s plusieurs d\u00e9parts, pourrait lui offrir un point de chute plus stable.<\/p>\n<p>L\u2019ASSE n\u2019aura jamais oubli\u00e9 ce dossier<\/p>\n<p class=\"ai-optimize-15\" data-start=\"2518\" data-end=\"2904\">Pour Saint-\u00c9tienne, le nom de Mimovi\u0107 est <strong data-start=\"2571\" data-end=\"2598\">synonyme de frustration<\/strong>. Apr\u00e8s des semaines d\u2019observation, des n\u00e9gociations men\u00e9es \u00e0 terme, et une enveloppe d\u00e9bloqu\u00e9e pour un joueur peu connu, les Verts pensaient tenir un renfort de poids dans la course au maintien. Mais <strong data-start=\"2785\" data-end=\"2871\">l\u2019intervention de Fenerbah\u00e7e, la volont\u00e9 du joueur, et la pr\u00e9cipitation du mercato<\/strong> auront eu raison de cette piste.<\/p>\n<p class=\"ai-optimize-16\" data-start=\"2906\" data-end=\"3122\">\u00c0 l\u2019heure o\u00f9 le club restructure son effectif pour la remont\u00e9e, Mimovi\u0107 ne reviendra pas dans les plans. Le joueur semble d\u00e9sormais plus proche d\u2019un rebond dans un environnement connu, et plus favorable \u00e0 sa relance. On ne sait pas si l&rsquo;histoire aurait \u00e9t\u00e9 diff\u00e9rente s&rsquo;il avait sign\u00e9 en Vert&#8230;<\/p>\n<blockquote class=\"twitter-tweet\">\n<p dir=\"ltr\" lang=\"tr\">\u00d6ZEL | K\u0131z\u0131ly\u0131ld\u0131z, Fenerbah\u00e7e&rsquo;den Ognjen Mimovi\u0107 i\u00e7in sat\u0131n alma opsiyonlu kiral\u0131k teklif yapt\u0131!<\/p>\n<p>\u2014 Ya\u011f\u0131z Sabuncuo\u011flu (@yagosabuncuoglu) <a href=\"https:\/\/twitter.com\/yagosabuncuoglu\/status\/1932464051667234976?ref_src=twsrc%5Etfw\" target=\"_blank\" rel=\"noopener\">June 10, 2025<\/a><\/p>\n<\/blockquote>\n<p>\t\t\t\t\t\t\t\t\t\t\t\t\t\t\t\t\t<script async src=\"https:\/\/platform.twitter.com\/widgets.js\" charset=\"utf-8\"><\/script><\/p>\n","protected":false},"excerpt":{"rendered":"Longtemps cibl\u00e9 par l\u2019AS Saint-\u00c9tienne, Ognjen Mimovi\u0107 semblait tout proche de rejoindre le Forez lors du dernier mercato&hellip;\n","protected":false},"author":2,"featured_media":169014,"comment_status":"","ping_status":"","sticky":false,"template":"","format":"standard","meta":{"footnotes":""},"categories":[9653],"tags":[1111,11,461,2430,30266,1777,674,27990,1011,27,30267,446,22932,12,30268,30269,25,4001,30270,30271],"class_list":{"0":"post-169013","1":"post","2":"type-post","3":"status-publish","4":"format-standard","5":"has-post-thumbnail","7":"category-saint-etienne","8":"tag-actu","9":"tag-actualites","10":"tag-asse","11":"tag-auvergne-rhone-alpes","12":"tag-etoile-rouge-belgrade","13":"tag-eu","14":"tag-europe","15":"tag-fenerbahce","16":"tag-fr","17":"tag-france","18":"tag-lateral-droit-asse","19":"tag-ligue-2","20":"tag-mercato-asse","21":"tag-news","22":"tag-ognjen-mimovic","23":"tag-recrutement-asse-2025","24":"tag-republique-francaise","25":"tag-saint-etienne","26":"tag-transfert-mimovic","27":"tag-zenit-saint-petersbourg"},"share_on_mastodon":{"url":"https:\/\/pubeurope.com\/@fr\/114666461170397172","error":""},"_links":{"self":[{"href":"https:\/\/www.europesays.com\/fr\/wp-json\/wp\/v2\/posts\/169013","targetHints":{"allow":["GET"]}}],"collection":[{"href":"https:\/\/www.europesays.com\/fr\/wp-json\/wp\/v2\/posts"}],"about":[{"href":"https:\/\/www.europesays.com\/fr\/wp-json\/wp\/v2\/types\/post"}],"author":[{"embeddable":true,"href":"https:\/\/www.europesays.com\/fr\/wp-json\/wp\/v2\/users\/2"}],"replies":[{"embeddable":true,"href":"https:\/\/www.europesays.com\/fr\/wp-json\/wp\/v2\/comments?post=169013"}],"version-history":[{"count":0,"href":"https:\/\/www.europesays.com\/fr\/wp-json\/wp\/v2\/posts\/169013\/revisions"}],"wp:featuredmedia":[{"embeddable":true,"href":"https:\/\/www.europesays.com\/fr\/wp-json\/wp\/v2\/media\/169014"}],"wp:attachment":[{"href":"https:\/\/www.europesays.com\/fr\/wp-json\/wp\/v2\/media?parent=169013"}],"wp:term":[{"taxonomy":"category","embeddable":true,"href":"https:\/\/www.europesays.com\/fr\/wp-json\/wp\/v2\/categories?post=169013"},{"taxonomy":"post_tag","embeddable":true,"href":"https:\/\/www.europesays.com\/fr\/wp-json\/wp\/v2\/tags?post=169013"}],"curies":[{"name":"wp","href":"https:\/\/api.w.org\/{rel}","templated":true}]}}