{"id":169015,"date":"2025-06-11T19:48:18","date_gmt":"2025-06-11T19:48:18","guid":{"rendered":"https:\/\/www.europesays.com\/fr\/169015\/"},"modified":"2025-06-11T19:48:18","modified_gmt":"2025-06-11T19:48:18","slug":"rillieux-la-pape-vide-greniers-des-boutchoux-ce-dimanche-15-juin","status":"publish","type":"post","link":"https:\/\/www.europesays.com\/fr\/169015\/","title":{"rendered":"Rillieux-la-Pape. Vide-greniers des Bout\u2019Choux ce dimanche 15\u00a0juin"},"content":{"rendered":"<p>L\u2019association du relais petite enfance les Bout\u2019Choux organise, ce dimanche 15\u00a0juin, son vide-greniers annuel, place Mar\u00e9chal-Juin. Pour cette 5e \u00a0\u00e9dition, vous pourrez y trouver v\u00eatements, livres, vaisselle, objets divers et insolites\u2026 \u00ab\u00a0Nous misons sur plus d\u2019une quarantaine d\u2019exposants\u00a0\u00bb, se r\u00e9jouit Alice Gustave Picoury, pr\u00e9sidente (REP), qui pr\u00e9cise\u00a0: \u00ab\u00a0Mais, attention, nous n\u2019accepterons pas les meubles ou l\u2019outillage\u00a0\u00bb.<\/p>\n<p class=\"note\">Dimanche 15\u00a0juin de 7 \u00e0 16\u00a0heures, place Mar\u00e9chal-Juin. Alice au 06\u00a030\u00a018\u00a052\u00a048. Buvette et petite restauration sur place.<\/p>\n","protected":false},"excerpt":{"rendered":"L\u2019association du relais petite enfance les Bout\u2019Choux organise, ce dimanche 15\u00a0juin, son vide-greniers annuel, place Mar\u00e9chal-Juin. Pour cette&hellip;\n","protected":false},"author":2,"featured_media":30227,"comment_status":"","ping_status":"","sticky":false,"template":"","format":"standard","meta":{"footnotes":""},"categories":[9635],"tags":[1111,11,5738,11679,130,1687,33,3153,1777,674,1011,27,775,1702,12,25,23109,17092,3365],"class_list":{"0":"post-169015","1":"post","2":"type-post","3":"status-publish","4":"format-standard","5":"has-post-thumbnail","7":"category-nancy","8":"tag-actu","9":"tag-actualites","10":"tag-bourses","11":"tag-brocantes","12":"tag-consommation","13":"tag-culture-loisirs","14":"tag-economie","15":"tag-edition-ouest-lyonnais","16":"tag-eu","17":"tag-europe","18":"tag-fr","19":"tag-france","20":"tag-grand-est","21":"tag-nancy","22":"tag-news","23":"tag-republique-francaise","24":"tag-rillieux-bassin","25":"tag-rillieux-la-pape","26":"tag-vide-greniers"},"share_on_mastodon":{"url":"https:\/\/pubeurope.com\/@fr\/114666465181651564","error":""},"_links":{"self":[{"href":"https:\/\/www.europesays.com\/fr\/wp-json\/wp\/v2\/posts\/169015","targetHints":{"allow":["GET"]}}],"collection":[{"href":"https:\/\/www.europesays.com\/fr\/wp-json\/wp\/v2\/posts"}],"about":[{"href":"https:\/\/www.europesays.com\/fr\/wp-json\/wp\/v2\/types\/post"}],"author":[{"embeddable":true,"href":"https:\/\/www.europesays.com\/fr\/wp-json\/wp\/v2\/users\/2"}],"replies":[{"embeddable":true,"href":"https:\/\/www.europesays.com\/fr\/wp-json\/wp\/v2\/comments?post=169015"}],"version-history":[{"count":0,"href":"https:\/\/www.europesays.com\/fr\/wp-json\/wp\/v2\/posts\/169015\/revisions"}],"wp:featuredmedia":[{"embeddable":true,"href":"https:\/\/www.europesays.com\/fr\/wp-json\/wp\/v2\/media\/30227"}],"wp:attachment":[{"href":"https:\/\/www.europesays.com\/fr\/wp-json\/wp\/v2\/media?parent=169015"}],"wp:term":[{"taxonomy":"category","embeddable":true,"href":"https:\/\/www.europesays.com\/fr\/wp-json\/wp\/v2\/categories?post=169015"},{"taxonomy":"post_tag","embeddable":true,"href":"https:\/\/www.europesays.com\/fr\/wp-json\/wp\/v2\/tags?post=169015"}],"curies":[{"name":"wp","href":"https:\/\/api.w.org\/{rel}","templated":true}]}}