{"id":169025,"date":"2025-06-11T19:54:27","date_gmt":"2025-06-11T19:54:27","guid":{"rendered":"https:\/\/www.europesays.com\/fr\/169025\/"},"modified":"2025-06-11T19:54:27","modified_gmt":"2025-06-11T19:54:27","slug":"barfleur-le-comite-des-fetes-reprend-les-animations-estivales","status":"publish","type":"post","link":"https:\/\/www.europesays.com\/fr\/169025\/","title":{"rendered":"Barfleur. Le comit\u00e9 des f\u00eates reprend les animations estivales"},"content":{"rendered":"<p>Depuis plusieurs mois, le comit\u00e9 des f\u00eates de Barfleur a \u00e9t\u00e9 repris en main. Florence Asseline et Dominique Gaillard, entour\u00e9es de quelques bonnes volont\u00e9s, ont d\u00e9cid\u00e9 de proposer des animations. \u00a0Il nous fallait des finances et nous avons eu l\u2019id\u00e9e de relancer le dancing du dimanche, de fa\u00e7on mensuelle dans l\u2019ancienne discoth\u00e8que Le Mora. Le succ\u00e8s a \u00e9t\u00e9 au rendez-vous avec une moyenne de cent\u00a0danseurs.\u00a0<\/p>\n<p>Fort de cette rentr\u00e9e financi\u00e8re, le comit\u00e9 a d\u00e9cid\u00e9 de relancer les animations de l\u2019\u00e9t\u00e9 avec un bal populaire sur le quai le 13\u00a0juillet en soir\u00e9e.<\/p>\n<p>\u00a0Ce sera pr\u00e9c\u00e9d\u00e9 d\u2019une retraite aux flambeaux avec majorettes\u00a0, d\u00e9clare Florence Asseline, qui \u00e9voque une braderie le 3\u00a0ao\u00fbt et la f\u00eate foraine des r\u00e9gates le 10\u00a0ao\u00fbt. \u00a0Nous faisons revenir fanfare et groupes de majorettes pour des d\u00e9fil\u00e9s. L\u2019id\u00e9e est de renouer avec les traditions du village. Les habitants y sont attach\u00e9s\u00a0, insistent Florence Asseline et Dominique Gaillard, qui se f\u00e9licite de faire en sorte de redynamiser le village.<\/p>\n<p>\u00a0<\/p>\n","protected":false},"excerpt":{"rendered":"Depuis plusieurs mois, le comit\u00e9 des f\u00eates de Barfleur a \u00e9t\u00e9 repris en main. Florence Asseline et Dominique&hellip;\n","protected":false},"author":2,"featured_media":169026,"comment_status":"","ping_status":"","sticky":false,"template":"","format":"standard","meta":{"footnotes":""},"categories":[9587],"tags":[1111,11,1063,30279,9639,27337,1777,674,14537,1011,27,12,5161,18048,25,9590,13662],"class_list":{"0":"post-169025","1":"post","2":"type-post","3":"status-publish","4":"format-standard","5":"has-post-thumbnail","7":"category-rouen","8":"tag-actu","9":"tag-actualites","10":"tag-animations","11":"tag-barfleur","12":"tag-comite","13":"tag-estivales","14":"tag-eu","15":"tag-europe","16":"tag-fetes","17":"tag-fr","18":"tag-france","19":"tag-news","20":"tag-normandie","21":"tag-reprend","22":"tag-republique-francaise","23":"tag-rouen","24":"tag-saint-lo"},"share_on_mastodon":{"url":"https:\/\/pubeurope.com\/@fr\/114666488821278311","error":""},"_links":{"self":[{"href":"https:\/\/www.europesays.com\/fr\/wp-json\/wp\/v2\/posts\/169025","targetHints":{"allow":["GET"]}}],"collection":[{"href":"https:\/\/www.europesays.com\/fr\/wp-json\/wp\/v2\/posts"}],"about":[{"href":"https:\/\/www.europesays.com\/fr\/wp-json\/wp\/v2\/types\/post"}],"author":[{"embeddable":true,"href":"https:\/\/www.europesays.com\/fr\/wp-json\/wp\/v2\/users\/2"}],"replies":[{"embeddable":true,"href":"https:\/\/www.europesays.com\/fr\/wp-json\/wp\/v2\/comments?post=169025"}],"version-history":[{"count":0,"href":"https:\/\/www.europesays.com\/fr\/wp-json\/wp\/v2\/posts\/169025\/revisions"}],"wp:featuredmedia":[{"embeddable":true,"href":"https:\/\/www.europesays.com\/fr\/wp-json\/wp\/v2\/media\/169026"}],"wp:attachment":[{"href":"https:\/\/www.europesays.com\/fr\/wp-json\/wp\/v2\/media?parent=169025"}],"wp:term":[{"taxonomy":"category","embeddable":true,"href":"https:\/\/www.europesays.com\/fr\/wp-json\/wp\/v2\/categories?post=169025"},{"taxonomy":"post_tag","embeddable":true,"href":"https:\/\/www.europesays.com\/fr\/wp-json\/wp\/v2\/tags?post=169025"}],"curies":[{"name":"wp","href":"https:\/\/api.w.org\/{rel}","templated":true}]}}