{"id":169033,"date":"2025-06-11T19:58:14","date_gmt":"2025-06-11T19:58:14","guid":{"rendered":"https:\/\/www.europesays.com\/fr\/169033\/"},"modified":"2025-06-11T19:58:14","modified_gmt":"2025-06-11T19:58:14","slug":"apres-le-pic-de-chaleur-la-vigilance-orages-declenchee-par-meteo-france","status":"publish","type":"post","link":"https:\/\/www.europesays.com\/fr\/169033\/","title":{"rendered":"apr\u00e8s le pic de chaleur, la vigilance orages d\u00e9clench\u00e9e par M\u00e9t\u00e9o France"},"content":{"rendered":"<p>            Par<br \/>\n        <strong><br \/>\n            <a href=\"https:\/\/actu.fr\/auteur\/brian-legoff\" title=\"Consulter tous les articles de Brian Le Goff\" target=\"_blank\" rel=\"noopener\">Brian Le Goff<\/a><br \/>\n        <\/strong><\/p>\n<p>        Publi\u00e9 le<\/p>\n<p>            11 juin 2025 \u00e0 18h00        <\/p>\n<p>Le <strong>temps<\/strong> va \u00eatre de <strong>plus en plus lourd <\/strong>dans les prochaines heures. Le thermom\u00e8tre grimpe et dans le m\u00eame temps, une <a href=\"https:\/\/actu.fr\/bretagne\/saint-malo_35288\/vigilance-jaune-en-bretagne-des-orages-parfois-forts-vont-frapper-la-region_62755032.html\" target=\"_blank\" rel=\"noopener\">d\u00e9pression va d\u00e9barquer en Bretagne<\/a>.<\/p>\n<p class=\" wall-content\">Le <strong>d\u00e9partement d\u2019Ille-et-Vilaine<\/strong>, <a href=\"https:\/\/actu.fr\/meteo\/un-cocktail-explosif-des-orages-parfois-tres-violents-prevus-partout-en-france-cette-semaine-voici-ou_62755850.html\" target=\"_blank\" rel=\"noopener\">comme plusieurs d\u00e9partements en France<\/a>, est <strong>plac\u00e9 en vigilance<\/strong> jaune orages, jeudi 11\u00a0juin, \u00e0 partir de 2h du matin, et jusqu\u2019\u00e0 13h.<\/p>\n<p class=\" wall-content\">\n<p class=\" wall-content\">\u00c0 <a href=\"https:\/\/actu.fr\/rennes\/\" target=\"_blank\" rel=\"noopener\">Rennes<\/a><strong>,<\/strong> mercredi apr\u00e8s-midi, il fait <strong>jusqu\u2019\u00e0 32\u00a0\u00b0C<\/strong>. 30\u00a0\u00b0C \u00e0 La No\u00eb-Blanche et sur une large partie sud du d\u00e9partement. Au nord, la temp\u00e9rature est l\u00e9g\u00e8rement un peu plus fra\u00eeche. Dans tous les cas, elle <strong>d\u00e9passe largement les normales de saison<\/strong>. En moyenne, dans le d\u00e9partement, il fait <strong>22,7\u00a0\u00b0C au mois de juin<\/strong>. Mais ce pic de chaleur sera de courte dur\u00e9e.<\/p>\n<p>Des orages organis\u00e9s avec des cumuls importants<\/p>\n<p class=\" wall-content\">Une <strong>d\u00e9pression<\/strong> va s\u2019installer petit \u00e0 petit aux abords de la r\u00e9gion via la fa\u00e7ade atlantique. Pour l\u2019Ille-et-Vilaine, cette goutte froide va entra\u00eener un risque d\u2019orages important en <strong>fin de nuit et d\u00e9but de matin\u00e9e<\/strong>, indique J\u00e9r\u00f4me Dr\u00e9ano, de <a href=\"https:\/\/meteofrance.com\/previsions-meteo-france\/bretagne\/5\" target=\"_blank\" rel=\"noopener\">M\u00e9t\u00e9o Bretagne<\/a>.<\/p>\n<blockquote class=\"ac-article-quote wall-content\">\n<p>Ce sont des orages assez organis\u00e9s qui vont se d\u00e9placer du sud vers le nord. Il y aura parfois et tr\u00e8s localement des cumuls de pr\u00e9cipitation tr\u00e8s importants, autour de 20 mm.<\/p>\n<p>    <strong>J\u00e9r\u00f4me Dr\u00e9ano<\/strong><br \/>\n        M\u00e9t\u00e9o Bretagne    <\/p><\/blockquote>\n<p>Vid\u00e9os : en ce moment sur Actu<\/p>\n<p class=\" wall-content\">Une fois les orages pass\u00e9s, les <strong>\u00e9claircies<\/strong> feront leur <strong>retour<\/strong> et \u00e7a s\u2019annonce tr\u00e8s doux d\u00e8s la <strong>matin\u00e9e. \u00ab\u2009On aura 18\u00a0\u00b0C<\/strong> quasiment sur tout le territoire bretillien quand nous devrions avoir 10 \u00e0 12\u00a0\u00b0C normalement. Il y aura une <strong>sensation de temps lourd<\/strong> avec la temp\u00e9rature douce et l\u2019humidit\u00e9 dans l\u2019air.\u2009\u00bb<\/p>\n<p class=\" wall-content\">\n<p class=\" wall-content\">Jeudi apr\u00e8s-midi, le <strong>thermom\u00e8tre baisse un peu avec 25\u00a0\u00b0C \u00e0 Rennes<\/strong>, 24\u00a0\u00b0C dans les secteurs de Dol-de-Bretagne et de Foug\u00e8res et 23\u00a0\u00b0C \u00e0 Saint-Malo.<\/p>\n<p>De potentiels nouveaux orages vendredi<\/p>\n<p class=\" wall-content\">Vendredi sera une nouvelle journ\u00e9e \u00e0 risque orageux. \u00ab\u2009Ils pourraient nous concerner<strong> en journ\u00e9e et jusqu\u2019en soir\u00e9e<\/strong>. La vigilance jaune devrait \u00eatre \u00e0 nouveau d\u00e9clench\u00e9e.\u2009\u00bb<\/p>\n<p class=\" wall-content\"><strong>Pour ce week-end, les conditions de beau temps<\/strong> se poursuivent samedi et dimanche, m\u00eame s\u2019il doit faire plus frais.<\/p>\n<p class=\" wall-content\">Suivez toute l\u2019actualit\u00e9 de vos villes et m\u00e9dias favoris en vous inscrivant \u00e0 <a href=\"https:\/\/moncompte.actu.fr\" title=\"D\u00e9couvez Mon Actu\" rel=\"nofollow noopener\" data-trk=\"{&quot;cta&quot;:{&quot;action&quot;:&quot;https:\\\/\\\/moncompte.actu.fr&quot;,&quot;category&quot;:&quot;mon compte&quot;,&quot;from&quot;:&quot;article footer&quot;,&quot;name&quot;:&quot;Mon actu&quot;,&quot;type&quot;:&quot;cta&quot;}}\" target=\"_blank\">Mon Actu<\/a>.<\/p>\n","protected":false},"excerpt":{"rendered":"Par Brian Le Goff Publi\u00e9 le 11 juin 2025 \u00e0 18h00 Le temps va \u00eatre de plus en&hellip;\n","protected":false},"author":2,"featured_media":169034,"comment_status":"","ping_status":"","sticky":false,"template":"","format":"standard","meta":{"footnotes":""},"categories":[2821],"tags":[1111,11,829,1777,674,1011,27,2487,12,4594,584,25],"class_list":{"0":"post-169033","1":"post","2":"type-post","3":"status-publish","4":"format-standard","5":"has-post-thumbnail","7":"category-rennes","8":"tag-actu","9":"tag-actualites","10":"tag-bretagne","11":"tag-eu","12":"tag-europe","13":"tag-fr","14":"tag-france","15":"tag-meteo","16":"tag-news","17":"tag-orages","18":"tag-rennes","19":"tag-republique-francaise"},"share_on_mastodon":{"url":"https:\/\/pubeurope.com\/@fr\/114666504515692540","error":""},"_links":{"self":[{"href":"https:\/\/www.europesays.com\/fr\/wp-json\/wp\/v2\/posts\/169033","targetHints":{"allow":["GET"]}}],"collection":[{"href":"https:\/\/www.europesays.com\/fr\/wp-json\/wp\/v2\/posts"}],"about":[{"href":"https:\/\/www.europesays.com\/fr\/wp-json\/wp\/v2\/types\/post"}],"author":[{"embeddable":true,"href":"https:\/\/www.europesays.com\/fr\/wp-json\/wp\/v2\/users\/2"}],"replies":[{"embeddable":true,"href":"https:\/\/www.europesays.com\/fr\/wp-json\/wp\/v2\/comments?post=169033"}],"version-history":[{"count":0,"href":"https:\/\/www.europesays.com\/fr\/wp-json\/wp\/v2\/posts\/169033\/revisions"}],"wp:featuredmedia":[{"embeddable":true,"href":"https:\/\/www.europesays.com\/fr\/wp-json\/wp\/v2\/media\/169034"}],"wp:attachment":[{"href":"https:\/\/www.europesays.com\/fr\/wp-json\/wp\/v2\/media?parent=169033"}],"wp:term":[{"taxonomy":"category","embeddable":true,"href":"https:\/\/www.europesays.com\/fr\/wp-json\/wp\/v2\/categories?post=169033"},{"taxonomy":"post_tag","embeddable":true,"href":"https:\/\/www.europesays.com\/fr\/wp-json\/wp\/v2\/tags?post=169033"}],"curies":[{"name":"wp","href":"https:\/\/api.w.org\/{rel}","templated":true}]}}