{"id":169039,"date":"2025-06-11T20:01:41","date_gmt":"2025-06-11T20:01:41","guid":{"rendered":"https:\/\/www.europesays.com\/fr\/169039\/"},"modified":"2025-06-11T20:01:41","modified_gmt":"2025-06-11T20:01:41","slug":"des-aujourdhui-et-pendant-3-jours-strasbourg-va-avoir-tres-chaud","status":"publish","type":"post","link":"https:\/\/www.europesays.com\/fr\/169039\/","title":{"rendered":"d\u00e8s aujourd\u2019hui et pendant 3 jours, Strasbourg va avoir tr\u00e8s chaud"},"content":{"rendered":"<p>    <img loading=\"lazy\" width=\"1800\" height=\"900\" src=\"https:\/\/www.europesays.com\/fr\/wp-content\/uploads\/2025\/04\/jeanne-callthepolice.jpg\" class=\"attachment-full size-full\" alt=\"\" id=\"imageLove\" decoding=\"async\"  \/><\/p>\n<p id=\"breadcrumbs\"><a href=\"https:\/\/pokaa.fr\/\" rel=\"nofollow noopener\" target=\"_blank\">Accueil<\/a> \/ <a href=\"https:\/\/pokaa.fr\/categories\/actu\/\" rel=\"nofollow noopener\" target=\"_blank\">Info locale<\/a> \/ Jusqu\u2019\u00e0 35\u00b0C : d\u00e8s aujourd\u2019hui et pendant 3 jours, Strasbourg va avoir tr\u00e8s chaud<\/p>\n<p>                    Info locale<\/p>\n<p class=\"p1\"><b>Ces prochains jours, le soleil va taper fort sur Strasbourg. Entre demain et vendredi, des \u00e9pisodes de forte chaleur puis de tr\u00e8s forte chaleur vont se succ\u00e9der, avant l\u2019arriv\u00e9e, tr\u00e8s probablement ce week-end, des orages. Sortez la cr\u00e8me solaire\u2026 et peut-\u00eatre le parapluie.<\/b><\/p>\n<p class=\"p1\">Apr\u00e8s un d\u00e9but de mois de juin qui ressemblait \u00e0 s\u2019y m\u00e9prendre \u00e0 une mi-novembre, le soleil et la chaleur ont d\u00e9cid\u00e9 que \u00e7a y est, il \u00e9tait temps de montrer le bout de leur nez. <strong>Les temp\u00e9ratures ont progressivement grimp\u00e9 ces derniers jours, et ce n\u2019est pas pr\u00e8s de s\u2019arr\u00eater<\/strong>.<\/p>\n<p class=\"p1\"><strong>Une vague de chaleur qui touche toute la France, et tout particuli\u00e8rement huit d\u00e9partements du sud-ouest<\/strong>, plac\u00e9s en vigilance jaune canicule le 11 juin par M\u00e9t\u00e9o France. Un ph\u00e9nom\u00e8ne pas in\u00e9dit pour un mois de juin, mais dont la pr\u00e9cocit\u00e9 inqui\u00e8te.<\/p>\n<p>    <img width=\"800\" height=\"600\" src=\"https:\/\/www.europesays.com\/fr\/wp-content\/uploads\/2025\/06\/temperature-ilot-de-chaleur-cannicule-strasbourg40-2.jpeg\" class=\"attachment-image-size-L size-image-size-L\" alt=\"temperature ilot de chaleur cannicule strasbourg40\" decoding=\"async\" loading=\"lazy\"  \/>         \u00a9 Samuel Compion \/ Pokaa <\/p>\n<p>Des temp\u00e9ratures largement au-dessus des normales de saison et des orages<\/p>\n<p class=\"p1\">La ville de Strasbourg, le Bas-Rhin et l\u2019Alsace ne sont pas plac\u00e9s en vigilance canicule, mais \u00e7a n\u2019emp\u00eachera pas le soleil de taper fort. D\u00e8s ce jeudi 12 juin, <strong>les temp\u00e9ratures vont d\u00e9passer les 30\u00b0C selon M\u00e9t\u00e9o Suivi Alsace, ce qui d\u00e9passe d\u00e9j\u00e0 all\u00e8grement les moyennes de saison<\/strong>, fix\u00e9es aux alentours des 23\/24\/25\u00b0C pour le mois de juin.<\/p>\n<p class=\"p1\">Apr\u00e8s une nuit pass\u00e9e sous le signe du moite, <strong>la journ\u00e9e du vendredi 13 juin portera malheur \u00e0 celles et ceux qui ne supportent pas la chaleur : les temp\u00e9ratures attendues pourraient d\u00e9passer les 35 degr\u00e9s<\/strong>, soit au-dessus des maximales atteintes l\u2019an dernier. Un \u00e9pisode de tr\u00e8s forte chaleur qui n\u00e9cessitera de bien s\u2019hydrater et de rester au frais, quand cela est possible. Surtout, c\u2019est un seuil atteint seulement une fois au si\u00e8cle dernier avant une mi-juin (7 juin 1945), contre 4 fois d\u00e9j\u00e0 au 21\u00e8me si\u00e8cle (8, 9, 10 juin 2014 et 12 juin 2003) <a href=\"https:\/\/www.facebook.com\/MeteoSuiviAlsace\/posts\/pfbid02zKiPbaViERyxbXwjhdZi9V2jLZefsAfnN5TwTMHpENrgHHMmGqa1p29qdwfMQZZUl\" target=\"_blank\" rel=\"noopener nofollow\">selon M\u00e9t\u00e9o Suivi Alsace<\/a>.<\/p>\n<p>    <img width=\"482\" height=\"600\" src=\"https:\/\/www.europesays.com\/fr\/wp-content\/uploads\/2025\/06\/img_5264.jpg\" class=\"attachment-image-size-M size-image-size-M\" alt=\"canicule conseils pokaa\" decoding=\"async\" loading=\"lazy\"  \/>         \u00a9 Pokaa <\/p>\n<p class=\"p1\">Mais comme \u00e0 Strasbourg, le yo-yo climatique est une religion, <strong>le week-end sera lui davantage plac\u00e9 sous le signe des orages<\/strong>. Les fortes chaleurs continueront samedi, et quelques orages pourraient commencer \u00e0 tomber sur l\u2019Alsace, toujours selon M\u00e9t\u00e9o Suivi Alsace.<\/p>\n<p class=\"p1\">Si ce n\u2019est pas le cas samedi, <strong>\u00e7a sera probablement le cas le dimanche 15 juin, o\u00f9 les temp\u00e9ratures redescendront \u00e0 peu pr\u00e8s au niveau des normales saisonni\u00e8res<\/strong>. De quoi passer du bob de plage au parapluie en quelques jours. Quoi qu\u2019il en soit, prenez bien soin de vous, puisque ce premier \u00e9pisode de fortes chaleurs en appellera surement d\u2019autres.<\/p>\n<p>    <img width=\"800\" height=\"533\" src=\"https:\/\/www.europesays.com\/fr\/wp-content\/uploads\/2025\/06\/orage-strasbourg-canicule.jpg\" class=\"attachment-image-size-L size-image-size-L\" alt=\"orage\" decoding=\"async\" loading=\"lazy\"  \/>         \u00a9 Coraline Lafon \/ Pokaa <\/p>\n","protected":false},"excerpt":{"rendered":"Accueil \/ Info locale \/ Jusqu\u2019\u00e0 35\u00b0C : d\u00e8s aujourd\u2019hui et pendant 3 jours, Strasbourg va avoir tr\u00e8s&hellip;\n","protected":false},"author":2,"featured_media":169040,"comment_status":"","ping_status":"","sticky":false,"template":"","format":"standard","meta":{"footnotes":""},"categories":[2820],"tags":[1111,11,1777,674,30282,1011,27,775,2487,12,25,4904,640],"class_list":{"0":"post-169039","1":"post","2":"type-post","3":"status-publish","4":"format-standard","5":"has-post-thumbnail","7":"category-strasbourg","8":"tag-actu","9":"tag-actualites","10":"tag-eu","11":"tag-europe","12":"tag-fortes-chaleurs","13":"tag-fr","14":"tag-france","15":"tag-grand-est","16":"tag-meteo","17":"tag-news","18":"tag-republique-francaise","19":"tag-soleil","20":"tag-strasbourg"},"share_on_mastodon":{"url":"https:\/\/pubeurope.com\/@fr\/114666516476584862","error":""},"_links":{"self":[{"href":"https:\/\/www.europesays.com\/fr\/wp-json\/wp\/v2\/posts\/169039","targetHints":{"allow":["GET"]}}],"collection":[{"href":"https:\/\/www.europesays.com\/fr\/wp-json\/wp\/v2\/posts"}],"about":[{"href":"https:\/\/www.europesays.com\/fr\/wp-json\/wp\/v2\/types\/post"}],"author":[{"embeddable":true,"href":"https:\/\/www.europesays.com\/fr\/wp-json\/wp\/v2\/users\/2"}],"replies":[{"embeddable":true,"href":"https:\/\/www.europesays.com\/fr\/wp-json\/wp\/v2\/comments?post=169039"}],"version-history":[{"count":0,"href":"https:\/\/www.europesays.com\/fr\/wp-json\/wp\/v2\/posts\/169039\/revisions"}],"wp:featuredmedia":[{"embeddable":true,"href":"https:\/\/www.europesays.com\/fr\/wp-json\/wp\/v2\/media\/169040"}],"wp:attachment":[{"href":"https:\/\/www.europesays.com\/fr\/wp-json\/wp\/v2\/media?parent=169039"}],"wp:term":[{"taxonomy":"category","embeddable":true,"href":"https:\/\/www.europesays.com\/fr\/wp-json\/wp\/v2\/categories?post=169039"},{"taxonomy":"post_tag","embeddable":true,"href":"https:\/\/www.europesays.com\/fr\/wp-json\/wp\/v2\/tags?post=169039"}],"curies":[{"name":"wp","href":"https:\/\/api.w.org\/{rel}","templated":true}]}}