{"id":169041,"date":"2025-06-11T20:02:16","date_gmt":"2025-06-11T20:02:16","guid":{"rendered":"https:\/\/www.europesays.com\/fr\/169041\/"},"modified":"2025-06-11T20:02:16","modified_gmt":"2025-06-11T20:02:16","slug":"la-villa-ephrussi-de-rothschild-presente-les-nocturnes-de-la-villa-2025","status":"publish","type":"post","link":"https:\/\/www.europesays.com\/fr\/169041\/","title":{"rendered":"La Villa Ephrussi de Rothschild pr\u00e9sente Les Nocturnes de la Villa 2025"},"content":{"rendered":"<p>Les Nocturnes de la Villa reviennent du 14 juillet au 26 ao\u00fbt 2025, les lundis et mardis, \u00e0 la Villa Ephrussi de Rothschild de Saint-Jean-Cap-Ferrat avec leurs specttacles en plein air dans les jardins.<\/p>\n<p><strong>LES NOCTURNES DE LA VILLA 2025<\/strong> &#8211; Le soleil couchant vient embraser la chambre de B\u00e9atrice, les bougies se mettent \u00e0 \u00e9clairer le jardin, la Villa ouvre ses portes et ses jardins : bienvenue \u00e0 l\u2019\u00e9dition 2025 des Nocturnes de la Villa !<br \/>Cet \u00e9t\u00e9 encore, Muriel Mayette-Holtz et l\u2019Acad\u00e9mie des beaux-arts vous invitent pour 7 semaines de soir\u00e9es magiques, les lundis et mardis, en compagnie d\u2019artistes passionn\u00e9s, venant de divers horizons. Un moment suspendu, une fl\u00e2nerie de d\u00e9but de soir\u00e9e, o\u00f9 l\u2019on profite d\u2019un pique-nique sur les pelouses du jardin \u00e0 la Fran\u00e7aise. L\u2019occasion aussi de d\u00e9couvrir les plus belles pi\u00e8ces de la collection de la baronne et les nouveaux salons de la Villa. Avant de s\u2019installer pour le spectacle&#8230;<br \/>La musique sous toutes ses formes va r\u00e9sonner sur les hauteurs de Saint Jean-Cap-Ferrat. Tout comme la promenade dans les 9 jardins de la Villa vous transporte d\u2019une ambiance \u00e0 l\u2019autre, la programmation vous fera voyager du Jazz &#8211; David Enhco &amp; Marc Perrenoud pour Chet Baker &#8211; au Classique &#8211; Laurent Petitgirard et l\u2019Orchestre National de Cannes &#8211; de la Trompette &#8211; Romain Leuleu en sextet &#8211; \u00e0 la Guitare &#8211; Thibault Cauvin &#8211; des m\u00e9lodies incontournables &#8211; Pierre G\u00e9nisson et Bruno Fontaine &#8211; \u00e0 l\u2019Op\u00e9ra Bouffe &#8211; The Opera Locos &#8211; de la Pop &#8211; Patxi Garat &#8211; au Big Band &#8211; David Enhco &amp; the Amazing Keystone Big Band &#8211; tout au long de l\u2019\u00e9t\u00e9.<br \/>Une invitation au voyage, \u00e0 la d\u00e9couverte et au plaisir. Avec en premier invit\u00e9 Thomas Dutronc, qui, le 14 juillet, ouvre avec \u00ab Il n\u2019est jamais trop tard \u00bb cette nouvelle saison \u00ab en feu d\u2019artifice \u00bb. Viendront aussi celle que l\u2019on a souvent qualifi\u00e9e de \u00ab premi\u00e8re Diva d\u2019Afrique \u00bb : Ang\u00e9lique Kidjo, ou encore Andr\u00e9 Manoukian et Rosemary Standley qui fredonneront sous la vo\u00fbte \u00e9toil\u00e9e les airs inoubliables de la chanson fran\u00e7aise. La musique sera bien accompagn\u00e9e tout au long de la f\u00eate : par la litt\u00e9rature, avec le journal de George Sand, d\u00e9voil\u00e9 par Marie Christine Barrault sur la musique de Chopin, ou encore avec Brigitte Fossey qui proposera un voyage au c\u0153ur des mots d\u2019amour de Flaubert.<br \/>Par la danse ensuite, avec Ga\u00ebl Rougegrez et la Compagnie GR infini, dont le huis-clos masculin viendra animer la terrasse de marbre.<br \/>Il ne manqait qu&rsquo;un maitre du myst\u00e8re pour des soir\u00e9es magiques&#8230; Lars\u00e8ne, grand magicien, viendra donc cet \u00e9t\u00e9 enrichir le solf\u00e8ge des disciplines.<br \/>Mettre les pieds dans l\u2019herbe, la t\u00eate sous les \u00e9toiles et ouvrir le c\u0153ur \u00e0 la musique, \u00e0 la force des mots ou \u00e0 la beaut\u00e9 du geste&#8230; voici ce que propose cette troisi\u00e8me \u00e9dition des Nocturnes de la Villa.<br \/>Il ne vous reste qu&rsquo;\u00e0 r\u00e9server pour l&rsquo;une ou l&rsquo;autre des 14 soir\u00e9es magiques, 14 propositions pour, \u00e0 la fois, profiter de l\u2019instant pr\u00e9sent mais aussi se construire des souvenirs inoubliables, en t\u00eate \u00e0 t\u00eate avec les artistes, sous le ciel de la C\u00f4te d&rsquo;Azur.<\/p>\n<p><strong>Les Nocturnes de la Villa 2025<br \/>Du 14 juillet au 26 ao\u00fbt 2025, les lundis et mardis<br \/>Villa Ephrussi de Rothschild<br \/>Saint-Jean-Cap-Ferrat<\/strong><br \/><a href=\"https:\/\/www.villa-ephrussi.com\/fr\/nocturnes-villa-2025-0\" target=\"_blank\" rel=\"noopener\">https:\/\/www.villa-ephrussi.com\/fr\/nocturnes-villa-2025-0<\/a><br \/>Ouverture au public \u00e0 20h00 &#8211; D\u00e9but du spectacle \u00e0 21h00<br \/>Tarif plein &#8211; 35\u20ac &#8211; Tarif enfant 7 \u00e0 17 ans &#8211; 20\u20ac<br \/>Formule Nocturne + Panier pique-nique (r\u00e9servation obligatoire en ligne) &#8211; 60\u20ac<br \/>Paniers uniquement sur r\u00e9servation en ligne avec votre billet. Box ap\u00e9ritive en vente au bar.<\/p>\n<p><strong>La Villa Ephrussi de Rothschild organise deux D\u00eeners gastronomiques baptis\u00e9s :<br \/>D\u00eener sous les \u00e9toiles <br \/>D\u00eener gastronomique By Robuchon Monaco dans le jardin \u00e0 la fran\u00e7aise<br \/>Jeudi 24 juillet &amp; Jeudi 21 ao\u00fbt 2025<br \/>Villa Ephrussi De Rothschild<\/strong> <br \/>www.villa-ephrussi.com <br \/>Uniquement sur r\u00e9servations, \u00e0 titre individuel<br \/>Limit\u00e9 \u00e0 50 personnes par soir\u00e9e<br \/>250 euros par personne tout compris<\/p>\n<p>Menu Gastronomique Robuchon Monaco, boissons incluses <br \/>En partenariat avec les Maisons Robuchon Monaco &amp; Options Sud Est <br \/>D\u00e9tail sur le site internet<br \/>Pour c\u00e9l\u00e9brer l\u2019entr\u00e9e de la gastronomie \u00e0 l\u2019Acad\u00e9mie des beaux-arts, la Villa Ephrussi de Rothschild ouvre ses jardins \u00e0 deux soir\u00e9es d\u2019exception.<br \/>Au menu D\u00eener sous les \u00e9toiles, Observation astronomique<br \/>et D\u00e9couverte des collections en mouvement et des nouvelles perspectives des Jardins.<br \/>Une constellation de moments inoubliables !<\/p>\n<p><strong>Programme<\/strong><br \/>20 h Ouverture de la villa<br \/>21 h d\u00eener sign\u00e9 Robuchon Monaco dans le jardin \u00e0 la fran\u00e7aise<br \/>23 h Mapping<\/p>\n<p>.Copyright \u00a92025 NRV Nice Rendezvous. Tous droits r\u00e9serv\u00e9s. <br \/>@ actualites_nrv #Nice06<\/p>\n<p><img loading=\"lazy\" decoding=\"async\" style=\"margin-right: 20px; margin-bottom: 2px; float: left;\" alt=\"logo-nicerendezvous\" src=\"https:\/\/www.europesays.com\/fr\/wp-content\/uploads\/2025\/04\/logo-nrdv.jpg\" height=\"40\" width=\"40\"\/>Toutes les actualit\u00e9s les plus r\u00e9centes de <strong>NRV<\/strong>, <strong>NiceRendezVous<\/strong>, le site de rencontre avec les \u00e9v\u00e9nements, la culture et l&rsquo;histoire de <strong>Nice, de la C\u00f4te d&rsquo;Azur et de la Principaut\u00e9 de Monaco<\/strong>, sont pr\u00e9sent\u00e9es<a target=\"_blank\" title=\"Les actus r\u00e9centes de Nice-RendezVous sur Google actualit\u00e9s\" href=\"http:\/\/news.google.fr\/news\/search?pz=1&amp;cf=i&amp;ned=fr&amp;hl=fr&amp;q=site%3Anicerendezvous.com&amp;scoring=n&amp;ict=ln\" rel=\"noopener\"> ici par <strong>Google actualit\u00e9<\/strong><\/a><\/p>\n<p id=\"slidetag\">\u00a0<\/p>\n","protected":false},"excerpt":{"rendered":"Les Nocturnes de la Villa reviennent du 14 juillet au 26 ao\u00fbt 2025, les lundis et mardis, \u00e0&hellip;\n","protected":false},"author":2,"featured_media":9501,"comment_status":"","ping_status":"","sticky":false,"template":"","format":"standard","meta":{"footnotes":""},"categories":[2819],"tags":[17,1111,11,13563,1777,674,1011,27,12,2401,30283,882,25,13564,7825],"class_list":{"0":"post-169041","1":"post","2":"type-post","3":"status-publish","4":"format-standard","5":"has-post-thumbnail","7":"category-nice","8":"tag-17","9":"tag-actu","10":"tag-actualites","11":"tag-ephrussi","12":"tag-eu","13":"tag-europe","14":"tag-fr","15":"tag-france","16":"tag-news","17":"tag-nice","18":"tag-nocturnes","19":"tag-provence-alpes-cote-dazur","20":"tag-republique-francaise","21":"tag-rothschild","22":"tag-villa"},"share_on_mastodon":{"url":"https:\/\/pubeurope.com\/@fr\/114666520198472073","error":""},"_links":{"self":[{"href":"https:\/\/www.europesays.com\/fr\/wp-json\/wp\/v2\/posts\/169041","targetHints":{"allow":["GET"]}}],"collection":[{"href":"https:\/\/www.europesays.com\/fr\/wp-json\/wp\/v2\/posts"}],"about":[{"href":"https:\/\/www.europesays.com\/fr\/wp-json\/wp\/v2\/types\/post"}],"author":[{"embeddable":true,"href":"https:\/\/www.europesays.com\/fr\/wp-json\/wp\/v2\/users\/2"}],"replies":[{"embeddable":true,"href":"https:\/\/www.europesays.com\/fr\/wp-json\/wp\/v2\/comments?post=169041"}],"version-history":[{"count":0,"href":"https:\/\/www.europesays.com\/fr\/wp-json\/wp\/v2\/posts\/169041\/revisions"}],"wp:featuredmedia":[{"embeddable":true,"href":"https:\/\/www.europesays.com\/fr\/wp-json\/wp\/v2\/media\/9501"}],"wp:attachment":[{"href":"https:\/\/www.europesays.com\/fr\/wp-json\/wp\/v2\/media?parent=169041"}],"wp:term":[{"taxonomy":"category","embeddable":true,"href":"https:\/\/www.europesays.com\/fr\/wp-json\/wp\/v2\/categories?post=169041"},{"taxonomy":"post_tag","embeddable":true,"href":"https:\/\/www.europesays.com\/fr\/wp-json\/wp\/v2\/tags?post=169041"}],"curies":[{"name":"wp","href":"https:\/\/api.w.org\/{rel}","templated":true}]}}