{"id":169054,"date":"2025-06-11T20:09:12","date_gmt":"2025-06-11T20:09:12","guid":{"rendered":"https:\/\/www.europesays.com\/fr\/169054\/"},"modified":"2025-06-11T20:09:12","modified_gmt":"2025-06-11T20:09:12","slug":"un-nouveau-record-de-chaleur-enregistre-a-toulouse","status":"publish","type":"post","link":"https:\/\/www.europesays.com\/fr\/169054\/","title":{"rendered":"un nouveau record de chaleur enregistr\u00e9 \u00e0 Toulouse"},"content":{"rendered":"<p>            Par<br \/>\n        <strong><br \/>\n            <a href=\"https:\/\/actu.fr\/auteur\/marie-lamarque\" title=\"Consulter tous les articles de Marie Lamarque\" rel=\"nofollow noopener\" target=\"_blank\">Marie Lamarque<\/a><br \/>\n        <\/strong><\/p>\n<p>        Publi\u00e9 le<\/p>\n<p>            11 juin 2025 \u00e0 22h00        <\/p>\n<p>Si on se posait encore la question <a href=\"https:\/\/actu.fr\/occitanie\/toulouse_31555\/meteo-va-t-on-battre-un-record-de-chaleur-ces-prochains-jours-a-toulouse_62749906.html\" rel=\"nofollow noopener\" target=\"_blank\">il y a quelques jours<\/a>, c\u2019est d\u00e9sormais officiel. <a href=\"https:\/\/actu.fr\/toulouse\/\" rel=\"nofollow noopener\" target=\"_blank\">Toulouse<\/a> a de nouveau connu <strong>un record de chaleur<\/strong> ! Il a \u00e9t\u00e9 enregistr\u00e9 ce mercredi 11 juin 2025. Le thermom\u00e8tre a fortement grimp\u00e9, cela n\u2019aura pas \u00e9chapp\u00e9 aux Toulousains. \u00c0 17h, il a m\u00eame atteint les <strong>35\u00b0C<\/strong> selon les donn\u00e9es de <a href=\"https:\/\/www.infoclimat.fr\/observations-meteo\/temps-reel\/toulouse-blagnac\/07630.html\" rel=\"nofollow noopener\" target=\"_blank\">la station Toulouse-Blagnac<\/a>. Du jamais vu.<\/p>\n<p>35\u00b0C contre 34,4\u00b0C en 2017<\/p>\n<p class=\" wall-content\">Elle avait annonc\u00e9, une vague de chaleur exceptionnelle traverse la France. 35\u00b0C dans la Ville rose, \u00ab\u00a0ce seuil n\u2019avait jamais \u00e9t\u00e9 atteint aussi t\u00f4t dans la saison\u00a0\u00bb, commente le m\u00e9t\u00e9orologiste <strong>Guillaume S\u00e9chet<\/strong> :<\/p>\n<p class=\" wall-content\">\n<p class=\" wall-content\">Le dernier record enregistr\u00e9 pour un 11 juin remonte \u00e0 2017 avec <strong>34,4\u00b0C<\/strong>.<\/p>\n<p class=\" wall-content\">Et il faut remonter au 13 juin 2003 o\u00f9 il avait fait <strong>aussi 35\u00b0C \u00e0 Toulouse<\/strong>. Mais comme le souligne le professionnel, de telles valeurs, si t\u00f4t dans le mois de juin, sont inattendues. Et cette ann\u00e9e-l\u00e0, les habitants avaient m\u00eame connu <strong>38,1\u00b0C le 14 juin<\/strong> !<\/p>\n<p>La chaleur va-t-elle durer ?<\/p>\n<p class=\" wall-content\">Faut-il encore s\u2019attendre \u00e0 des telles temp\u00e9ratures pour la suite de la semaine ? Ce jeudi, les Toulousains devraient encore bien transpirer. M\u00e9t\u00e9o-France annonce 33\u00b0C dans l\u2019apr\u00e8s-midi (avec un ressenti de 40\u00b0C).<\/p>\n<p>Vid\u00e9os : en ce moment sur Actu<\/p>\n<p class=\" wall-content\">Ce pic de chaleur s\u2019explique par \u00ab\u2009un air chaud qui vient du sud de l\u2019Espagne et qui remonte vers nous, accentu\u00e9 par une petite d\u00e9pression venue du golfe de Gascogne, \u00e0 laquelle s\u2019ajoute un petit vent du sud\u2009\u00bb, avait d\u00e9taill\u00e9 <strong>Pascal Bourreau<\/strong>, ancien pr\u00e9visionniste M\u00e9t\u00e9o France, \u00e0 Actu Toulouse.<\/p>\n<p>Risque d\u2019orages pour vendredi<\/p>\n<p class=\" wall-content\">Des orages pourraient \u00e9clater ce vendredi 13 juin, ce qui devrait permettre, par la suite, de retrouver des valeurs plus proches des normales de saison et de passer sous la barre des 30\u00b0C, notamment ce dimanche.<\/p>\n<p>    <img   decoding=\"async\" loading=\"lazy\" src=\"https:\/\/www.europesays.com\/fr\/wp-content\/uploads\/2025\/06\/meteo-toulouse-previsions-960x640.png\" alt=\"Les pr\u00e9visions \u00e0 Toulouse.\" width=\"960\" height=\"640\"\/><br \/>\n    Les pr\u00e9visions \u00e0 Toulouse. (\u00a9Capture d\u2019\u00e9cran \/ M\u00e9t\u00e9o-France)<\/p>\n<p class=\" wall-content\">Suivez toute l\u2019actualit\u00e9 de vos villes et m\u00e9dias favoris en vous inscrivant \u00e0 <a href=\"https:\/\/moncompte.actu.fr\" title=\"D\u00e9couvez Mon Actu\" rel=\"nofollow noopener\" data-trk=\"{&quot;cta&quot;:{&quot;action&quot;:&quot;https:\\\/\\\/moncompte.actu.fr&quot;,&quot;category&quot;:&quot;mon compte&quot;,&quot;from&quot;:&quot;article footer&quot;,&quot;name&quot;:&quot;Mon actu&quot;,&quot;type&quot;:&quot;cta&quot;}}\" target=\"_blank\">Mon Actu<\/a>.<\/p>\n<ul class=\"ac-article-tag wall-content\">\n<li><a href=\"https:\/\/actu.fr\/tag\/meteo-france\" data-trk=\"{&quot;cta&quot;:{&quot;action&quot;:&quot;M\\u00e9t\\u00e9o France&quot;,&quot;category&quot;:&quot;tag&quot;,&quot;from&quot;:&quot;article footer&quot;,&quot;name&quot;:&quot;M\\u00e9t\\u00e9o France&quot;,&quot;type&quot;:&quot;cta&quot;}}\" rel=\"nofollow noopener\" target=\"_blank\">#M\u00e9t\u00e9o France<\/a><\/li>\n<li><a href=\"https:\/\/actu.fr\/tag\/vague-de-chaleur\" data-trk=\"{&quot;cta&quot;:{&quot;action&quot;:&quot;Vague de chaleur&quot;,&quot;category&quot;:&quot;tag&quot;,&quot;from&quot;:&quot;article footer&quot;,&quot;name&quot;:&quot;Vague de chaleur&quot;,&quot;type&quot;:&quot;cta&quot;}}\" rel=\"nofollow noopener\" target=\"_blank\">#Vague de chaleur<\/a><\/li>\n<\/ul>\n","protected":false},"excerpt":{"rendered":"Par Marie Lamarque Publi\u00e9 le 11 juin 2025 \u00e0 22h00 Si on se posait encore la question il&hellip;\n","protected":false},"author":2,"featured_media":169055,"comment_status":"","ping_status":"","sticky":false,"template":"","format":"standard","meta":{"footnotes":""},"categories":[2816],"tags":[1111,11,1777,674,1011,27,2487,2357,12,2680,25,2312,15637],"class_list":{"0":"post-169054","1":"post","2":"type-post","3":"status-publish","4":"format-standard","5":"has-post-thumbnail","7":"category-toulouse","8":"tag-actu","9":"tag-actualites","10":"tag-eu","11":"tag-europe","12":"tag-fr","13":"tag-france","14":"tag-meteo","15":"tag-meteo-france","16":"tag-news","17":"tag-occitanie","18":"tag-republique-francaise","19":"tag-toulouse","20":"tag-vague-de-chaleur"},"share_on_mastodon":{"url":"https:\/\/pubeurope.com\/@fr\/114666547988095793","error":""},"_links":{"self":[{"href":"https:\/\/www.europesays.com\/fr\/wp-json\/wp\/v2\/posts\/169054","targetHints":{"allow":["GET"]}}],"collection":[{"href":"https:\/\/www.europesays.com\/fr\/wp-json\/wp\/v2\/posts"}],"about":[{"href":"https:\/\/www.europesays.com\/fr\/wp-json\/wp\/v2\/types\/post"}],"author":[{"embeddable":true,"href":"https:\/\/www.europesays.com\/fr\/wp-json\/wp\/v2\/users\/2"}],"replies":[{"embeddable":true,"href":"https:\/\/www.europesays.com\/fr\/wp-json\/wp\/v2\/comments?post=169054"}],"version-history":[{"count":0,"href":"https:\/\/www.europesays.com\/fr\/wp-json\/wp\/v2\/posts\/169054\/revisions"}],"wp:featuredmedia":[{"embeddable":true,"href":"https:\/\/www.europesays.com\/fr\/wp-json\/wp\/v2\/media\/169055"}],"wp:attachment":[{"href":"https:\/\/www.europesays.com\/fr\/wp-json\/wp\/v2\/media?parent=169054"}],"wp:term":[{"taxonomy":"category","embeddable":true,"href":"https:\/\/www.europesays.com\/fr\/wp-json\/wp\/v2\/categories?post=169054"},{"taxonomy":"post_tag","embeddable":true,"href":"https:\/\/www.europesays.com\/fr\/wp-json\/wp\/v2\/tags?post=169054"}],"curies":[{"name":"wp","href":"https:\/\/api.w.org\/{rel}","templated":true}]}}