{"id":169058,"date":"2025-06-11T20:11:22","date_gmt":"2025-06-11T20:11:22","guid":{"rendered":"https:\/\/www.europesays.com\/fr\/169058\/"},"modified":"2025-06-11T20:11:22","modified_gmt":"2025-06-11T20:11:22","slug":"on-fait-quoi-a-lille-ce-week-end-5-idees-du-13-au-15-juin-2025","status":"publish","type":"post","link":"https:\/\/www.europesays.com\/fr\/169058\/","title":{"rendered":"On fait quoi \u00e0 Lille ce week-end ? 5 id\u00e9es du 13 au 15 juin 2025"},"content":{"rendered":"<p class=\"intro\">Lille s&rsquo;anime pour un week-end qui promet d&rsquo;\u00eatre riche en \u00e9motions\u00a0! Du 13 au 15 juin 2025, la m\u00e9tropole lilloise vous propose un cocktail d\u00e9tonnant de spectacles, d&rsquo;expositions et d&rsquo;animations pour tous les go\u00fbts. D\u00e9couvrez notre s\u00e9lection des 5 \u00e9v\u00e9nements qui feront vibrer votre week-end. \u00c0 vos agendas\u00a0!\u00a0<\/p>\n<p><a data-lightbox=\"article\" data-title=\"Des id\u00e9es sorties pour ce week-end du 13 au 15 juin \u00e0 Lille : notre s\u00e9lection DR\" class=\"image detail fullwidth\" href=\"https:\/\/www.jds.fr\/medias\/image\/on-fait-quoi-a-lille-ce-week-end-5-idees-du-13-au--641963-1200-0-F.webp\" title=\"Des id\u00e9es sorties pour ce week-end du 13 au 15 juin \u00e0 Lille : notre s\u00e9lection DR\" rel=\"nofollow noopener\" target=\"_blank\"><br \/>\n<img decoding=\"async\" loading=\"lazy\" src=\"https:\/\/www.europesays.com\/fr\/wp-content\/uploads\/2025\/06\/on-fait-quoi-a-lille-ce-week-end-5-idees-du-13-au--641963-1200-0.webp.webp\"   alt=\"Des id\u00e9es sorties pour ce week-end du 13 au 15 juin \u00e0 Lille : notre s\u00e9lection\" class=\"shortcode_image border\"\/><br \/>\n\u00a9 DR<br \/>\nDes id\u00e9es sorties pour ce week-end du 13 au 15 juin \u00e0 Lille : notre s\u00e9lection<br \/>\n<\/a>\n<\/p>\n<p class=\"mise_en_avant\"><strong>Pr\u00e9visions m\u00e9t\u00e9o ce week-end\u00a0:<\/strong> Parapluies recommand\u00e9s pour vendredi et samedi avec pluie mod\u00e9r\u00e9e et temp\u00e9ratures de 27\u00b0C \u00e0 21\u00b0C, avant un dimanche plus frais (19\u00b0C) et simplement nuageux.<\/p>\n<p>1\/ [Coup de\u00a0\u2764\ufe0f JDS] Les Humoristes France Inter &#8211; Un tsunami de rires au Z\u00e9nith<\/p>\n<p>Ne manquez pas <a href=\"https:\/\/www.jds.fr\/lille\/spectacles\/humour\/les-humoristes-france-inter-on-ne-plaisante-pas-avec-l-humour-716776_A\" rel=\"nofollow noopener\" target=\"_blank\">Les Humoristes France Inter &#8211; On Ne Plaisante Pas avec l&rsquo;Humour \u00e0 Lille<\/a> qui d\u00e9barque au Z\u00e9nith ce samedi 14 juin\u00a0! \ud83c\udfad Sous la houlette espi\u00e8gle de Daniel Morin, ce plateau exceptionnel r\u00e9unira les talents qui font rire des millions d&rsquo;auditeurs chaque jour sur les ondes. Tyranniques mais g\u00e9n\u00e9reux, suffisants mais attachants, ces humoristes vous garantissent un moment unique. Notre r\u00e9daction a craqu\u00e9 pour ce concentr\u00e9 de talents r\u00e9unis sur une m\u00eame sc\u00e8ne.<\/p>\n<p>\ud83d\udca1 <strong>Notre conseil\u00a0:<\/strong> Arrivez en avance pour profiter pleinement de l&rsquo;ambiance et \u00e9viter le stress de derni\u00e8re minute. Les spectacles au Z\u00e9nith commencent souvent pile \u00e0 l&rsquo;heure\u00a0!<\/p>\n<p>\ud83d\udccd Z\u00e9nith de Lille | Lille<br \/>\ud83d\udcc5 Du 14\/06\/2025 au 28\/06\/2026<\/p>\n<p class=\"mise_en_avant\">\ud83d\udc49 <a href=\"https:\/\/www.jds.fr\/lille\/spectacles\/humour\/les-humoristes-france-inter-on-ne-plaisante-pas-avec-l-humour-716776_A\" rel=\"nofollow noopener\" target=\"_blank\">[Coup de\u00a0\u2764\ufe0f JDS] Les Humoristes France Inter &#8211; On Ne Plaisante Pas avec l&rsquo;Humour\u00a0: toutes les informations<\/a><\/p>\n<p><a class=\"btn btn-lg shadow-lg btn-primary rounded-pill fnac_link\" data-fnac=\"in_article\" href=\"https:\/\/www.awin1.com\/pclick.php?p=41216385544&amp;a=634278&amp;m=12494&amp;clickref=in_article-A-desktop\" target=\"_blank\" rel=\"nofollow noopener\"> Acheter des billets<\/a><\/p>\n<p>2\/ Charlie Haid &#8211; Mentalisme et myst\u00e8res vendredi 13, frissons garantis<\/p>\n<p>Rendez-vous au Splendid pour d\u00e9couvrir <a href=\"https:\/\/www.jds.fr\/lille\/spectacles\/charlie-haid-intensement-mentaliste-638095_A\" rel=\"nofollow noopener\" target=\"_blank\">Charlie Haid &#8211; Intens\u00e9ment Mentaliste \u00e0 Lille<\/a>, un spectacle qui repousse les fronti\u00e8res de l&rsquo;esprit\u00a0! \ud83d\udd2e \u00c0 la fois dr\u00f4le, souriant et bluffant, ce mentaliste collabore avec Fabien Olicard pour vous proposer une soir\u00e9e haute en intensit\u00e9. Entre lecture de pens\u00e9es et manipulation subtile du libre arbitre, pr\u00e9parez-vous \u00e0 \u00eatre stup\u00e9faits. Nous avons s\u00e9lectionn\u00e9 cet \u00e9v\u00e9nement pour son timing parfait &#8211; quoi de mieux qu&rsquo;un spectacle de mentalisme un vendredi 13\u00a0?<\/p>\n<p>\ud83d\udca1 <strong>Notre conseil\u00a0:<\/strong> Venez l&rsquo;esprit ouvert et acceptez de participer si l&rsquo;occasion se pr\u00e9sente\u00a0! Les volontaires vivent souvent les exp\u00e9riences les plus m\u00e9morables durant ce type de spectacle.<\/p>\n<p>\ud83d\udccd Le Splendid | Lille<br \/>\ud83d\udcc5 Le 13\/06\/2025<\/p>\n<p class=\"mise_en_avant\">\ud83d\udc49 <a href=\"https:\/\/www.jds.fr\/lille\/spectacles\/charlie-haid-intensement-mentaliste-638095_A\" rel=\"nofollow noopener\" target=\"_blank\">Charlie Haid &#8211; Intens\u00e9ment Mentaliste\u00a0: toutes les informations<\/a><\/p>\n<p><a class=\"btn btn-lg shadow-lg btn-primary rounded-pill fnac_link\" data-fnac=\"in_article\" href=\"https:\/\/www.awin1.com\/pclick.php?p=39139825502&amp;a=634278&amp;m=12494&amp;clickref=in_article-A-desktop\" target=\"_blank\" rel=\"nofollow noopener\"> Acheter des billets<\/a><\/p>\n<p>3\/ Pom Pom Pidou &#8211; L&rsquo;art moderne s&rsquo;invite au Tripostal avec audace<\/p>\n<p>Plongez dans l&rsquo;univers de l&rsquo;art contemporain avec <a href=\"https:\/\/www.jds.fr\/lille\/expos\/pom-pom-pidou-un-recit-renversant-de-l-art-moderne-936180_A\" rel=\"nofollow noopener\" target=\"_blank\">l&rsquo;exposition Pom Pom Pidou \u00e0 Lille<\/a>\u00a0! \ud83c\udfa8 Le Tripostal accueille les chefs-d&rsquo;\u0153uvre du Centre Pompidou pour un parcours artistique renversant sur trois niveaux. Une exposition qui montre comment le champ de la cr\u00e9ation n&rsquo;a cess\u00e9 d&rsquo;\u00eatre chamboul\u00e9 et agit\u00e9 au cours du XXe si\u00e8cle jusqu&rsquo;\u00e0 aujourd&rsquo;hui. Nous avons choisi cet \u00e9v\u00e9nement pour sa capacit\u00e9 \u00e0 rendre l&rsquo;art moderne accessible \u00e0 tous, m\u00eame aux plus r\u00e9fractaires.<\/p>\n<p>\ud83d\udca1 <strong>Notre conseil\u00a0:<\/strong> Profitez des horaires \u00e9tendus du week-end pour visiter l&rsquo;exposition \u00e0 votre rythme, et n&rsquo;h\u00e9sitez pas \u00e0 prendre le temps de vous asseoir face aux \u0153uvres qui vous interpellent pour mieux les appr\u00e9cier.<\/p>\n<p>\ud83d\udccd Le Tripostal | Lille<br \/>\ud83d\udcc5 Du 11\/06\/2025 au 09\/11\/2025<\/p>\n<p class=\"mise_en_avant\">\ud83d\udc49 <a href=\"https:\/\/www.jds.fr\/lille\/expos\/pom-pom-pidou-un-recit-renversant-de-l-art-moderne-936180_A\" rel=\"nofollow noopener\" target=\"_blank\">Pom Pom Pidou, Un R\u00e9cit Renversant de l&rsquo;Art Moderne\u00a0: toutes les informations<\/a><\/p>\n<p><a class=\"btn btn-lg shadow-lg btn-primary rounded-pill fnac_link\" data-fnac=\"in_article\" href=\"https:\/\/www.awin1.com\/pclick.php?p=40978596291&amp;a=634278&amp;m=12494&amp;clickref=in_article-A-desktop\" target=\"_blank\" rel=\"nofollow noopener\"> Acheter des billets<\/a><\/p>\n<p>4\/ La Fiesta Lille-Oujda &#8211; Voyage culturel entre humour et musique<\/p>\n<p>Immergez-vous dans l&rsquo;ambiance festive de <a href=\"https:\/\/www.jds.fr\/lille\/concerts\/la-fiesta-lille-oujda-3-stand-up-bazar-comedy-concert-kamal-lmimouni-1015619_A\" rel=\"nofollow noopener\" target=\"_blank\">La Fiesta Lille-Oujda \u00e0 Wazemmes<\/a> ce dimanche 15 juin\u00a0! \ud83e\udd41 Au programme\u00a0: stand-up avec le Bazar Comedy Club \u00e0 17h suivi du concert\u00a0\u00ab\u00a0Nafas, le souffle des rives\u00a0\u00bb par Kamal Lmimouni \u00e0 19h. Sans oublier les animations gratuites sur la Place d&rsquo;Oujda d\u00e8s 14h (henn\u00e9, broderie, tamtams, boxe&#8230;). Un \u00e9v\u00e9nement qui c\u00e9l\u00e8bre les 20 ans de jumelage entre Lille et Oujda, ville marocaine riche de culture. Nous avons s\u00e9lectionn\u00e9 cette fiesta pour son ambiance chaleureuse et son programme \u00e9clectique.<\/p>\n<p>\ud83d\udca1 <strong>Notre conseil\u00a0:<\/strong> N&rsquo;oubliez pas de r\u00e9server vos places gratuites pour le stand-up ET le concert (deux r\u00e9servations distinctes n\u00e9cessaires) et arrivez t\u00f4t pour profiter des animations ext\u00e9rieures avant les spectacles.<\/p>\n<p>\ud83d\udccd Maison Folie Wazemmes, 70 rue des Sarrazins | Lille<br \/>\ud83d\udcc5 Le 15\/06\/2025<\/p>\n<p class=\"mise_en_avant\">\ud83d\udc49 <a href=\"https:\/\/www.jds.fr\/lille\/concerts\/la-fiesta-lille-oujda-3-stand-up-bazar-comedy-concert-kamal-lmimouni-1015619_A\" rel=\"nofollow noopener\" target=\"_blank\">La Fiesta Lille-Oujda #3 | STAND UP Bazar Comedy &#8211; CONCERT Kamal Lmimouni\u00a0: toutes les informations<\/a><\/p>\n<p>5\/ Les P&rsquo;tits Kili &#8211; Un moment litt\u00e9raire magique pour les tout-petits<\/p>\n<p>Offrez \u00e0 vos bambins une douce initiation \u00e0 la litt\u00e9rature avec <a href=\"https:\/\/www.jds.fr\/lille\/foires-et-salons\/marches\/les-p-tits-kili-839473_A\" rel=\"nofollow noopener\" target=\"_blank\">Les P&rsquo;tits Kili \u00e0 Tourcoing<\/a>\u00a0! \ud83d\udcda Cette demi-heure du conte sp\u00e9cialement con\u00e7ue pour les tout-petits propose une d\u00e9couverte sensorielle des livres \u00e0 travers des mots, des images et des couleurs. Un moment privil\u00e9gi\u00e9 pour \u00e9veiller la curiosit\u00e9 des plus jeunes d\u00e8s le vendredi matin. Nous avons ajout\u00e9 cet \u00e9v\u00e9nement \u00e0 notre s\u00e9lection pour permettre aux familles de d\u00e9buter le week-end en douceur avec un rendez-vous culturel adapt\u00e9 aux enfants.<\/p>\n<p>\ud83d\udca1 <strong>Notre conseil\u00a0:<\/strong> Apr\u00e8s la s\u00e9ance, prolongez l&rsquo;exp\u00e9rience en empruntant quelques livres pr\u00e9sent\u00e9s pendant l&rsquo;animation pour continuer la d\u00e9couverte \u00e0 la maison.<\/p>\n<p>\ud83d\udccd 285 boulevard Descat | Tourcoing<br \/>\ud83d\udcc5 Le 13\/06\/2025<\/p>\n<p class=\"mise_en_avant\">\ud83d\udc49 <a href=\"https:\/\/www.jds.fr\/lille\/foires-et-salons\/marches\/les-p-tits-kili-839473_A\" rel=\"nofollow noopener\" target=\"_blank\">Les P\u00b4tits Kili\u00a0: toutes les informations<\/a><\/p>\n<p class=\"font-size-30 fw-bold lh-1 mt-0 mb-4\">Je trouve les meilleures sorties dans ma ville<\/p>\n","protected":false},"excerpt":{"rendered":"Lille s&rsquo;anime pour un week-end qui promet d&rsquo;\u00eatre riche en \u00e9motions\u00a0! Du 13 au 15 juin 2025, la&hellip;\n","protected":false},"author":2,"featured_media":169059,"comment_status":"","ping_status":"","sticky":false,"template":"","format":"standard","meta":{"footnotes":""},"categories":[2815],"tags":[1111,11,1777,674,1011,27,811,1307,12,25],"class_list":{"0":"post-169058","1":"post","2":"type-post","3":"status-publish","4":"format-standard","5":"has-post-thumbnail","7":"category-lille","8":"tag-actu","9":"tag-actualites","10":"tag-eu","11":"tag-europe","12":"tag-fr","13":"tag-france","14":"tag-hauts-de-france","15":"tag-lille","16":"tag-news","17":"tag-republique-francaise"},"share_on_mastodon":{"url":"https:\/\/pubeurope.com\/@fr\/114666555626831424","error":""},"_links":{"self":[{"href":"https:\/\/www.europesays.com\/fr\/wp-json\/wp\/v2\/posts\/169058","targetHints":{"allow":["GET"]}}],"collection":[{"href":"https:\/\/www.europesays.com\/fr\/wp-json\/wp\/v2\/posts"}],"about":[{"href":"https:\/\/www.europesays.com\/fr\/wp-json\/wp\/v2\/types\/post"}],"author":[{"embeddable":true,"href":"https:\/\/www.europesays.com\/fr\/wp-json\/wp\/v2\/users\/2"}],"replies":[{"embeddable":true,"href":"https:\/\/www.europesays.com\/fr\/wp-json\/wp\/v2\/comments?post=169058"}],"version-history":[{"count":0,"href":"https:\/\/www.europesays.com\/fr\/wp-json\/wp\/v2\/posts\/169058\/revisions"}],"wp:featuredmedia":[{"embeddable":true,"href":"https:\/\/www.europesays.com\/fr\/wp-json\/wp\/v2\/media\/169059"}],"wp:attachment":[{"href":"https:\/\/www.europesays.com\/fr\/wp-json\/wp\/v2\/media?parent=169058"}],"wp:term":[{"taxonomy":"category","embeddable":true,"href":"https:\/\/www.europesays.com\/fr\/wp-json\/wp\/v2\/categories?post=169058"},{"taxonomy":"post_tag","embeddable":true,"href":"https:\/\/www.europesays.com\/fr\/wp-json\/wp\/v2\/tags?post=169058"}],"curies":[{"name":"wp","href":"https:\/\/api.w.org\/{rel}","templated":true}]}}