{"id":16906,"date":"2025-04-11T09:12:12","date_gmt":"2025-04-11T09:12:12","guid":{"rendered":"https:\/\/www.europesays.com\/fr\/16906\/"},"modified":"2025-04-11T09:12:12","modified_gmt":"2025-04-11T09:12:12","slug":"le-fiasco-siri-raconte-de-linterieur","status":"publish","type":"post","link":"https:\/\/www.europesays.com\/fr\/16906\/","title":{"rendered":"le fiasco Siri racont\u00e9 de l&rsquo;int\u00e9rieur"},"content":{"rendered":"<p>Il est rare qu\u2019une entreprise aussi maniaque qu\u2019Apple d\u00e9rape, mais, quand c\u2019est le cas, cela se fait dans les grandes largeurs. Alors que la firme tente toujours de trouver la bonne approche face \u00e0 l\u2019essor de l\u2019intelligence artificielle, des nouvelles informations soulignent les dysfonctionnements internes \u00e0 l\u2019entreprise.<\/p>\n<p><img decoding=\"async\" class=\"wp-image wp-image\" src=\"https:\/\/www.europesays.com\/fr\/wp-content\/uploads\/2025\/04\/apple-intelligence-frandroid-p1066773-1200x800-1.jpg\" alt=\"\"\/><\/p>\n<p>Technologie d\u00e9pass\u00e9e, \u00e9quipes concurrentes et philosophie pas claire. Non, on ne parle pas ici du Microsoft des ann\u00e9es\u00a02000, mais bel et bien de l\u2019Apple de ce d\u00e9but des ann\u00e9es\u00a02020. Alors qu\u2019on savait d\u00e9j\u00e0 que <a href=\"https:\/\/www.frandroid.com\/marques\/apple\/2543851_une-honte-absolue-la-crise-de-siri-explose-au-grand-jour-chez-apple\" target=\"_blank\" rel=\"noopener\">le retard de livraison du nouveau Siri avait mis la pression sur les \u00e9quipes d\u2019Apple<\/a>, The Information <a href=\"https:\/\/www.theinformation.com\/articles\/apple-fumbled-siris-ai-makeover\" target=\"_blank\" rel=\"noreferrer noopener\">d\u00e9taille aujourd\u2019hui les raisons derri\u00e8re ce fiasco technologique rare<\/a>.<\/p>\n<p>Le m\u00e9dia sp\u00e9cialis\u00e9 a pu interroger des sources en interne qui souligne un manque de leadership, d\u2019ambitions et de philosophie claire sur le sujet des grands mod\u00e8les de langage.<\/p>\n<p>Les chatbots, une technologie sans int\u00e9r\u00eat ?<\/p>\n<p>Le p\u00e9ch\u00e9 originel p\u00e8serait, semblerait-il, sur les \u00e9paules de John Giannandrea, le responsable de l\u2019IA chez Apple, que beaucoup en interne accusent de manque de leadership et d\u2019ambitions. Face au succ\u00e8s de <a href=\"https:\/\/www.frandroid.com\/telecharger\/apps\/openai-chatgpt\" target=\"_blank\" rel=\"noopener\">ChatGPT<\/a> en 2022, l\u2019homme aurait conseill\u00e9 \u00e0 ses \u00e9quipes de ne pas y pr\u00eater plus d\u2019attention que \u00e7a, convaincu que les chatbots n\u2019apportaient pas de r\u00e9elles valeurs ajout\u00e9es pour les utilisateurs et utilisatrices.<\/p>\n<p>Durant les ann\u00e9es qui suivirent et face au s\u00e9isme ChatGPT, le responsable de Siri se f\u00e9licitait de son c\u00f4t\u00e9 d\u2019avoir r\u00e9duit de quelques secondes le temps de r\u00e9ponse de Siri et d\u2019avoir supprim\u00e9 le \u00ab\u2009Hey\u2009\u00bb de \u00ab\u2009Hey Siri\u2009\u00bb. Une prouesse qui aura pris deux ans aux \u00e9quipes IA de la firme. En interne, les \u00e9quipes responsables de Siri avaient carr\u00e9ment h\u00e9rit\u00e9 du douloureux surnom de \u00ab\u2009AImless\u2009\u00bb qui joue \u00e0 la fois sur l\u2019acronyme anglais d\u2019intelligence artificielle, tout en signifiant \u00ab\u2009sans but\u2009\u00bb ou \u00ab\u2009absent\u2009\u00bb.<\/p>\n<p class=\"shortcode-container see-more\">\n    Pour aller plus loin<br \/><a href=\"https:\/\/www.frandroid.com\/os\/ios\/2535703_apple-repousse-son-siri-nouvelle-generation-la-grosse-mise-a-jour-est-retardee\" target=\"_blank\" rel=\"noopener\">Apple repousse son Siri nouvelle g\u00e9n\u00e9ration, la grosse mise \u00e0 jour est retard\u00e9e<\/a>\n            <\/p>\n<p>Face \u00e0 ce manque d\u2019ambitions et aux changements constants de strat\u00e9gie au sein de la firme, une autre \u00e9quipe surnomm\u00e9e \u00ab\u2009Intelligent Systems\u2009\u00bb est mont\u00e9e en parall\u00e8le sous la coupe de Craig Federighi. Responsable du d\u00e9veloppement logiciel. Une r\u00e9ponse \u00e0 des mois de tensions croissantes entre les \u00e9quipes Siri et le reste d\u2019Apple.<\/p>\n<p>D\u00e9mo douteuse<\/p>\n<p>En 2024, la pression et le retard s\u2019accumulant, Apple prend la d\u00e9cision critique de pipeauter une d\u00e9mo technique. Durant la WWDC\u00a02024, <a href=\"https:\/\/www.frandroid.com\/marques\/apple\/2044130_siri-lassistant-dapple-devient-bien-plus-poussee-grace-a-lia-sur-iphone-mac-et-ipad\" target=\"_blank\" rel=\"noopener\">le \u00ab\u2009nouveau\u2009\u00bb Siri est montr\u00e9 sur sc\u00e8ne avec sa capacit\u00e9 \u00e0 fouiller dans les mails, les messages ou \u00e0 anticiper les d\u00e9placements<\/a>. Sauf que\u2026 tout \u00e9tait faux, except\u00e9 le bandeau lumineux qui apparaissait sur les bords de l\u2019\u00e9cran lors de l\u2019invocation de l\u2019assistant personnel.<\/p>\n<p><img class=\"wp-image\" decoding=\"async\" src=\"https:\/\/www.europesays.com\/fr\/wp-content\/uploads\/2025\/04\/image-7-29.jpg\" alt=\"\"\/><\/p>\n<p>Ses fonctionnalit\u00e9s \u00e9taient bien en pr\u00e9paration, mais les \u00e9quipes de Siri \u00ab\u2009n\u2019avaient jamais vu ces outils r\u00e9ellement fonctionner\u2009\u00bb. La pr\u00e9sentation en public \u00e0 l\u2019\u00e9t\u00e9\u00a02024 a donc \u00e9t\u00e9 une \u00ab\u2009surprise\u2009\u00bb pour les employ\u00e9s de la firme. Surtout qu\u2019historiquement, Apple s\u2019\u00e9tait toujours assur\u00e9 de ne montrer durant ses keynote que des outils dont le d\u00e9veloppement \u00e9tait suffisamment avanc\u00e9 et dont la date de sortie \u00e9tait ferme. Justement pour \u00e9viter ce genre de d\u00e9convenue.<\/p>\n<p>Au del\u00e0 des conflits internes et des surnoms d\u00e9sobligeants, <a href=\"https:\/\/www.frandroid.com\/marques\/apple\/2540475_crise-chez-apple-le-retard-du-nouveau-siri-pourrait-couter-cher-a-la-marque\" target=\"_blank\" rel=\"noopener\">comme le soulignait le journaliste John Gruber il y a peu<\/a>, c\u2019est la confiance dans les annonces d\u2019Apple qui a \u00e9t\u00e9 ici \u00e9branl\u00e9e. Avec la quasi-confirmation qu\u2019Apple a trich\u00e9 lors d\u2019une de ses d\u00e9mos techniques, il devient difficile de prendre le reste de ses annonces au s\u00e9rieux.<\/p>\n<p><strong><a href=\"https:\/\/www.twitch.tv\/frandroidlive\" target=\"_blank\" rel=\"noopener\">Notre \u00e9mission Twitch SURVOLT\u00c9S<\/a><\/strong>, c\u2019est un mercredi sur deux de 18h \u00e0 20h : retrouvez-nous pour parler voiture \u00e9lectrique ou v\u00e9lo \u00e9lectrique, autour de d\u00e9bats, d\u2019interviews, d\u2019analyses et de jeux !<\/p>\n","protected":false},"excerpt":{"rendered":"Il est rare qu\u2019une entreprise aussi maniaque qu\u2019Apple d\u00e9rape, mais, quand c\u2019est le cas, cela se fait dans&hellip;\n","protected":false},"author":2,"featured_media":16907,"comment_status":"","ping_status":"","sticky":false,"template":"","format":"standard","meta":{"footnotes":""},"categories":[7],"tags":[733,1011,27,6886,43,40,41,39,1767,42,44],"class_list":{"0":"post-16906","1":"post","2":"type-post","3":"status-publish","4":"format-standard","5":"has-post-thumbnail","7":"category-sciences-et-technologies","8":"tag-apple","9":"tag-fr","10":"tag-france","11":"tag-keynote","12":"tag-science","13":"tag-science-and-technology","14":"tag-sciences","15":"tag-sciences-et-technologies","16":"tag-siri","17":"tag-technologies","18":"tag-technology"},"share_on_mastodon":{"url":"https:\/\/pubeurope.com\/@fr\/114318563461890249","error":""},"_links":{"self":[{"href":"https:\/\/www.europesays.com\/fr\/wp-json\/wp\/v2\/posts\/16906","targetHints":{"allow":["GET"]}}],"collection":[{"href":"https:\/\/www.europesays.com\/fr\/wp-json\/wp\/v2\/posts"}],"about":[{"href":"https:\/\/www.europesays.com\/fr\/wp-json\/wp\/v2\/types\/post"}],"author":[{"embeddable":true,"href":"https:\/\/www.europesays.com\/fr\/wp-json\/wp\/v2\/users\/2"}],"replies":[{"embeddable":true,"href":"https:\/\/www.europesays.com\/fr\/wp-json\/wp\/v2\/comments?post=16906"}],"version-history":[{"count":0,"href":"https:\/\/www.europesays.com\/fr\/wp-json\/wp\/v2\/posts\/16906\/revisions"}],"wp:featuredmedia":[{"embeddable":true,"href":"https:\/\/www.europesays.com\/fr\/wp-json\/wp\/v2\/media\/16907"}],"wp:attachment":[{"href":"https:\/\/www.europesays.com\/fr\/wp-json\/wp\/v2\/media?parent=16906"}],"wp:term":[{"taxonomy":"category","embeddable":true,"href":"https:\/\/www.europesays.com\/fr\/wp-json\/wp\/v2\/categories?post=16906"},{"taxonomy":"post_tag","embeddable":true,"href":"https:\/\/www.europesays.com\/fr\/wp-json\/wp\/v2\/tags?post=16906"}],"curies":[{"name":"wp","href":"https:\/\/api.w.org\/{rel}","templated":true}]}}