{"id":169060,"date":"2025-06-11T20:12:09","date_gmt":"2025-06-11T20:12:09","guid":{"rendered":"https:\/\/www.europesays.com\/fr\/169060\/"},"modified":"2025-06-11T20:12:09","modified_gmt":"2025-06-11T20:12:09","slug":"soprano-gardien-de-marseille-pour-son-premier-role-principal-au-cinema","status":"publish","type":"post","link":"https:\/\/www.europesays.com\/fr\/169060\/","title":{"rendered":"Soprano, gardien de Marseille pour son premier r\u00f4le principal au cin\u00e9ma"},"content":{"rendered":"<p>\u00ab\u00a0Je m\u2019en occupe, c\u2019est ma ville.\u00a0\u00bb Le <a href=\"https:\/\/www.laprovence.com\/article\/culture-loisirs\/7098175658924314\/ed-sheeran-apercu-avec-le-maillot-de-lom-et-jouant-a-la-petanque-en-compagnie-de-soprano-a-marseille\" target=\"_blank\" rel=\"noopener\">rappeur marseillais<\/a> Soprano campe le premier r\u00f4le du film Marius et les gardiens de la cit\u00e9 phoc\u00e9enne, r\u00e9alis\u00e9 par Tony Datis. Une com\u00e9die familiale qui sortira le 9\u00a0juillet 2025, dans laquelle il incarne un<a href=\"https:\/\/www.laprovence.com\/article\/sortie-loisirs\/42067728499854\/video-soprano-lenfant-de-marseille-qui-aime-sa-ville-comme-une-mere-simprovise-guide-touristique-de-la-cite-phoceenne\" target=\"_blank\" rel=\"noopener\"> guide touristique<\/a> en qu\u00eate du c\u0153ur de Massalia, tr\u00e9sor de la ville phoc\u00e9enne. Le long-m\u00e9trage \u00e9tait diffus\u00e9 ce mardi 10\u00a0juin en<a href=\"https:\/\/www.laprovence.com\/article\/culture-loisirs\/69632032033314\/le-rappeur-soprano-a-vitrolles-pour-lavant-premiere-du-film-marius-et-les-gardiens-de-la-cite-phoceenne\" target=\"_blank\" rel=\"noopener\"> avant-premi\u00e8re au CGR Vitrolles<\/a>. Un premier rendez-vous \u00e0 l\u2019issue duquel nous avons rencontr\u00e9 l\u2019artiste qui confiait sa \u00ab\u00a0h\u00e2te de conna\u00eetre l\u2019avis du grand public\u00a0\u00bb, qui va d\u00e9couvrir une autre facette de l\u2019artiste aux multiples casquettes, entre musique et t\u00e9l\u00e9vision.<\/p>\n<p><strong>D\u2019o\u00f9 est venue votre envie de faire du cin\u00e9ma\u00a0?<\/strong>&#13;\n<\/p>\n<p>Je suis un fan de films et de s\u00e9ries. Le r\u00e9alisateur Tony Datis a fait la plupart de mes clips. On aime tous les deux Les Goonies, Indiana Jones, Retour vers le futur et tous ces films des ann\u00e9es\u00a080-90 qui faisaient r\u00eaver. Un jour il m\u2019a dit\u00a0: \u00ab\u00a0Je ferai un film \u00e0 Marseille\u00a0\u00bb. Et quand le moment est venu, il m\u2019a demand\u00e9 d\u2019incarner le premier r\u00f4le. J\u2019avais tout fait sauf \u00e7a, alors on a fonc\u00e9\u00a0! Je suis en mode \u00e9l\u00e8ve, je viens de commencer et c\u2019est int\u00e9ressant de voir la diff\u00e9rence entre la promo d\u2019un disque et celle d\u2019un film.<\/p>\n<p><strong>Le r\u00f4le vous a demand\u00e9 beaucoup de pr\u00e9paration\u00a0?<\/strong>&#13;\n<\/p>\n<p>Pendant un mois, j\u2019ai pris des cours d\u2019acting avec un prof. Je travaillais deux fois par semaine, sans m\u2019attendre pour autant \u00e0 avoir un jeu d\u2019acteur extraordinaire. Je ne cherchais pas \u00e0 \u00eatre Denzel Washington, c\u2019est mon premier r\u00f4le\u00a0! Je voulais simplement \u00eatre juste et m\u2019acclimater \u00e0 l\u2019environnement du cin\u00e9ma. J\u2019ai beaucoup de respect pour le travail des acteurs, on n\u2019a pas forc\u00e9ment \u00e7a dans la peau.<\/p>\n<p><strong>Le parler Marseille est bien repr\u00e9sent\u00e9 dans le film. Est-ce qu\u2019il y a eu de l\u2019improvisation\u00a0?<\/strong>&#13;\n<\/p>\n<p>Oui, beaucoup d\u2019impros\u00a0! Tony Datis est originaire de Limoges mais il habite \u00e0 Paris. Quand il \u00e9crivait le script, il \u00e9tait beaucoup dans le clich\u00e9, utilisant des expressions \u00e0 l\u2019ancienne. Je lui ai propos\u00e9 de venir quelques mois \u00e0 Marseille pour entendre les mots de notre quotidien et s\u2019impr\u00e9gner de la ville. Par exemple, le moment o\u00f9 les fr\u00e8res Katsoupoulos arrivent sur le terrain de p\u00e9tanque, un joueur crache. Il ne devait y en avoir qu\u2019un, mais un autre s\u2019est mis \u00e0 le faire, puis un troisi\u00e8me\u00a0! Finalement, on a gard\u00e9 la prise. Il n\u2019y a qu\u2019\u00e0 Marseille que l\u2019on peut retrouver cette d\u00e9sinvolture.<\/p>\n","protected":false},"excerpt":{"rendered":"\u00ab\u00a0Je m\u2019en occupe, c\u2019est ma ville.\u00a0\u00bb Le rappeur marseillais Soprano campe le premier r\u00f4le du film Marius et&hellip;\n","protected":false},"author":2,"featured_media":169061,"comment_status":"","ping_status":"","sticky":false,"template":"","format":"standard","meta":{"footnotes":""},"categories":[2814],"tags":[17,1111,11,251,1777,674,1011,27,8772,884,12,471,7910,882,25,20363,3711,10826],"class_list":{"0":"post-169060","1":"post","2":"type-post","3":"status-publish","4":"format-standard","5":"has-post-thumbnail","7":"category-marseille","8":"tag-17","9":"tag-actu","10":"tag-actualites","11":"tag-culture","12":"tag-eu","13":"tag-europe","14":"tag-fr","15":"tag-france","16":"tag-gardien","17":"tag-marseille","18":"tag-news","19":"tag-pour","20":"tag-premier","21":"tag-provence-alpes-cote-dazur","22":"tag-republique-francaise","23":"tag-role","24":"tag-son","25":"tag-soprano"},"share_on_mastodon":{"url":"https:\/\/pubeurope.com\/@fr\/114666559590958669","error":""},"_links":{"self":[{"href":"https:\/\/www.europesays.com\/fr\/wp-json\/wp\/v2\/posts\/169060","targetHints":{"allow":["GET"]}}],"collection":[{"href":"https:\/\/www.europesays.com\/fr\/wp-json\/wp\/v2\/posts"}],"about":[{"href":"https:\/\/www.europesays.com\/fr\/wp-json\/wp\/v2\/types\/post"}],"author":[{"embeddable":true,"href":"https:\/\/www.europesays.com\/fr\/wp-json\/wp\/v2\/users\/2"}],"replies":[{"embeddable":true,"href":"https:\/\/www.europesays.com\/fr\/wp-json\/wp\/v2\/comments?post=169060"}],"version-history":[{"count":0,"href":"https:\/\/www.europesays.com\/fr\/wp-json\/wp\/v2\/posts\/169060\/revisions"}],"wp:featuredmedia":[{"embeddable":true,"href":"https:\/\/www.europesays.com\/fr\/wp-json\/wp\/v2\/media\/169061"}],"wp:attachment":[{"href":"https:\/\/www.europesays.com\/fr\/wp-json\/wp\/v2\/media?parent=169060"}],"wp:term":[{"taxonomy":"category","embeddable":true,"href":"https:\/\/www.europesays.com\/fr\/wp-json\/wp\/v2\/categories?post=169060"},{"taxonomy":"post_tag","embeddable":true,"href":"https:\/\/www.europesays.com\/fr\/wp-json\/wp\/v2\/tags?post=169060"}],"curies":[{"name":"wp","href":"https:\/\/api.w.org\/{rel}","templated":true}]}}